{"id":21332,"date":"2018-09-03T09:09:12","date_gmt":"2018-09-03T07:09:12","guid":{"rendered":"https:\/\/srcekrajine.org\/?p=21332"},"modified":"2018-09-03T09:09:12","modified_gmt":"2018-09-03T07:09:12","slug":"zasto-mi-niko-nikad-nije-rekao-izvini","status":"publish","type":"post","link":"https:\/\/srcekrajine.org\/?p=21332","title":{"rendered":"Za\u0161to mi niko nikad nije rekao &#8211; izvini"},"content":{"rendered":"<p><strong>Dragan Vuji\u010di\u0107 \/\u00a0<\/strong>02.09.2018.<\/p>\n<p><img decoding=\"async\" src=\"https:\/\/www.kurir.rs\/data\/images\/2017\/12\/21\/15\/1358433_haski-sud_ff.jpg?ver=1535905625\" alt=\"\" \/><\/p>\n<p>Iako nisam sudija nego univerzitetski profesor zainteresovan za prevenciju doga\u0111aja, smatram da u Srebrenici jula 1995. srpska vojska nije po\u010dinila genocid.\u00a0 Dogodilo se svakako masovno ubistvo, ali formulacija &#8222;genocid&#8220; ne stoji. Nemam ni\u0161ta protiv novog istra\u017eivanja doga\u0111aja u Podrinju koji je inicirala Vlada Republike Srpske, me\u0111utim mora se voditi ra\u010duna da se ne povredi dostojanstvo \u017ertava.\u00a0Mo\u017eda, novi izve\u0161taj eksperata poka\u017ee i za\u0161to se ovaj zlo\u010din zaista dogodio, ka\u017ee\u00a0profesorka Jukije Osa sa Univeriziteta Rikio u Tokiju, koja je 2007. doktorirala u Japanu upravo na temi &#8211; Srebrenica.<!--more--><\/p>\n<p>Profesorka, koja doga\u0111aje na Balkanu prati jo\u0161 od 1991, kada je kao \u010dlan humanitarne organizacije AAR prvi put do\u0161la u na\u0161 region, otkriva da njena izu\u010davanja imaju i prakti\u010dnu vrednost jer su poslu\u017eila tamo\u0161njem ministarstvu odbrane i vojsci da se upoznaju sa trendovima u me\u0111unarodnom humanitarnom pravu, pi\u0161u Ve\u010dernje novosti.<\/p>\n<p>&nbsp;<\/p>\n<div class=\"ads\">\u00a0&#8222;Sada sam u Beogradu povodom istra\u017eivanja dometa Ha\u0161kog tribunala. Taj sud nikad nije funkcionisao u sistemu me\u0111unarodnog prava, nego je njegova uloga bila da doprinese miru u regionu Balkana. Dakle, njegova uloga je bila geografski ome\u0111ena. To \u0161to je u njemu za 25 godina rada okrivljeno ubedljivo najvi\u0161e Srba dovodi u sumnju njegovu objektivnost, nije doprineo miru i poverenju naroda.&#8220;<\/div>\n<p><strong>Na glavnom Nirnber\u0161kom procesu 1945. osu\u0111ena su 24 nema\u010dka ratna zlo\u010dinca, a na Tokijskom procesu 28. U Hagu &#8211; \u010dak 105 Srba&#8230;<\/strong><\/p>\n<p>Dobra stvar na oba su\u0111enja je to \u0161to se jasno sankcionisalo nedozvoljeno pona\u0161anje vojnika i politi\u010dara u ratu, ali u presudama je bilo i nepravdi, \u0161to je manjkavost. Ipak su to bila su\u0111enja koja su organizovali pobednici u ratu. Kada je u pitanju Hag, svako mo\u017ee da donosi svoje zaklju\u010dke.<\/p>\n<p><strong>Iza ha\u0161kih su\u0111enja ostalo je mnogo dokumenata?<\/strong><\/p>\n<p>Za ozbiljnu nau\u010dnu studiju gotovo sva se moraju pregledati. Analizom pojedina\u010dnih slu\u010dajeva ne dobija se konkretna slika.<\/p>\n<p><strong>Susreli ste se ovih dana i sa Du\u0161kom Tadi\u0107em, prvim ha\u0161kim osu\u0111enikom koji je 1997. dobio 20 godina zatvora?<\/strong><\/p>\n<p>Njegov slu\u010daj, pored li\u010dne drame, nosi i najmanje tri presedana u vezi sa me\u0111unarodnim sudovima. Prvo, kada je po\u010delo su\u0111enje nastao je ozbiljan spor oko legitimiteta samog suda. Drugo \u0161to sam uo\u010dila jeste da se &#8222;presedan Tadi\u0107&#8220; koristi kao kriterijum za su\u0111enja u me\u0111unarodnim sukobima, ali i sukobima koji nemaju me\u0111unarodni karakter. Tre\u0107e \u0161to mi je bilo interesantno u njegovoj optu\u017enici jeste poku\u0161aj da se doka\u017ee da je, navodno, dr\u017eava njemu naredila da vr\u0161i zlo\u010dine. Razgovor sa Tadi\u0107em mi je rasvetlio mnoge nedoumice.<\/p>\n<p><strong>Tokijski procesi su traumatizovali Japance posle Drugog rata, a naro\u010dito dve ba\u010dene atomske bombe<\/strong>.<\/p>\n<p>Poznavala sam \u010doveka iz Hiro\u0161ime koji je nedavno umro i koji se do kraja \u017eivota pitao: Za\u0161to mi niko nikad nije rekao &#8211; izvini? Na spomeniku u Hiro\u0161imi pi\u0161e da je napravljen da podseti da se nikad vi\u0161e ne ponovi ova gre\u0161ka, ali ne i ko je po\u010dinio gre\u0161ku &#8211; Japanci, SAD, pilot koji je bacio bombu&#8230; Svesni smo da je \u017ertvama to bitno. Protiv Amerikanaca nikad nisu pokrenuti postupci&#8230; Amerikance niko nije gonio i zato jer su Hladnim ratom nastupile nove okolnosti i sklopljena nova savezni\u0161tva.<\/p>\n<p><strong>Usledilo je vojno rivalstvo sa Rusijom na Dalekom istoku, pa su SAD i Japan postali najve\u0107i saveznici?<\/strong><\/p>\n<p><span style=\"color: #333399;\">Tako je do danas. Japanci su u me\u0111uvremenu dosta promenili svoju svest i ako me pitate da li je na\u0161e savezni\u0161tvo sa SAD iskreno, mislim da uprkos istoriji, jeste.<\/span><\/p>\n<p>&nbsp;<\/p>\n","protected":false},"excerpt":{"rendered":"<p>Dragan Vuji\u010di\u0107 \/\u00a002.09.2018. Iako nisam sudija nego univerzitetski profesor zainteresovan za prevenciju doga\u0111aja, smatram da u Srebrenici jula 1995. srpska vojska nije po\u010dinila genocid.\u00a0 Dogodilo se svakako masovno ubistvo, ali formulacija &#8222;genocid&#8220; ne stoji. Nemam ni\u0161ta protiv novog istra\u017eivanja doga\u0111aja u Podrinju koji je inicirala Vlada Republike Srpske, me\u0111utim mora se voditi ra\u010duna da se [&hellip;]<\/p>\n","protected":false},"author":2,"featured_media":0,"comment_status":"open","ping_status":"open","sticky":false,"template":"","format":"standard","meta":{"footnotes":""},"categories":[1],"tags":[],"_links":{"self":[{"href":"https:\/\/srcekrajine.org\/index.php?rest_route=\/wp\/v2\/posts\/21332"}],"collection":[{"href":"https:\/\/srcekrajine.org\/index.php?rest_route=\/wp\/v2\/posts"}],"about":[{"href":"https:\/\/srcekrajine.org\/index.php?rest_route=\/wp\/v2\/types\/post"}],"author":[{"embeddable":true,"href":"https:\/\/srcekrajine.org\/index.php?rest_route=\/wp\/v2\/users\/2"}],"replies":[{"embeddable":true,"href":"https:\/\/srcekrajine.org\/index.php?rest_route=%2Fwp%2Fv2%2Fcomments&post=21332"}],"version-history":[{"count":1,"href":"https:\/\/srcekrajine.org\/index.php?rest_route=\/wp\/v2\/posts\/21332\/revisions"}],"predecessor-version":[{"id":21333,"href":"https:\/\/srcekrajine.org\/index.php?rest_route=\/wp\/v2\/posts\/21332\/revisions\/21333"}],"wp:attachment":[{"href":"https:\/\/srcekrajine.org\/index.php?rest_route=%2Fwp%2Fv2%2Fmedia&parent=21332"}],"wp:term":[{"taxonomy":"category","embeddable":true,"href":"https:\/\/srcekrajine.org\/index.php?rest_route=%2Fwp%2Fv2%2Fcategories&post=21332"},{"taxonomy":"post_tag","embeddable":true,"href":"https:\/\/srcekrajine.org\/index.php?rest_route=%2Fwp%2Fv2%2Ftags&post=21332"}],"curies":[{"name":"wp","href":"https:\/\/api.w.org\/{rel}","templated":true}]}}