{"id":21347,"date":"2018-09-04T09:03:03","date_gmt":"2018-09-04T07:03:03","guid":{"rendered":"https:\/\/srcekrajine.org\/?p=21347"},"modified":"2018-09-04T09:03:03","modified_gmt":"2018-09-04T07:03:03","slug":"u-hrvatskoj-se-traga-za-2-000-ljudi","status":"publish","type":"post","link":"https:\/\/srcekrajine.org\/?p=21347","title":{"rendered":"U Hrvatskoj se traga za 2.000 ljudi"},"content":{"rendered":"<p><span class=\"author\">V. CRNjANSKI SPASOJEVI\u0106<\/span>\u00a0| 04. septembar 2018.<\/p>\n<p><img decoding=\"async\" src=\"http:\/\/www.novosti.rs\/upload\/thumbs\/images\/2018b\/\/09\/03n\/04-u-hrvatskoj_620x0.jpg\" alt=\" \" \/><\/p>\n<p>KOLIKI je ta\u010dan broj nestalih na podru\u010dju biv\u0161e Jugoslavije za kojima se traga niko i dalje, vi\u0161e od dve decenije po okon\u010danju sukoba, ne zna. Jedinstven spisak onih za kojima se jo\u0161 traga, identifikacija ekshumiranih posmrtnih ostataka i ekshumacija novih, bi\u0107e teme sastanka u utorak specijalnog izaslanika predsednika Srbije za pitanja nestalih Verana Mati\u0107a, i njegovog kolege, posebnog savetnika hrvatske predsednice, Ivice Vrki\u0107a.<!--more--><\/p>\n<p>Prema podacima Me\u0111unarodnog komiteta Crvenog krsta, u oru\u017eanim sukobima na prostoru biv\u0161e Jugoslavije nestalo je oko 40.000 lica, a i dalje se traga za 10.281. Od ovog broja 1.648 na KiM, 2.027 u Hrvatskoj i 6.606 u BiH. Prema podacima Komisije za nestale Vlade Srbije, tra\u017ee se 662 nestala Srbina iz Hrvatske, 370 iz Srbije i 695 lica koja su na operativnoj listi (lica za koja postoje saznanja da su nestala, ali nisu prijavljena po standardima Me\u0111unarodnog Crvenog krsta). Sa Hrvatske strane tra\u017ee se 1.952 osobe, me\u0111u kojima 900 Srba. Na &#8222;Veritasovom&#8220; spisku nestalih nalazi se, pak, 1.786 osoba &#8211; sa podru\u010dja Hrvatske 1.731 i 55 iz BiH.<\/p>\n<p>&#8211; Ovo je prvi sastanak na kojem \u0107emo razgovarati o budu\u0107oj misiji. U proteklom periodu pri\u010dao sam sa predstavnicima Komisije za nestale Vlade Srbije, udru\u017eenjima nestalih i drugim institucijama koje se bave ovim pitanjima. Dobio sam presek stanja i izvukao zaklju\u010dke zbog \u010dega nije bilo ve\u0107ih pomaka u re\u0161avanju slu\u010dajeva nestalih. Verujem da \u0107emo danas razgovarati o ovim informacijama i na osnovu njih napraviti prioritete u radu &#8211; ka\u017ee Veran Mati\u0107, za &#8222;Novosti&#8220;.<\/p>\n<p>On napominje da njihova uloga nije da zamene postoje\u0107e institucije, ve\u0107 da procese u\u010dine efikasnijim, prona\u0111u nove puteve da dobiju konkretne informacije o mestima stradanja, stvore uslove da ve\u0107 locirana mesta (prema nekim podacima ima ih vi\u0161e od 70 identifikovanih) \u0161to pre budu ekshumirana, i da se tela koja se ve\u0107 nalaze u nadle\u017enim institucijama (ima ih vi\u0161e od 400) \u0161to pre identifikuju i uporede sa DNK ro\u0111aka koji su prijavili slu\u010dajeve nestanaka.<\/p>\n<p>&#8211; Ivicu Vrki\u0107a dugo poznajem i verujem da bez ikakvog optere\u0107enja vezanog za aktuelne politi\u010dke odnose mo\u017eemo praviti plan rada i vremenske okvire za realizaciju &#8211; ka\u017ee Mati\u0107.<\/p>\n<p>Sa podru\u010dja Hrvatske od 2001. iz masovnih, zajedni\u010dkih i pojedina\u010dnih grobnica ekshumirana su 1.334 le\u0161a, od \u010dega 406 jo\u0161 nije identifikovano.<\/p>\n<p><b>O NOVINARU SIMI KLjAJI\u0106U<\/b><\/p>\n<p>OBAVEZNO \u0107u se raspitati o sudbini nestalog novinara, biv\u0161eg urednika &#8222;Li\u010dkog vijesnika&#8220; Sime Kljaji\u0107a, koji se vodi kao nestao od oktobra 1991, u Gospi\u0107u. Bilo je informacija da je identifikovan, ali porodica nije dobila nikakve relevantne informacije, pa \u0107e to biti jedna od tema razgovara &#8211; ka\u017ee Mati\u0107, za &#8222;Novosti&#8220;.<\/p>\n<p>&nbsp;<\/p>\n","protected":false},"excerpt":{"rendered":"<p>V. CRNjANSKI SPASOJEVI\u0106\u00a0| 04. septembar 2018. KOLIKI je ta\u010dan broj nestalih na podru\u010dju biv\u0161e Jugoslavije za kojima se traga niko i dalje, vi\u0161e od dve decenije po okon\u010danju sukoba, ne zna. Jedinstven spisak onih za kojima se jo\u0161 traga, identifikacija ekshumiranih posmrtnih ostataka i ekshumacija novih, bi\u0107e teme sastanka u utorak specijalnog izaslanika predsednika Srbije [&hellip;]<\/p>\n","protected":false},"author":2,"featured_media":0,"comment_status":"open","ping_status":"open","sticky":false,"template":"","format":"standard","meta":{"footnotes":""},"categories":[1],"tags":[],"_links":{"self":[{"href":"https:\/\/srcekrajine.org\/index.php?rest_route=\/wp\/v2\/posts\/21347"}],"collection":[{"href":"https:\/\/srcekrajine.org\/index.php?rest_route=\/wp\/v2\/posts"}],"about":[{"href":"https:\/\/srcekrajine.org\/index.php?rest_route=\/wp\/v2\/types\/post"}],"author":[{"embeddable":true,"href":"https:\/\/srcekrajine.org\/index.php?rest_route=\/wp\/v2\/users\/2"}],"replies":[{"embeddable":true,"href":"https:\/\/srcekrajine.org\/index.php?rest_route=%2Fwp%2Fv2%2Fcomments&post=21347"}],"version-history":[{"count":1,"href":"https:\/\/srcekrajine.org\/index.php?rest_route=\/wp\/v2\/posts\/21347\/revisions"}],"predecessor-version":[{"id":21348,"href":"https:\/\/srcekrajine.org\/index.php?rest_route=\/wp\/v2\/posts\/21347\/revisions\/21348"}],"wp:attachment":[{"href":"https:\/\/srcekrajine.org\/index.php?rest_route=%2Fwp%2Fv2%2Fmedia&parent=21347"}],"wp:term":[{"taxonomy":"category","embeddable":true,"href":"https:\/\/srcekrajine.org\/index.php?rest_route=%2Fwp%2Fv2%2Fcategories&post=21347"},{"taxonomy":"post_tag","embeddable":true,"href":"https:\/\/srcekrajine.org\/index.php?rest_route=%2Fwp%2Fv2%2Ftags&post=21347"}],"curies":[{"name":"wp","href":"https:\/\/api.w.org\/{rel}","templated":true}]}}