{"id":21455,"date":"2018-09-10T17:06:43","date_gmt":"2018-09-10T15:06:43","guid":{"rendered":"https:\/\/srcekrajine.org\/?p=21455"},"modified":"2018-09-10T17:06:43","modified_gmt":"2018-09-10T15:06:43","slug":"gujon-zabranjen-mi-je-ulazak-na-kim-na-neodredeno","status":"publish","type":"post","link":"https:\/\/srcekrajine.org\/?p=21455","title":{"rendered":"Gujon: Zabranjen mi je ulazak na KiM na neodre\u0111eno"},"content":{"rendered":"<p><span class=\"author\">Tanjug<\/span>\u00a0| 10. septembar 2018.<\/p>\n<p><img decoding=\"async\" src=\"http:\/\/www.novosti.rs\/upload\/thumbs\/images\/2018b\/\/09\/10\/gujon-macak1_620x0.jpg\" alt=\" Ilustracija Foto:  Z. Jovanovi\u0107\" \/><\/p>\n<p>BEOGRAD &#8211; Osniva\u010d francuske humanitarne organizacije &#8222;Solidarnost za Kosovo&#8220; Arno Gujon dobio je zabranu ulaska na KiM na neodre\u0111eno vreme.<!--more--><\/p>\n<p>Kako je Gujon rekao Tanjugu, zadr\u017eali su ga na administrativnom punktu Merdare, potom su ga priveli i ispitivali i onda mu je &#8222;uru\u010dena zabrana ulaska na neodre\u0111eno vreme bez ikakvog obrazlo\u017eenje&#8220;.<\/p>\n<p>&#8222;Sada je moj humanitarni rad doveden u pitanje&#8220;, rekao je Gujon vidno uznemiren, i dodao da je svakog meseca i\u0161ao na KiM gde je boravio po nedelju dana, pratio humanitarne akcije, razgovarao sa ljudima&#8230;<\/p>\n<p>Dodao je da ima pravo na \u017ealbu, \u0161to \u0107e svakako iskoristiti.<\/p>\n<p>&#8222;Cilj im je da privode ne samo Srbe ve\u0107 i one koji poma\u017eu Srbima u enklavama&#8220;, rekao je Gujon.<\/p>\n<p>Pored Gujona, kosovska policija zadr\u017eala je i dvojicu njegovih saputnika, aktivista humantirane organizacije &#8222;Srbi za Srbe&#8220;.<\/p>\n<p>Gujon je trebalo da prisustvuje otvaranju farme \u017eivine za potrebe narodne kuhinje Ra\u0161ko-prizrenske eparhije u srpskom selu Prekovce kod Novog Brda.<\/p>\n<p><b>\u0110URI\u0106: PRIVO\u0110ENjE GUJONA DOKAZ ANTISRPSKE PRIRODE STRUKTURA MO\u0106I U PRI\u0160TINI<\/b><\/p>\n<p>Direktor Kancelarije za Kosovo i Metohiju Marko \u0110uri\u0107 osudio je, kako je naveo, privo\u0111enje francuskog humanitarca Arnoa Gujona na administrativnom prelazu Merdare.<\/p>\n<p>&#8222;Jedini greh Gujona je to \u0161to poma\u017ee Srbima i \u0161to uspe\u0161no svetom pronosi istinu o stradanjima i obespravljenosti srpskog naroda na Kosovu i Metohiji, a njegovo zadr\u017eavanje na administrativnom prelazu Merdare je upravo dokaz su\u0161tinske antisrpske prirode pojedinih struktura mo\u0107i u Pri\u0161tini&#8220;, naveo je \u0110uri\u0107.<\/p>\n<p>On je ocenio da je Pri\u0161tina, time \u0161to je Gujonu zabranila slobodno kretanje Kosovom i obavljanje filantropskog rada, pogazila elementarna na\u010dela humanosti na kojima po\u010diva civilizovan svet.<\/p>\n<p>&#8222;Albanskom narodu nije strana humanost, me\u0111utim pojedine zlo\u010dina\u010dke strukture u Pri\u0161tini ne znaju za humanost, ili barem misle da Srbi imaju manja prava od ostalih ljudskih bi\u0107a&#8220;, ocenio je \u0110uri\u0107<\/p>\n<p>On je dodao da &#8222;suluda&#8220; odluka da se Gujonu prakti\u010dno zabrani rad &#8222;potpuno razotkriva \u0161ovinisti\u010dku prirodu dela vladaju\u0107ih struktura u Pri\u0161tini&#8220; i dodao da me\u0111unarodna zajednica mora da bude upozorena, jer slede\u0107i korak mo\u017ee biti &#8222;zatvaranje Srba u geta i njihovo formalno stavljanje u rang bi\u0107a drugog reda&#8220;.<\/p>\n<p>&nbsp;<\/p>\n","protected":false},"excerpt":{"rendered":"<p>Tanjug\u00a0| 10. septembar 2018. BEOGRAD &#8211; Osniva\u010d francuske humanitarne organizacije &#8222;Solidarnost za Kosovo&#8220; Arno Gujon dobio je zabranu ulaska na KiM na neodre\u0111eno vreme.<\/p>\n","protected":false},"author":2,"featured_media":0,"comment_status":"open","ping_status":"open","sticky":false,"template":"","format":"standard","meta":{"footnotes":""},"categories":[1],"tags":[],"_links":{"self":[{"href":"https:\/\/srcekrajine.org\/index.php?rest_route=\/wp\/v2\/posts\/21455"}],"collection":[{"href":"https:\/\/srcekrajine.org\/index.php?rest_route=\/wp\/v2\/posts"}],"about":[{"href":"https:\/\/srcekrajine.org\/index.php?rest_route=\/wp\/v2\/types\/post"}],"author":[{"embeddable":true,"href":"https:\/\/srcekrajine.org\/index.php?rest_route=\/wp\/v2\/users\/2"}],"replies":[{"embeddable":true,"href":"https:\/\/srcekrajine.org\/index.php?rest_route=%2Fwp%2Fv2%2Fcomments&post=21455"}],"version-history":[{"count":1,"href":"https:\/\/srcekrajine.org\/index.php?rest_route=\/wp\/v2\/posts\/21455\/revisions"}],"predecessor-version":[{"id":21456,"href":"https:\/\/srcekrajine.org\/index.php?rest_route=\/wp\/v2\/posts\/21455\/revisions\/21456"}],"wp:attachment":[{"href":"https:\/\/srcekrajine.org\/index.php?rest_route=%2Fwp%2Fv2%2Fmedia&parent=21455"}],"wp:term":[{"taxonomy":"category","embeddable":true,"href":"https:\/\/srcekrajine.org\/index.php?rest_route=%2Fwp%2Fv2%2Fcategories&post=21455"},{"taxonomy":"post_tag","embeddable":true,"href":"https:\/\/srcekrajine.org\/index.php?rest_route=%2Fwp%2Fv2%2Ftags&post=21455"}],"curies":[{"name":"wp","href":"https:\/\/api.w.org\/{rel}","templated":true}]}}