{"id":21632,"date":"2018-09-28T08:39:37","date_gmt":"2018-09-28T06:39:37","guid":{"rendered":"https:\/\/srcekrajine.org\/?p=21632"},"modified":"2018-09-28T08:39:37","modified_gmt":"2018-09-28T06:39:37","slug":"humanost-bez-premca","status":"publish","type":"post","link":"https:\/\/srcekrajine.org\/?p=21632","title":{"rendered":"HUMANOST BEZ PREMCA"},"content":{"rendered":"<p><span class=\"author\">R. \u0160egrt D. Novkovi\u0107<\/span>\u00a0| 27. septembar 2018.<\/p>\n<p><img decoding=\"async\" src=\"http:\/\/www.novosti.rs\/upload\/thumbs\/images\/2018b\/\/09\/26n\/13-petorica3_620x0.jpg\" alt=\" Jovan Mijatovi\u0107 , Damir Komleni\u0107 i Sava Zori\u0107, Foto R. \u0160egrt \" \/><\/p>\n<p>Srbija je ovih dana dobila petoricu heroja koji su spremni da daruju svoju ko\u017eu dvojici te\u0161ko povre\u0111enih radnika NIS-a iz Kikinde. Jedan od njih je Jovan Mijatovi\u0107 (22), momak iz Banatskog Despotovca. On je donirao ko\u017eu kolegama koje i ne poznaje, Dejanu Jerinki\u0107u (30) i Goranu Belan\u010di\u0107u (34), koji su te\u0161ko povre\u0111eni pro\u0161log \u010detvrtka u po\u017earu, na naftnoj bu\u0161otini \u201cBramalj 3\u201d u Bradarcu kod Po\u017earevca. Jerinki\u0107 je zadobio opekotine drugog i tre\u0107eg stepena na 60 odsto tela, a Belan\u010di\u0107 ima isti stepen o\u0161te\u0107enja na 45 odsto ko\u017ee.<\/p>\n<p><!--more--><\/p>\n<p>U utorak su operisani davaoci Jovan Mijatovi\u0107 i Sava Zori\u0107 iz Kikinde i njihova ko\u017ea je bila melem na rane Dejana Jerinki\u0107a. A,\u00a0u sredu\u00a0je novu ko\u017eu dobio i Goran Belan\u010di\u0107.<\/p>\n<p>Posle operacije Jovan se dobro ose\u0107a i istog dana je bio spreman da razgovara s nama.<\/p>\n<p>&#8211; Odli\u010dno se ose\u0107am, sve je dobro pro\u0161lo i ni\u0161ta me ne boli. Mislio sam da \u0107u imati ve\u0107e bolove, ali je, zasada, hvala bogu, sve dobro. Nadam se da \u0107e i povre\u0111ene kolege biti dobro i da \u0107e se dobro oporaviti. Malo je nezgodno jedino \u0161to moramo da le\u017eimo na le\u0111ima i da se ne pomeramo. Odlu\u010dio sam da darujem ko\u017eu, jer sam radnik NIS-a oko dve godine i ovako ne\u0161to se moglo i meni dogoditi &#8211; ka\u017ee Jovan, za koga kod ku\u0107e brinu roditelji, ali jo\u0161 vi\u0161e brat blizanac Predrag, stariji od njega svega deset minuta.<\/p>\n<p><i><b>Foto D. Novkovi\u0107, Naftna bu\u0161otina u Bradarcu kod Po\u017earevca<\/b><\/i><\/p>\n<div class=\"inlineImage_left\"><img decoding=\"async\" src=\"http:\/\/www.novosti.rs\/upload\/images\/2018b\/\/09\/26n\/13-petorica22.jpg\" alt=\"\" \/><\/div>\n<p>Istog dana operisan je i drugi donor Sava Zori\u0107 iz Kikinde, koji nije zaposlen u naftnoj kompaniji, ali je njegova \u017eelja da pomogne povre\u0111enim sugra\u0111anima velika \u201cko banatska ravnica\u201d.<\/p>\n<p>&#8211; Sava je u krevetu pored mog i dobro je. Trenutno spava. Jedino mu nedostaju cigarete, ali \u0107e se sada odvikavati od pu\u0161enja &#8211; na\u0161alio se hrabri Jovan Mijatovi\u0107.<\/p>\n<p>Zanimljivo je da su i njegov brat blizanac Predrag i njihov najstariji brat Marko (30) tako\u0111e \u017eeleli da budu davaoci ko\u017ee, ali to, zasad, nije bilo potrebno.<\/p>\n<p>&#8211; Niko od nas trojice ne poznaje povre\u0111ene kolege. Mo\u017eda smo se sretali s njima, ali ih li\u010dno ne poznajemo. Nadam se da \u0107e se oporaviti i da \u0107e biti dobro. Nas sva trojica radimo u NIS-u i znamo kako je na\u0161 posao rizi\u010dan. Svakome mo\u017ee da se desi ovo \u0161to se desilo njima &#8211; ka\u017ee Marko, najstariji od bra\u0107e Mijatovi\u0107.<\/p>\n<p>Mo\u017eda se davaoci ko\u017ee za te\u0161ko povre\u0111ene radnike NIS-a iz Kikinde ne bi tako brzo javili da se od srca nije anga\u017eovao jo\u0161 jedan mladi \u010dovek, Damir Komleni\u0107, kum povre\u0111enog Dejana. On je preko dru\u0161tvenih mre\u017ea i medija upoznao javnost sa te\u017einom povreda svojih kolega iz NIS-a i pozvao potencijalne donore da im pomognu. Javilo se \u010dak 19 mogu\u0107ih davalaca, a na kraju je odabrano pet najzdravijih i najpogodnijih za transplantaciju.<\/p>\n<p>&#8211; Dejan Jerinki\u0107 je moj kum, krstio mi je sina, poznajemo se pola \u017eivota, mnogo toga smo pro\u0161li zajedno i odlu\u010dio sam da mu pomognem kako znam i umem. Na sre\u0107u, na\u0111eni su adekavtni davaoci. I ja sam hteo da dam ko\u017eu, ali nisam mogao &#8211; ka\u017ee Damir Komleni\u0107, radnik NIS-a koji je pre nekoliko godine i sam do\u017eiveo povredu na poslu.<\/p>\n<p>Damir je za na\u0161 list rekao da \u0107e, ako budu potrebne dodatne transplantacije ko\u017ee, o \u010demu \u0107e ih lekari na vreme obavestiti, uputiti jo\u0161 jedan apel svim humanim ljudima.<\/p>\n<p>Povre\u0111eni radnici le\u010de se na Klinici za plasti\u010dnu i rekonstruktivnu hirurgiju u Beogradu, gde su dovezeni nakon po\u017eara. Tre\u0107i povre\u0111eni radnik Miroslav Radujko (45) iz Kikinde je na ku\u0107nom le\u010denju.<\/p>\n<p><b>Foto S. Milivojevi\u0107 \/\u00a0Radovan Gavran\u010di\u0107 ,\u00a0\u0110or\u0111e \u010ci\u010duli\u0107, Stojan Mi\u0161kovi\u0107<\/b><\/p>\n<div class=\"inlineImage_left\"><img decoding=\"async\" src=\"http:\/\/www.novosti.rs\/upload\/images\/2018b\/\/09\/26n\/13-petorica.jpg\" alt=\"\" \/><\/div>\n<p><b>PO\u017dRTVOVANOST<\/b><\/p>\n<p>Osim Jovana Mijatovi\u0107a i Save Zori\u0107a, donori ko\u017ee su i \u0110or\u0111e \u010ci\u010duli\u0107, Radovan Gavran\u010di\u0107 i Stojan Mi\u0161kovi\u0107, sva trojica iz Kikinde. Samo je Jovan radnik NIS-a, dok su \u010ci\u010duli\u0107 i Mi\u0161kovi\u0107 nezaposleni.<\/p>\n<p>&#8211; Vi\u0161e bi me bolelo da ovo nisam uradio &#8211; izjavio je Stojan Mi\u0161kovi\u0107, koji se oporavlja na Klinici za plasti\u010dnu i rekonstruktivnu hirurgiju u Beogradu.<\/p>\n<p>Za povre\u0111ene Jerinki\u0107a i Belan\u010di\u0107a odabrano je pet donora, po dva za svakog i jedan kao rezerva.<\/p>\n<p>Ina\u010de, transplantacija se obavlja tako \u0161to se ko\u017ea donora presa\u0111uje na najkriti\u010dnije delove tela povre\u0111enih radnika.<\/p>\n<p>&nbsp;<\/p>\n<p><b>PODR\u0160KA NIS<\/b><\/p>\n<p>Damir Komleni\u0107 isti\u010de da povre\u0111eni radnici, njihove kolege i prijatelji imaju svu pomo\u0107 i podr\u0161ku NIS-a, na \u010demu su im neizmerno zahvalni. Ina\u010de, ta\u010dan uzrok po\u017eara na bu\u0161otini \u201cBramalj 3\u201d u Bradarcu kod Po\u017earevca zvani\u010dno jo\u0161 nije poznat.<\/p>\n<p><b>ODAZVALO SE 3.500 LjUDI<\/b><\/p>\n<p>Akciji pokrenutoj pro\u0161log petka na inicijativu Damira Komleni\u0107a, za pomo\u0107 povre\u0111enim kolegama, za samo tri dana odazvalo se oko 3.500 ljudi. Za Dejana i Gorana bilo je neophodno obezbediti donore ko\u017ee, ali i donore 0 i B pozitivne krvne grupe. Svi koji su hteli da pomognu, u ponedeljak, 24. septembra, u dva autobusa prevezeni su u Beograd. Krv je dalo oko 50 ljudi.<\/p>\n<p>&nbsp;<\/p>\n","protected":false},"excerpt":{"rendered":"<p>R. \u0160egrt D. Novkovi\u0107\u00a0| 27. septembar 2018. Srbija je ovih dana dobila petoricu heroja koji su spremni da daruju svoju ko\u017eu dvojici te\u0161ko povre\u0111enih radnika NIS-a iz Kikinde. Jedan od njih je Jovan Mijatovi\u0107 (22), momak iz Banatskog Despotovca. On je donirao ko\u017eu kolegama koje i ne poznaje, Dejanu Jerinki\u0107u (30) i Goranu Belan\u010di\u0107u (34), [&hellip;]<\/p>\n","protected":false},"author":2,"featured_media":0,"comment_status":"open","ping_status":"open","sticky":false,"template":"","format":"standard","meta":{"footnotes":""},"categories":[1],"tags":[],"_links":{"self":[{"href":"https:\/\/srcekrajine.org\/index.php?rest_route=\/wp\/v2\/posts\/21632"}],"collection":[{"href":"https:\/\/srcekrajine.org\/index.php?rest_route=\/wp\/v2\/posts"}],"about":[{"href":"https:\/\/srcekrajine.org\/index.php?rest_route=\/wp\/v2\/types\/post"}],"author":[{"embeddable":true,"href":"https:\/\/srcekrajine.org\/index.php?rest_route=\/wp\/v2\/users\/2"}],"replies":[{"embeddable":true,"href":"https:\/\/srcekrajine.org\/index.php?rest_route=%2Fwp%2Fv2%2Fcomments&post=21632"}],"version-history":[{"count":1,"href":"https:\/\/srcekrajine.org\/index.php?rest_route=\/wp\/v2\/posts\/21632\/revisions"}],"predecessor-version":[{"id":21633,"href":"https:\/\/srcekrajine.org\/index.php?rest_route=\/wp\/v2\/posts\/21632\/revisions\/21633"}],"wp:attachment":[{"href":"https:\/\/srcekrajine.org\/index.php?rest_route=%2Fwp%2Fv2%2Fmedia&parent=21632"}],"wp:term":[{"taxonomy":"category","embeddable":true,"href":"https:\/\/srcekrajine.org\/index.php?rest_route=%2Fwp%2Fv2%2Fcategories&post=21632"},{"taxonomy":"post_tag","embeddable":true,"href":"https:\/\/srcekrajine.org\/index.php?rest_route=%2Fwp%2Fv2%2Ftags&post=21632"}],"curies":[{"name":"wp","href":"https:\/\/api.w.org\/{rel}","templated":true}]}}