{"id":21788,"date":"2018-10-10T23:33:04","date_gmt":"2018-10-10T21:33:04","guid":{"rendered":"https:\/\/srcekrajine.org\/2018\/10\/10\/instagram-pojacava-borbu-protiv-uznemiravanja\/"},"modified":"2018-10-10T23:33:04","modified_gmt":"2018-10-10T21:33:04","slug":"instagram-pojacava-borbu-protiv-uznemiravanja","status":"publish","type":"post","link":"https:\/\/srcekrajine.org\/?p=21788","title":{"rendered":"Instagram poja\u010dava borbu protiv uznemiravanja"},"content":{"rendered":"<div class=\"ftpimagefix\" style=\"float:left\"><a class=\"colorbox\" href=\"http:\/\/www.novosti.rs\/vesti\/naslovna\/tehnologije\/aktuelno.236.html:754072-Instagram-pojacava-borbu-protiv-uznemiravanja\"><img decoding=\"async\" width=\"150\" src=\"http:\/\/www.novosti.rs\/upload\/thumbs\/images\/2018b\/\/10\/10n\/icon-1562136_960_720_150x90.jpg\" align=\"right\"><\/a><\/div>\n<p>\t  \t\t  SAN FRANCISKO &#8211; Instagram aplikacija za distribuciju fotografija u vlasni\u0161tvu Fejsbuka dodala je funkciju protiv uznemiravanja, koriste\u0107i ve\u0161ta\u010dku inteligenciju za skeniranje fotografija kako bi identifikovala eventualno problemati\u010dne sadr\u017eaje. Ta funkcija automatski prepoznaje elemente uznemiravanja i izve\u0161tava o sadr\u017eaju. Potom zaposleni u Instagramu razmatraju da li \u0107e fotografija ostati ili biti uklonjenja, izjavio je direktor te aplikacije Adam Moseri. PRO\u010cITAJTE JO\u0160 &#8211; Instagram pre\u0161ao prag od milijardu korisnika   &#8222;To \u0107e nam pomo\u0107i da identifikujemo i uklonimo mnogo ve\u0107i broj uznemiravaju\u0107ih sadr\u017eaja&#8220;, rekao je Moseri i dodao da je to veliki korak jer mnoge &#8222;\u017ertve maltretiranja ne prijavljuju&#8220; uznemiravanja. Primena te funkcije postpeno \u0107e biti raspore\u0111ena tokom narednih nedelja na celokupni sistem Instagrama. Moseri je rekao da je uznemiravanje na internetu slo\u017eeno pitanje za re\u0161avanje i da \u0107e ekipa Instagrama raditi da ga \u0161to vi\u0161e ograni\u010di. <a href=\"http:\/\/www.novosti.rs\/vesti\/naslovna\/tehnologije\/aktuelno.236.html:754072-Instagram-pojacava-borbu-protiv-uznemiravanja\" class=\"colorbox\" id=\"rssmi_more\">[&#8230;]<\/a><\/p>\n","protected":false},"excerpt":{"rendered":"<p>SAN FRANCISKO &#8211; Instagram aplikacija za distribuciju fotografija u vlasni\u0161tvu Fejsbuka dodala je funkciju protiv uznemiravanja, koriste\u0107i ve\u0161ta\u010dku inteligenciju za skeniranje fotografija kako bi identifikovala eventualno problemati\u010dne sadr\u017eaje. Ta funkcija automatski prepoznaje elemente uznemiravanja i izve\u0161tava o sadr\u017eaju. Potom zaposleni u Instagramu razmatraju da li \u0107e fotografija ostati ili biti uklonjenja, izjavio je direktor te [&hellip;]<\/p>\n","protected":false},"author":1,"featured_media":21789,"comment_status":"open","ping_status":"open","sticky":false,"template":"","format":"standard","meta":{"footnotes":""},"categories":[15],"tags":[],"_links":{"self":[{"href":"https:\/\/srcekrajine.org\/index.php?rest_route=\/wp\/v2\/posts\/21788"}],"collection":[{"href":"https:\/\/srcekrajine.org\/index.php?rest_route=\/wp\/v2\/posts"}],"about":[{"href":"https:\/\/srcekrajine.org\/index.php?rest_route=\/wp\/v2\/types\/post"}],"author":[{"embeddable":true,"href":"https:\/\/srcekrajine.org\/index.php?rest_route=\/wp\/v2\/users\/1"}],"replies":[{"embeddable":true,"href":"https:\/\/srcekrajine.org\/index.php?rest_route=%2Fwp%2Fv2%2Fcomments&post=21788"}],"version-history":[{"count":0,"href":"https:\/\/srcekrajine.org\/index.php?rest_route=\/wp\/v2\/posts\/21788\/revisions"}],"wp:featuredmedia":[{"embeddable":true,"href":"https:\/\/srcekrajine.org\/index.php?rest_route=\/wp\/v2\/media\/21789"}],"wp:attachment":[{"href":"https:\/\/srcekrajine.org\/index.php?rest_route=%2Fwp%2Fv2%2Fmedia&parent=21788"}],"wp:term":[{"taxonomy":"category","embeddable":true,"href":"https:\/\/srcekrajine.org\/index.php?rest_route=%2Fwp%2Fv2%2Fcategories&post=21788"},{"taxonomy":"post_tag","embeddable":true,"href":"https:\/\/srcekrajine.org\/index.php?rest_route=%2Fwp%2Fv2%2Ftags&post=21788"}],"curies":[{"name":"wp","href":"https:\/\/api.w.org\/{rel}","templated":true}]}}