{"id":22029,"date":"2018-10-30T09:41:00","date_gmt":"2018-10-30T08:41:00","guid":{"rendered":"https:\/\/srcekrajine.org\/2018\/10\/30\/tviter-ukida-lajk\/"},"modified":"2018-10-30T09:41:00","modified_gmt":"2018-10-30T08:41:00","slug":"tviter-ukida-lajk","status":"publish","type":"post","link":"https:\/\/srcekrajine.org\/?p=22029","title":{"rendered":"\u201eTviter\u201c ukida lajk?"},"content":{"rendered":"<div class=\"ftpimagefix\" style=\"float:left\"><a class=\"colorbox\" href=\"http:\/\/www.novosti.rs\/vesti\/naslovna\/tehnologije\/aktuelno.236.html:757685-Tviter-ukida-lajk\"><img decoding=\"async\" width=\"150\" src=\"http:\/\/www.novosti.rs\/upload\/thumbs\/images\/2018b\/\/10\/30\/Depositphotos_6769331_m-201_150x90.jpg\" align=\"right\"><\/a><\/div>\n<p>\t  \t\t  Kako bi podstakli debatu izme\u0111u korisnika, \u010delnici \u201eTvitera\u201c najavljuju ukidanje mogu\u0107nosti lajkovanja objava.Mogu\u0107nost lajkovanja, to jest pokazivanje podr\u017eavanja ili dopadanja objave na Tviteru bez re\u010di, za korisnike ove dru\u0161tvene mre\u017ee dostupna je od 2015. godine.Lajk je do\u0161ao kao zamena za zvezdicu koja je ozna\u010davala \u010duvanje tvita za kasnije \u010ditanje.PRO\u010cITAJTE JO\u0160 &#8211; &#8220;Tviter&#8220; \u0107e predlagati korisnike koje bi trebalo da otpratite Najavljena promena bi trebalo da podstakne debatu me\u0111u korisnicima.Ipak, ukidanje lajka izgleda da se ne dopada ljubiteljima Tvitera jer je mnogo vi\u0161e onih koji u tvitovima negoduju nego onih koji odobravaju uvo\u0111enje ove novine.(RTS) <a href=\"http:\/\/www.novosti.rs\/vesti\/naslovna\/tehnologije\/aktuelno.236.html:757685-Tviter-ukida-lajk\" class=\"colorbox\" id=\"rssmi_more\">[&#8230;]<\/a><\/p>\n","protected":false},"excerpt":{"rendered":"<p>Kako bi podstakli debatu izme\u0111u korisnika, \u010delnici \u201eTvitera\u201c najavljuju ukidanje mogu\u0107nosti lajkovanja objava.Mogu\u0107nost lajkovanja, to jest pokazivanje podr\u017eavanja ili dopadanja objave na Tviteru bez re\u010di, za korisnike ove dru\u0161tvene mre\u017ee dostupna je od 2015. godine.Lajk je do\u0161ao kao zamena za zvezdicu koja je ozna\u010davala \u010duvanje tvita za kasnije \u010ditanje.PRO\u010cITAJTE JO\u0160 &#8211; &#8220;Tviter&#8220; \u0107e predlagati korisnike [&hellip;]<\/p>\n","protected":false},"author":1,"featured_media":22030,"comment_status":"open","ping_status":"open","sticky":false,"template":"","format":"standard","meta":{"footnotes":""},"categories":[15],"tags":[],"_links":{"self":[{"href":"https:\/\/srcekrajine.org\/index.php?rest_route=\/wp\/v2\/posts\/22029"}],"collection":[{"href":"https:\/\/srcekrajine.org\/index.php?rest_route=\/wp\/v2\/posts"}],"about":[{"href":"https:\/\/srcekrajine.org\/index.php?rest_route=\/wp\/v2\/types\/post"}],"author":[{"embeddable":true,"href":"https:\/\/srcekrajine.org\/index.php?rest_route=\/wp\/v2\/users\/1"}],"replies":[{"embeddable":true,"href":"https:\/\/srcekrajine.org\/index.php?rest_route=%2Fwp%2Fv2%2Fcomments&post=22029"}],"version-history":[{"count":0,"href":"https:\/\/srcekrajine.org\/index.php?rest_route=\/wp\/v2\/posts\/22029\/revisions"}],"wp:featuredmedia":[{"embeddable":true,"href":"https:\/\/srcekrajine.org\/index.php?rest_route=\/wp\/v2\/media\/22030"}],"wp:attachment":[{"href":"https:\/\/srcekrajine.org\/index.php?rest_route=%2Fwp%2Fv2%2Fmedia&parent=22029"}],"wp:term":[{"taxonomy":"category","embeddable":true,"href":"https:\/\/srcekrajine.org\/index.php?rest_route=%2Fwp%2Fv2%2Fcategories&post=22029"},{"taxonomy":"post_tag","embeddable":true,"href":"https:\/\/srcekrajine.org\/index.php?rest_route=%2Fwp%2Fv2%2Ftags&post=22029"}],"curies":[{"name":"wp","href":"https:\/\/api.w.org\/{rel}","templated":true}]}}