{"id":22264,"date":"2018-12-06T20:03:10","date_gmt":"2018-12-06T19:03:10","guid":{"rendered":"https:\/\/srcekrajine.org\/?p=22264"},"modified":"2018-12-06T20:03:10","modified_gmt":"2018-12-06T19:03:10","slug":"ministar-policije-potvrdio-hapsenje-za-ratne-zlocine","status":"publish","type":"post","link":"https:\/\/srcekrajine.org\/?p=22264","title":{"rendered":"Ministar policije potvrdio hap\u0161enje za ratne zlo\u010dine"},"content":{"rendered":"<p><span class=\"author\">Tanjug<\/span>\u00a0| 06. decembar 2018.<\/p>\n<p><img decoding=\"async\" src=\"http:\/\/www.novosti.rs\/upload\/thumbs\/images\/2018b\/\/!HITNISLUCAJEVI\/policija\/HRVATSKA-POLICIJA-EPA_620x0.jpg\" alt=\" Foto EPA\" \/><\/p>\n<p>Hrvatski ministar unutra\u0161njih poslova Davor Bo\u017einovi\u0107 potvrdio je danas u Briselu da je nekoliko osoba uhap\u0161eno zbog ratnih zlo\u010dina na podru\u010dju Vukovara, ali da sa detaljima nije upoznat, prenosi Hina.<!--more--><\/p>\n<div class=\"inlineBanner\">\n<div id=\"adoceanrsljpkdrdgph\">Agencija navodi da su prethodno hrvatski mediji preneli da je, zbog sumnje da su tokom 1991. godine po\u010dinili ratni zlo\u010din u Vukovaru, policija pokrenula kriminalisti\u010dku istragu protiv pet osoba srpske nacionalnosti sa podru\u010dja Vukovara koji su rano jutros iz svojih domova odvedeni na informativne razgovore.<\/div>\n<\/div>\n<p><span>&#8222;Kao ministar ne znam niti mogu da znam detalje, ali ono \u0161to mogu da potvrdim jest da je nekoliko osoba danas uhap\u0161eno zbog ratnih zlo\u010dina i u ovom trenutku se sprovodi kriminilisti\u010dka istraga i pretrage i u ovom trenutku ne mogu vi\u0161e ni\u0161ta o tome da ka\u017eem&#8220;, rekao je Bo\u017einovi\u0107, koji u Briselu u\u010destvuje na sastanku ministara unutra\u0161njih poslova EU.<\/span><\/p>\n<p><span>Portparolka hrvatskog MUP Marina Mandi\u0107 potvrdila je Hini da je u toku kriminalisti\u010dka istraga koju sprovode policijski slu\u017ebenici radne grupe Direktorata policije, a vezana je za ratni zlo\u010din po\u010dinjen 1991. godine na podru\u010dju Vukovara.<\/span><\/p>\n","protected":false},"excerpt":{"rendered":"<p>Tanjug\u00a0| 06. decembar 2018. Hrvatski ministar unutra\u0161njih poslova Davor Bo\u017einovi\u0107 potvrdio je danas u Briselu da je nekoliko osoba uhap\u0161eno zbog ratnih zlo\u010dina na podru\u010dju Vukovara, ali da sa detaljima nije upoznat, prenosi Hina.<\/p>\n","protected":false},"author":2,"featured_media":0,"comment_status":"open","ping_status":"open","sticky":false,"template":"","format":"standard","meta":{"footnotes":""},"categories":[1],"tags":[],"_links":{"self":[{"href":"https:\/\/srcekrajine.org\/index.php?rest_route=\/wp\/v2\/posts\/22264"}],"collection":[{"href":"https:\/\/srcekrajine.org\/index.php?rest_route=\/wp\/v2\/posts"}],"about":[{"href":"https:\/\/srcekrajine.org\/index.php?rest_route=\/wp\/v2\/types\/post"}],"author":[{"embeddable":true,"href":"https:\/\/srcekrajine.org\/index.php?rest_route=\/wp\/v2\/users\/2"}],"replies":[{"embeddable":true,"href":"https:\/\/srcekrajine.org\/index.php?rest_route=%2Fwp%2Fv2%2Fcomments&post=22264"}],"version-history":[{"count":1,"href":"https:\/\/srcekrajine.org\/index.php?rest_route=\/wp\/v2\/posts\/22264\/revisions"}],"predecessor-version":[{"id":22265,"href":"https:\/\/srcekrajine.org\/index.php?rest_route=\/wp\/v2\/posts\/22264\/revisions\/22265"}],"wp:attachment":[{"href":"https:\/\/srcekrajine.org\/index.php?rest_route=%2Fwp%2Fv2%2Fmedia&parent=22264"}],"wp:term":[{"taxonomy":"category","embeddable":true,"href":"https:\/\/srcekrajine.org\/index.php?rest_route=%2Fwp%2Fv2%2Fcategories&post=22264"},{"taxonomy":"post_tag","embeddable":true,"href":"https:\/\/srcekrajine.org\/index.php?rest_route=%2Fwp%2Fv2%2Ftags&post=22264"}],"curies":[{"name":"wp","href":"https:\/\/api.w.org\/{rel}","templated":true}]}}