{"id":22315,"date":"2018-12-27T18:29:48","date_gmt":"2018-12-27T17:29:48","guid":{"rendered":"https:\/\/srcekrajine.org\/?p=22315"},"modified":"2018-12-28T09:51:38","modified_gmt":"2018-12-28T08:51:38","slug":"ovo-je-nedopustivo","status":"publish","type":"post","link":"https:\/\/srcekrajine.org\/?p=22315","title":{"rendered":"Ovo je NEDOPUSTIVO!"},"content":{"rendered":"<p>Kurir.rs\/27.12.2018<\/p>\n<p><img decoding=\"async\" src=\"https:\/\/www.kurir.rs\/data\/images\/2018\/11\/18\/12\/1679587_ap-darko-vojinovic_ls.jpg\" alt=\"DODIK: Tu\u017eila\u0161tvo da se oglasi o Davidovom ubistvu ili li\u010dno organizujem protest! Ovo je NEDOPUSTIVO!\" \/><\/p>\n<div class=\"lead\">\n<h5><strong>Predsedavaju\u0107i Predsedni\u0161tva Bosne i Hercegovine\u00a0Milorad Dodik najavio je da \u0107e, ukoliko uskoro ne bude tu\u017eila\u010dke odluke u slu\u010daju stradanja banjalu\u010dkog mladi\u0107a Davida Dragi\u010devi\u0107a, li\u010dno pozvati gra\u0111ane na proteste pred banjalu\u010dko Okru\u017eno javno tu\u017eila\u0161tvo.<\/strong><\/h5>\n<\/div>\n<p><!--more--><\/p>\n<div class=\"articleTxt fixed\">\n<h5>&#8222;Ako za mesec-dva dana ne bude te odluke, pozva\u0107u gra\u0111ane pred tu\u017eila\u0161tvo da ih izbacimo iz njihovih kancelarija, jer oni ne rade dobro svoj posao. I neka misle \u0161ta god ho\u0107e. Oni su bili du\u017eni da objasne javnosti o \u010demu se tu radi, a ne da to ja radim, ili neko drugi. Ovo je nedopustivo&#8220;, naveo je Dodik podsetiv\u0161i da je pravosudni sistem u BiH kreirala me\u0111unarodna zajednica.<\/h5>\n<h5>Istakao je da je trebalo da \u010dlanovi grupe Pravda za Davida\u00a0demokratskim pritiskom na tu\u017eila\u0161tvo istraju na\u00a0svojim\u00a0zahtevima\u00a0da se re\u0161i taj slu\u010daj, kao i da se smene ljudi iz tu\u017eila\u0161tva koji su odgovorni.<\/h5>\n<h5>&#8222;I dalje sam spreman da sednem i da razgovaram i s Davorom Dragi\u010devi\u0107em, njegovim timom i bilo kojom osobom iz grupe Pravda za Davida&#8220;, dodao je on i istakao da se sla\u017ee i da se slu\u010daj prebaci u dr\u017eavno tu\u017eila\u0161tvo i da \u017eali \u0161to je Dragi\u010devi\u0107 fokus svog delovanja prebacio na institucije RS, \u0161to je, ka\u017ee, pogre\u0161no.<\/h5>\n<h5>Dodik je podsetio da je tu\u017eila\u0161tvo pokrenulo istragu protiv policajaca za koje je postojala sumnja da su napravili propuste tokom istrage tog slu\u010daja, ali da nije dokazana nikakva krivica ministra unutra\u0161njih poslova Republike Srpske Dragana Luka\u010da i da zato ne\u0107e biti smenjen.\u00a0Naveo je da ne \u0161titi nikoga, ali da se ovaj predmet mora re\u0161iti u institucijama, te da je i vlastima RS stalo da se predmet re\u0161i i personalno \u0107e tra\u017eiti odgovornost tu\u017eioca, jer, kako je naveo, nisu reagovali devet meseci i ne mogu se kriti iza nezavisnosti.<\/h5>\n<h5>Dodik je istakao i da je, na\u017ealost, slu\u010daj stradanja tog banjalu\u010dkog mladi\u0107a politizovan.<\/h5>\n<h5>&#8222;Mislim da je okupljanje na Trgu Krajine odavno dobilo politi\u010dku dimenziju&#8220;, dodao je Dodik.<\/h5>\n<p><a href=\"http:\/\/www.youtube.com\/watch?time_continue=5&#038;v=jDdEvQ2Isy0\">http:\/\/www.youtube.com\/watch?time_continue=5&amp;v=jDdEvQ2Isy0<\/a><\/p>\n<\/div>\n","protected":false},"excerpt":{"rendered":"<p>Kurir.rs\/27.12.2018 Predsedavaju\u0107i Predsedni\u0161tva Bosne i Hercegovine\u00a0Milorad Dodik najavio je da \u0107e, ukoliko uskoro ne bude tu\u017eila\u010dke odluke u slu\u010daju stradanja banjalu\u010dkog mladi\u0107a Davida Dragi\u010devi\u0107a, li\u010dno pozvati gra\u0111ane na proteste pred banjalu\u010dko Okru\u017eno javno tu\u017eila\u0161tvo.<\/p>\n","protected":false},"author":2,"featured_media":0,"comment_status":"open","ping_status":"open","sticky":false,"template":"","format":"standard","meta":{"footnotes":""},"categories":[1],"tags":[],"_links":{"self":[{"href":"https:\/\/srcekrajine.org\/index.php?rest_route=\/wp\/v2\/posts\/22315"}],"collection":[{"href":"https:\/\/srcekrajine.org\/index.php?rest_route=\/wp\/v2\/posts"}],"about":[{"href":"https:\/\/srcekrajine.org\/index.php?rest_route=\/wp\/v2\/types\/post"}],"author":[{"embeddable":true,"href":"https:\/\/srcekrajine.org\/index.php?rest_route=\/wp\/v2\/users\/2"}],"replies":[{"embeddable":true,"href":"https:\/\/srcekrajine.org\/index.php?rest_route=%2Fwp%2Fv2%2Fcomments&post=22315"}],"version-history":[{"count":2,"href":"https:\/\/srcekrajine.org\/index.php?rest_route=\/wp\/v2\/posts\/22315\/revisions"}],"predecessor-version":[{"id":22319,"href":"https:\/\/srcekrajine.org\/index.php?rest_route=\/wp\/v2\/posts\/22315\/revisions\/22319"}],"wp:attachment":[{"href":"https:\/\/srcekrajine.org\/index.php?rest_route=%2Fwp%2Fv2%2Fmedia&parent=22315"}],"wp:term":[{"taxonomy":"category","embeddable":true,"href":"https:\/\/srcekrajine.org\/index.php?rest_route=%2Fwp%2Fv2%2Fcategories&post=22315"},{"taxonomy":"post_tag","embeddable":true,"href":"https:\/\/srcekrajine.org\/index.php?rest_route=%2Fwp%2Fv2%2Ftags&post=22315"}],"curies":[{"name":"wp","href":"https:\/\/api.w.org\/{rel}","templated":true}]}}