{"id":22396,"date":"2019-02-10T11:36:36","date_gmt":"2019-02-10T10:36:36","guid":{"rendered":"https:\/\/srcekrajine.org\/?p=22396"},"modified":"2019-02-10T12:04:30","modified_gmt":"2019-02-10T11:04:30","slug":"sistematsko-ubijanje-pravde","status":"publish","type":"post","link":"https:\/\/srcekrajine.org\/?p=22396","title":{"rendered":"Sistematsko ubijanje kraji\u0161ke pravde"},"content":{"rendered":"<p>Tanja Trikic\u0301\u00a0 &#8211; 10.02.2019<\/p>\n<p><span style=\"color: #333399;\"><em>Kosovski Albanci su bili najbolji u\u010denici Hrvata. Oni su kopirali njihovu matricu i kad su \u010dinili zlo\u010dine nad Srbima i danas kad po tajnim optu\u017enicama hapse nevine Srbe, sla\u017eu se profesor Univerziteta u Kosovskoj Mitrovici Du\u0161ko \u010celic\u0301 i dr Milan Gulic\u0301 sa Instituta za savremenu istoriju.<\/em><\/span><\/p>\n<p><iframe loading=\"lazy\" title=\"Da li srpska suza nema roditelja? | Sputnjik intervju\" width=\"500\" height=\"281\" src=\"https:\/\/www.youtube.com\/embed\/Itu_JAAqRws?start=60&#038;feature=oembed\" frameborder=\"0\" allow=\"accelerometer; autoplay; clipboard-write; encrypted-media; gyroscope; picture-in-picture; web-share\" referrerpolicy=\"strict-origin-when-cross-origin\" allowfullscreen><\/iframe><\/p>\n<p>Zlo\u010dini nad\u00a0Srbima u\u00a0Hrvatskoj i\u00a0na KiM su sabrani u\u00a0upravo objavljenoj knjizi u\u00a0izdanju Koordinacije srpskih udru\u017eenja porodica nestalih, ubijenih i\u00a0poginulih lica sa prostora biv\u0161e Jugoslavije, \u010diji su prire\u0111iva\u010di Dragan Pjeva\u010d, predsednik Upravnog odbora Koordinacije, i\u00a0dr \u010celic\u0301.<!--more--><\/p>\n<p class=\"marker-quote1\"><span style=\"color: #333399;\"><em>\u201eCilj knjige je da\u00a0srpsku javnost podsetimo na\u00a0te stra\u0161ne zlo\u010dine, preko kojih smo \u010desto olako prelazili\u201c, ka\u017ee \u010celic\u0301 za\u00a0Sputnjik, ukazujuc\u0301i na\u00a0to da\u00a0izme\u0111u zlo\u010dina po\u010dinjenih nad\u00a0Srbima u\u00a0Hrvatskoj i\u00a0na Kosmetu postoje brojne paralele.<\/em><\/span><\/p>\n<p>Prema Gulic\u0301evim re\u010dima, ambicija knjige nije da\u00a0bude kona\u010dni sud vec\u0301 da\u00a0podstakne na\u00a0nova istra\u017eivanja. Kad je re\u010d o\u00a0Srbima u\u00a0Hrvatskoj, on isti\u010de da je to verovatno \u201enajstradalnija populacija\u201c, pri\u00a0\u010demu je \u201edeklarativno zaboravljena\u201c, za\u00a0razliku od Srba na\u00a0KiM.<\/p>\n<p>\u201eSrbe u\u00a0Hrvatskoj ne\u00a0pominje niko. Oni su potpuno odba\u010dena populacija koja se posmatra kao strano telo u\u00a0Hrvatskoj, a\u00a0sa podozrenjem ovde. Pitanje je koliko je pozicija Srba u\u00a0Hrvatskoj bila na\u00a0pravi na\u010din percipirana za\u00a0vreme rata, koliko se za\u00a0vreme rata govorilo o\u00a0ovim zlo\u010dinima i\u00a0\u0161ta prose\u010dni gra\u0111anin Srbije uop\u0161te zna\u00a0o\u00a0tome\u201c, konstatuje sa \u017ealjenjem Gulic\u0301. Procenjuje se, ka\u017ee, da je za\u00a0vreme rata u\u00a0Hrvatskoj stradalo vi\u0161e od 7.000 Srba\u00a0\u2014 samo u\u00a0operaciji Oluja vi\u0161e od 1.800 ljudi. On posebno ukazuje na\u00a0ubistva Srba koja su se doga\u0111ala po\u00a0hrvatskim gradovima pre izbijanja sukoba: \u201eSvi znamo za\u00a0bitku za\u00a0Vukovar, a jako malo ljudi zna da\u00a0su mesecima ranije ubijani gra\u0111ani srpske nacionalnosti, da je \u010dak prvi Srbin ubijen za\u00a0prvomajski uranak 1991. godine\u201c, pri\u010da Gulic\u0301, koji je i\u00a0sam poreklom iz\u00a0Hrvatske.<\/p>\n<p>Obja\u0161njavajuc\u0301i kako se dolazilo do\u00a0materijala za\u00a0knjigu, dr \u010celic\u0301 navodi da\u00a0su prire\u0111iva\u010di nastojali da\u00a0ukrste vi\u0161e izvora podataka, od onoga \u0161to je vec\u0301 objavljeno do\u00a0svedo\u010denja u\u010desnika, materijala koji su sudski validni, zapisnika sa\u010dinjenih pred istra\u017enim sudijama, preko presuda iz\u00a0Haga ili\u00a0iz\u00a0sudova u\u00a0Pri\u0161tini. Isti\u010de i\u00a0da je knjiga jedna vrsta pozivnice svim istra\u017eiva\u010dima, institucijama, ali i\u00a0pravosudnim organima jer je tema stradanja Srba bila skrajnuta iz\u00a0mnogih razloga.<\/p>\n<p class=\"marker-quote1\"><span style=\"color: #333399;\"><em>Razlozi eti\u010dke prirode ne\u00a0postoje, bez\u00a0obzira na\u00a0eventualne pritiske koji su konstantno evidentni kada se posmatra me\u0111unarodni faktor. Re\u010d je o jednom delu me\u0111unarodne zajednice koja uporno namec\u0301e jednostranu sliku i\u00a0o doga\u0111ajima devedesetih godina. U takvoj jednoj slici, Srbi su bili remetila\u010dki faktor, a njihove \u017ertve su \u017ertve drugog reda, kolateralne, dok pravda koju te \u017ertve zahtevaju nije prioritet\u201c, ka\u017ee na\u0161 sagovornik, koji se nada da c\u0301e taj diskurs biti promenjen.<\/em><\/span><\/p>\n<p>Jasno je, ka\u017ee, da\u00a0sudska i\u00a0univerzalna pravda \u010desto nisu iste, a\u00a0posebno je kompromitovana ha\u0161ka pravda kad je re\u010d o\u00a0srpskim \u017ertvama. To pokazuje i\u00a0skrivanje i\u00a0uni\u0161tavanje dokaza koji bi mogli ic\u0301i u\u00a0korist Srbima, dodaje on i\u00a0navodi primer slu\u010daja Ramu\u0161a Haradinaja pred Tribunalom, kada je 19 svedoka umrlo na\u00a0vol\u0161eban na\u010din.<\/p>\n<p>\u201eTako\u0111e, za\u00a0dokaze o \u2019\u017eutoj kuc\u0301i\u2018\u00a0znalo se vec\u0301 2003. godine. Unmik je preduzimao neke istra\u017een radnje te i\u00a02004. godine, da\u00a0bi 2004. forenzi\u010dki dokazi bili uni\u0161teni. Kako su vr\u0161ene te forenzi\u010dke radnje, to je opet pitanje. Karla del Ponte sa dobrim zaka\u0161njenjem ka\u017ee da\u00a0su aljkavo ura\u0111eni poslovi na\u00a0terenu, a\u00a0opet dokazi koji su prikupljeni su u\u00a0Hagu uni\u0161teni 2004, o\u00a0\u010demu svedo\u010di izve\u0161taj Dika Martija\u201c, podsec\u0301a \u010celic\u0301, dodajuc\u0301i da je slu\u010daj \u201e\u017eute kuc\u0301e\u201c posebno potenciran u\u00a0knjizi jer je re\u010d o\u00a0zlo\u010dinima najgore vrste koji ne\u00a0zastarevaju.<\/p>\n<p>\u201eNa\u017ealost, nema pre\u017eivelih me\u0111u \u017ertvama, ima jedino \u017eivih u\u010desnika tog zlo\u010dina\u010dkog poduhvata. Ali ima svedoka, u\u00a0knjizi se ne\u00a0navode njihova imena nego svedok 1, 2, 3\u2026 Dakle, postoj moguc\u0301nost da\u00a0se procesiraju ti zlo\u010dini\u201c, smatra \u010celic\u0301. On istovremeno ne\u00a0veruje da c\u0301e Sud za\u00a0zlo\u010dine OVK, tzv. \u201emali Hag\u201c, imati neke domete u\u00a0procesiranju osumnji\u010denih za\u00a0zlo\u010dine, s\u00a0obzirom na\u00a0prethodna iskustva, ali i\u00a0na \u010dinjenicu da je taj sud \u201eu dubokoj senci politike i\u00a0vi\u0161e instrument pregovora o\u00a0KiM nego neka vrsta pravosudne institucije\u201c.<\/p>\n<p>Gulic\u0301 se posebno osvrnuo na\u00a0praksu hrvatskog pravosu\u0111a koje ne\u00a0procesira odgovorne za\u00a0zlo\u010dine \u010dak i\u00a0kad postoje dokazi. Dodaje i\u00a0da ne\u00a0mo\u017ee da\u00a0veruje da\u00a0nije bilo dokaza da\u00a0se podigne optu\u017enica protiv Franje Tu\u0111mana, a\u00a0podsec\u0301a i\u00a0na \u010dinjenicu da\u00a0su trojica hrvatskih generala oslobo\u0111ena u\u00a0Hagu jer je politika uplela prste i\u00a0da su ti ljudi na\u00a0kraju iza\u0161li kao pobednici.<\/p>\n<p class=\"marker-quote1\"><span style=\"color: #333399;\"><em>\u201eTo je definitivno za\u00a0vec\u0301inu hrvatske javnosti bila potvrda da je vo\u0111en pravedni rat protiv srpske agresije. Mogli smo da\u00a0\u010dujemo da je cilj Ha\u0161kog tribunala bio pomirenje. Meni se, kao istori\u010daru, \u010dini da\u00a0nijedan sud ne\u00a0sme za\u00a0cilj imati pomirenje, vec\u0301 ka\u017enjavanje ili\u00a0osloba\u0111anje. Pomirenje je stvar politike, i\u00a0ako od samog starta jedan tribunal predstavljate kao sud koji c\u0301e se baviti pomirenjem, vi ste ga postavili kao politi\u010dki\u201c, ka\u017ee Gulic\u0301 i\u00a0dodaje da\u00a0Hrvatska istovremeno\u00a0koristi tajne optu\u017enice protiv Srba, koje privodi s\u00a0ciljem zastra\u0161ivanja, a\u00a0sli\u010dno sada rade i\u00a0kosovski Albanci.<\/em><\/span><\/p>\n<p>Govorec\u0301i o\u00a0neka\u017enjivosti zlo\u010dina po\u010dinjenih nad\u00a0Srbima na\u00a0KiM, \u010celic\u0301 podsec\u0301a da je Fljorum Ejupi, koji je osu\u0111en na\u00a0maksimalnih 40 godina zatvora zbog ubistva vi\u0161e od 20 ljudi u\u00a0autobusu \u201eNi\u0161 ekspresa\u201c, u\u00a0drugostepenom postupku oslobo\u0111en.<\/p>\n<p>\u201ePotom, tu je proces protiv Haradinaja, koji se odvijao na\u00a0osnovu dokaza, svedoka Tahira Zemaja, stra\u017eara u\u00a0logoru Lipovac, koji je vodio dnevni\u010dke bele\u0161ke u\u00a0kojima je sve bilo zapisano. Kad je re\u010d o\u00a0Hagu, optu\u017enica protiv Milo\u0161evic\u0301a napisana je jo\u0161 tokom trajanja bombardovanja u\u00a0aprilu, a\u00a0s druge strane, gde god bi ha\u0161ki istra\u017eitelji\u00a0na\u0161li srpske \u017ertve, ponovo bi ih pokopavali. To sve ukazuje na\u00a0licemerje me\u0111unarodne zajednice, na\u00a0sistematsko ubijanje pravde kad je re\u010d o\u00a0Srbima i\u00a0na \u2019bildovanje\u2018\u00a0pravde kad je re\u010d o\u00a0\u017ertvama drugih nacionalnosti\u201c, ka\u017ee na\u00a0kraju \u010celic\u0301.<\/p>\n","protected":false},"excerpt":{"rendered":"<p>Tanja Trikic\u0301\u00a0 &#8211; 10.02.2019 Kosovski Albanci su bili najbolji u\u010denici Hrvata. Oni su kopirali njihovu matricu i kad su \u010dinili zlo\u010dine nad Srbima i danas kad po tajnim optu\u017enicama hapse nevine Srbe, sla\u017eu se profesor Univerziteta u Kosovskoj Mitrovici Du\u0161ko \u010celic\u0301 i dr Milan Gulic\u0301 sa Instituta za savremenu istoriju. Zlo\u010dini nad\u00a0Srbima u\u00a0Hrvatskoj i\u00a0na KiM [&hellip;]<\/p>\n","protected":false},"author":2,"featured_media":0,"comment_status":"open","ping_status":"open","sticky":false,"template":"","format":"standard","meta":{"footnotes":""},"categories":[1,26],"tags":[],"_links":{"self":[{"href":"https:\/\/srcekrajine.org\/index.php?rest_route=\/wp\/v2\/posts\/22396"}],"collection":[{"href":"https:\/\/srcekrajine.org\/index.php?rest_route=\/wp\/v2\/posts"}],"about":[{"href":"https:\/\/srcekrajine.org\/index.php?rest_route=\/wp\/v2\/types\/post"}],"author":[{"embeddable":true,"href":"https:\/\/srcekrajine.org\/index.php?rest_route=\/wp\/v2\/users\/2"}],"replies":[{"embeddable":true,"href":"https:\/\/srcekrajine.org\/index.php?rest_route=%2Fwp%2Fv2%2Fcomments&post=22396"}],"version-history":[{"count":3,"href":"https:\/\/srcekrajine.org\/index.php?rest_route=\/wp\/v2\/posts\/22396\/revisions"}],"predecessor-version":[{"id":22399,"href":"https:\/\/srcekrajine.org\/index.php?rest_route=\/wp\/v2\/posts\/22396\/revisions\/22399"}],"wp:attachment":[{"href":"https:\/\/srcekrajine.org\/index.php?rest_route=%2Fwp%2Fv2%2Fmedia&parent=22396"}],"wp:term":[{"taxonomy":"category","embeddable":true,"href":"https:\/\/srcekrajine.org\/index.php?rest_route=%2Fwp%2Fv2%2Fcategories&post=22396"},{"taxonomy":"post_tag","embeddable":true,"href":"https:\/\/srcekrajine.org\/index.php?rest_route=%2Fwp%2Fv2%2Ftags&post=22396"}],"curies":[{"name":"wp","href":"https:\/\/api.w.org\/{rel}","templated":true}]}}