{"id":22400,"date":"2019-02-11T18:09:21","date_gmt":"2019-02-11T17:09:21","guid":{"rendered":"https:\/\/srcekrajine.org\/?p=22400"},"modified":"2019-02-11T18:14:11","modified_gmt":"2019-02-11T17:14:11","slug":"vedrana-rudantreba-da-nas-bude-sramota","status":"publish","type":"post","link":"https:\/\/srcekrajine.org\/?p=22400","title":{"rendered":"VEDRANA RUDAN:treba da nas bude sramota"},"content":{"rendered":"<p><i>(rudan.info)\u00a0<\/i>11. februar 2019<\/p>\n<p><img decoding=\"async\" src=\"https:\/\/www.kurir.rs\/data\/images\/2019\/02\/11\/15\/1762721_914795-vedranarudan-edit-copy_ls.jpg\" alt=\"DE\u010cACI IZ SRBIJE, MO\u017dETE OSTATI BEZ GLAVE! Vedrana Rudan bez dlake na jeziku o napadu na srpske vaterpoliste\" \/><\/p>\n<p>Hrvatski pisac Vedrana Rudan objavila je na svojoj internet stranici komentar gde se osvrnula na napad na vaterpoliste Crvene zvezde u Splitu.<\/p>\n<p>Prenosimo vam kolumnu u celosti.\u00a0<i><\/i><!--more--><br \/>\n<i>Za mene je Split, otkako sam prvi put u njega kro\u010dila, najlep\u0161i grad na svetu. Nije da nisam putovala, videla sam ja mnoge svetske gradove, pa ipak\u2026 Nima meni Splita do Splita.<\/i><\/p>\n<p>Kamene uske uli\u010dice, miris mora i ribe, Riva, ru\u010dak u \u201cHvaranina\u201d, tr\u017enica, ribarnica\u2026 Grad u kome su \u017eiveli Smoje, Senjanovi\u0107, i meni najdra\u017ei od njih Predrag Luci\u0107, bio je i osta\u0107e moja velika ljubav.<\/p>\n<p>I ne, ni ovaj najnoviji napad divljaka koje ja ne \u017eelim zvati \u201cSpli\u0107anima\u201d ne\u0107e u meni ubiti ono \u0161to ose\u0107am prema gradu koji volim. Pa ipak, kako je mogu\u0107e, kako je mogu\u0107e da se u Splitu koji je u me\u0111uvremenu postao grad iz snova za milione svetskih putnika dogodi ovakav zlo\u010din?<\/p>\n<p>Nekoliko de\u010daka iz Srbije do\u0161lo je u moj grad da igra vaterpolo utakmicu. Nisu shvatili, niko im nije objasnio, da ne smeju da pro\u0161etaju do Rive u dresu svoje ekipe jer bi neko zbog toga mogao \u0161ipkom da razvali glavu.<\/p>\n<p>De\u010dacima iz Srbije to mo\u017eemo \u201coprostiti\u201d jer su mladi, \u0161to oni znaju? Bih li ja, ovako stara, da mi je to netko rekao, mogla u to da poverujem?<\/p>\n<p>Bih. I rekla bih toj deci, jo\u0161 u Beogradu, ne odlazite, ako odete mo\u017eete ostati bez glave. I da, moramo bit fer prema gra\u0111anima i gra\u0111ankama Splita. Ovo je moglo da se dogodi u bilo kom hrvatskom gradu. Trenutna hrvatska vlast nam poru\u010duje, u mr\u017enji je spas.<br \/>\n<i><br \/>\nPogledajmo \u0161to se de\u0161ava u Saboru. Na\u0161 premijer pripadnike jedne od parlamentarnih stranaka naziva \u201cmi\u0161evima\u201d, \u010dlan iste stranke njega naziva \u201c\u0161takorom\u201d. Premijer se na to podrugljivo sme\u0161i jer zna da mu, ovako bahatom, ovako pokvarenom, ovako cini\u010dnom i beskrajno nekompetentnom, nitko ne mo\u017ee ni\u0161ta.<\/i><\/p>\n<p>Mo\u017eemo li, ho\u0107emo li zaboraviti scenu kad je na\u0161 premijer, okru\u017een za\u0161titarima, nasrnuo na \u010dlana Sabora u nameri da ga prebije?<\/p>\n<p>On i jedan od najve\u0107ih hrvatskih kriminalaca, da ne prljam ekran imenom gospodina gradona\u010delnika, dogovorili su se. Premijer \u0107e gradona\u010delnika razbojnika \u010duvati od zatvora, \u201c\u0161takor\u201d hrvatsko pravosu\u0111e dr\u017ei u d\u017eepu svog skupog odela, gradona\u010delnik \u0107e da mu uzvrati uslugu kradu\u0107i od stranaka i stran\u010dica \u0161takor\u010di\u0107e koji \u0107e premijeru i njegovoj stranci omogu\u0107iti da oglodaju Hrvatsku do kosti.<\/p>\n<p>Nikad Hrvatskom nije vladala ovako gadna ekipa. Neka nas bude i strah i sram. Mo\u017eda ipak, neka nas bude strah. Mi koji smo potomci onih koji su stole\u0107ima \u017eiveli na ovim prostorima ne mo\u017eemo u\u010diniti ni\u0161ta, a ve\u0107ina od nas nije kriva ni za \u0161to.<\/p>\n<p>Oni imaju pravosu\u0111e, vojsku, policiju, medije. Oni nam na sve mogu\u0107e na\u010dine prodaju tezu kako su nam jedini pravi neprijatelji \u201c\u010detnici\u201d. I onda kad \u201c\u010detnici\u201d imaju dvadesetak godina, i onda kad igraju vaterpolo i onda kad otvorena srca, zaljubljeni u sport, dolaze u najlep\u0161i hrvatski grad.<\/p>\n<p>Kad se dogodi tragedija, kad neki od \u201chuligana\u201d popu\u0161i pri\u010du zato jer je neobrazovan, glup ili samo zao, uz to siguran da mu zlo\u010din ne\u0107e do\u0107i na naplatu, onda se i \u0161takori i \u0161takorica krenu glasno zgra\u017eati nad po\u010dinjenim zlo\u010dinom.<\/p>\n<p>Kao da su zlo\u010dinci oni koji u rukama dr\u017ee \u010deli\u010dnu \u0161ipku, a ne gospo\u0111a koja na Pantov\u010daku razgledava periku ili \u0160takor koji se ovih dana upustio u re\u0161avanje izbora u Venecueli. On i Venecuela?! Ameri\u010dka, gadna, muha podrepu\u0161a ne\u0161to misli o svetskoj politici. Misli? \u010cime?<\/p>\n<p>Zato, ne osu\u0111ujmo de\u010dke koji su krenuli pobiti \u201c\u010detnike\u201d. Nemaju oni ni\u0161ta s tim. Slu\u0161aju glas svojih i na\u0161ih gospodara.<\/p>\n","protected":false},"excerpt":{"rendered":"<p>(rudan.info)\u00a011. februar 2019 Hrvatski pisac Vedrana Rudan objavila je na svojoj internet stranici komentar gde se osvrnula na napad na vaterpoliste Crvene zvezde u Splitu. Prenosimo vam kolumnu u celosti.\u00a0<\/p>\n","protected":false},"author":2,"featured_media":0,"comment_status":"open","ping_status":"open","sticky":false,"template":"","format":"standard","meta":{"footnotes":""},"categories":[1,13],"tags":[],"_links":{"self":[{"href":"https:\/\/srcekrajine.org\/index.php?rest_route=\/wp\/v2\/posts\/22400"}],"collection":[{"href":"https:\/\/srcekrajine.org\/index.php?rest_route=\/wp\/v2\/posts"}],"about":[{"href":"https:\/\/srcekrajine.org\/index.php?rest_route=\/wp\/v2\/types\/post"}],"author":[{"embeddable":true,"href":"https:\/\/srcekrajine.org\/index.php?rest_route=\/wp\/v2\/users\/2"}],"replies":[{"embeddable":true,"href":"https:\/\/srcekrajine.org\/index.php?rest_route=%2Fwp%2Fv2%2Fcomments&post=22400"}],"version-history":[{"count":3,"href":"https:\/\/srcekrajine.org\/index.php?rest_route=\/wp\/v2\/posts\/22400\/revisions"}],"predecessor-version":[{"id":22403,"href":"https:\/\/srcekrajine.org\/index.php?rest_route=\/wp\/v2\/posts\/22400\/revisions\/22403"}],"wp:attachment":[{"href":"https:\/\/srcekrajine.org\/index.php?rest_route=%2Fwp%2Fv2%2Fmedia&parent=22400"}],"wp:term":[{"taxonomy":"category","embeddable":true,"href":"https:\/\/srcekrajine.org\/index.php?rest_route=%2Fwp%2Fv2%2Fcategories&post=22400"},{"taxonomy":"post_tag","embeddable":true,"href":"https:\/\/srcekrajine.org\/index.php?rest_route=%2Fwp%2Fv2%2Ftags&post=22400"}],"curies":[{"name":"wp","href":"https:\/\/api.w.org\/{rel}","templated":true}]}}