{"id":22404,"date":"2019-02-12T09:01:57","date_gmt":"2019-02-12T08:01:57","guid":{"rendered":"https:\/\/srcekrajine.org\/?p=22404"},"modified":"2019-02-12T09:05:31","modified_gmt":"2019-02-12T08:05:31","slug":"doslo-je-vreme-da-branimo-hriscansku-bastinu","status":"publish","type":"post","link":"https:\/\/srcekrajine.org\/?p=22404","title":{"rendered":"Do\u0161lo je vreme da branimo hri\u0161\u0107ansku ba\u0161tinu"},"content":{"rendered":"<p><span class=\"author\">I. Stanojevi\u0107<\/span>\u00a0| 11. februar 2019.<\/p>\n<div class=\"gallery\">\n<div class=\"imgb\"><a class=\"verticalArticleImage cboxElement\" href=\"http:\/\/www.novosti.rs\/upload\/images\/2019\/\/02\/11n\/08orban.jpg\"><img decoding=\"async\" src=\"http:\/\/www.novosti.rs\/upload\/thumbs\/images\/2019\/\/02\/11n\/08orban_620x0.jpg\" alt=\" Foto EPA Viktor Orban pred poslanicima Evropskog parlamenta u Strazburu\" \/><\/a><\/div>\n<\/div>\n<p><span style=\"color: #333399;\"><em>Foto EPA Viktor Orban pred poslanicima Evropskog parlamenta u Strazburu<\/em><\/span><\/p>\n<p>NIJE jednom ma\u0111arski premijer Viktor Orban podigao pra\u0161inu, ali \u0107e ovog puta biti potrebno mnogo vi\u0161e vremena da se ona slegne. Apsurdno, pozivaju\u0107i na izbore za Evropski parlament u maju, Orban je nadma\u0161io i samog sebe u kritikama Briselu. Istovremeno, najavio je podsticajne mere za natalitet, uz re\u010di, koje je najve\u0107i deo planete protuma\u010dio kao nacionalisti\u010dke, a neki i kao rasisti\u010dke. &#8222;Potrebno nam je mnogo vi\u0161e ma\u0111arske dece&#8220;, poru\u010dio je Orban.<!--more--><\/p>\n<div class=\"inlineBanner\">\n<div id=\"adoceanrsoijedxjpai\">Ponovo je do\u0161lo vreme da Ma\u0111arska brani svoj nacionalni identitet, svoju hri\u0161\u0107ansku ba\u0161tinu, smatra Orban. U govoru o stanju nacije evropske izbore okarakterisao je kao &#8222;poslednju bitku&#8220;. Objavio je &#8222;rat&#8220; EU, konstatacijom da je &#8222;Brisel glavni bastion Internacionale, a da je njegovo sredstvo useljavanje&#8220;. Ono ne mo\u017ee biti negativnije, jer vodi &#8222;porastu kriminala, koji je naro\u010dito usmeren na \u017eene&#8220;, a uz to dozvoljava &#8222;prodiranje virusa terorizma&#8220;.<\/div>\n<\/div>\n<p>&#8211; U useljeni\u010dkim zemljama, nastali su hri\u0161\u0107ansko-muslimanski svetovi, u kojima udeo hri\u0161\u0107ana stalno opada &#8211; rekao je Orban.<\/p>\n<p>Budimpe\u0161ta je zaratila i sa \u010dlanicama Vi\u0161egradske grupe, kad je odnos prema Rusiji i Kini u pitanju. Isti razlog doveo je i do zatezanja veza sa SAD, koje se pla\u0161e da \u0107e &#8222;Orban igrati kako Moskva svira&#8220;.<\/p>\n<p>Zbog toga se\u00a0u ponedeljak, u Budimpe\u0161ti, \u0161ef ameri\u010dke diplomatije Majk Pompeo sastao sa svojim ma\u0111arskim kolegom Peterom Sijartom. Prema navodima iz Va\u0161ingtona, Pompeo nosi zabrinutost u vezi sa ma\u0111arskom podr\u0161kom rusko-turskom gasovodu &#8222;Turski tok&#8220;. Va\u0161ingtonu je trn u oku i moskovsko finansiranje ma\u0111arske nuklearne elektrane Paks.<\/p>\n<p>&#8211; Ma\u0111arska nema nameru da u\u010destvuje u sva\u0111ama velesila i ne \u017eeli da gradi odnose s Kinom i Rusijom na osnovu zahteva iz Va\u0161ingtona &#8211; kazao je ma\u0111arski politi\u010dki analiti\u010dar Gabor \u0160tir, u izjavi za Sputnjik. &#8211; Orban \u017eeli da Ma\u0111arska bude \u0161to nezavisnija u politi\u010dkom smislu. To ne zna\u010di da \u0107emo napustiti NATO.<\/p>\n<p>Mediji podse\u0107aju da u Ma\u0111arsku stigne skoro tre\u0107ina kineskih investicija ka centralnoj i isto\u010dnoj Evropi. Prema podacima iz 2017. godine, Kina je u ma\u0111arsku ekonomiju ulo\u017eila ukupno \u010detiri milijarde dolara, otvoreno je oko 10.000 radnih mesta. Realno, me\u0111utim, u ekonomskom smislu EU je i dalje najva\u017eniji partner Ma\u0111arske. Iste, 2017, Ma\u0111arska je od Brisela dobila ne\u0161to vi\u0161e od \u010detiri milijarde evra. Spoljna trgovina Ma\u0111arske, u procentu od \u010dak 80, zavisna je od EU, pre svih \u010dlanica, od Nema\u010dke. Zato \u0107e se Orbanov najnoviji govor u EU dugo pamtiti.<\/p>\n<p><b>MERE ZA MA\u0110ARSKI NATALITET<\/b><\/p>\n<p><em>\u017dENE do 40 godina, uz prvu udaju dobijaju kredit od deset miliona forinti (31.000 evra). Otplata se, po ro\u0111enju prvog deteta, obustavlja na tri godine, posle drugog otpla\u0107uje se tre\u0107ina, a nakon ro\u0111enja tre\u0107eg deteta kredit se bri\u0161e. Deke i bake, koje se brinu o unucima, dobi\u0107e finansijsku podr\u0161ku. Porodice sa bar troje dece ima\u0107e pri kupovini automobila sa najmanje sedam sedi\u0161ta subvenciju od 7.800 evra. \u017dene sa \u010detvoro ili vi\u0161e dece do\u017eivotno se osloba\u0111aju poreza na li\u010dni dohodak.<\/em><\/p>\n","protected":false},"excerpt":{"rendered":"<p>I. Stanojevi\u0107\u00a0| 11. februar 2019. Foto EPA Viktor Orban pred poslanicima Evropskog parlamenta u Strazburu NIJE jednom ma\u0111arski premijer Viktor Orban podigao pra\u0161inu, ali \u0107e ovog puta biti potrebno mnogo vi\u0161e vremena da se ona slegne. Apsurdno, pozivaju\u0107i na izbore za Evropski parlament u maju, Orban je nadma\u0161io i samog sebe u kritikama Briselu. Istovremeno, [&hellip;]<\/p>\n","protected":false},"author":2,"featured_media":0,"comment_status":"open","ping_status":"open","sticky":false,"template":"","format":"standard","meta":{"footnotes":""},"categories":[27,1],"tags":[28],"_links":{"self":[{"href":"https:\/\/srcekrajine.org\/index.php?rest_route=\/wp\/v2\/posts\/22404"}],"collection":[{"href":"https:\/\/srcekrajine.org\/index.php?rest_route=\/wp\/v2\/posts"}],"about":[{"href":"https:\/\/srcekrajine.org\/index.php?rest_route=\/wp\/v2\/types\/post"}],"author":[{"embeddable":true,"href":"https:\/\/srcekrajine.org\/index.php?rest_route=\/wp\/v2\/users\/2"}],"replies":[{"embeddable":true,"href":"https:\/\/srcekrajine.org\/index.php?rest_route=%2Fwp%2Fv2%2Fcomments&post=22404"}],"version-history":[{"count":4,"href":"https:\/\/srcekrajine.org\/index.php?rest_route=\/wp\/v2\/posts\/22404\/revisions"}],"predecessor-version":[{"id":22408,"href":"https:\/\/srcekrajine.org\/index.php?rest_route=\/wp\/v2\/posts\/22404\/revisions\/22408"}],"wp:attachment":[{"href":"https:\/\/srcekrajine.org\/index.php?rest_route=%2Fwp%2Fv2%2Fmedia&parent=22404"}],"wp:term":[{"taxonomy":"category","embeddable":true,"href":"https:\/\/srcekrajine.org\/index.php?rest_route=%2Fwp%2Fv2%2Fcategories&post=22404"},{"taxonomy":"post_tag","embeddable":true,"href":"https:\/\/srcekrajine.org\/index.php?rest_route=%2Fwp%2Fv2%2Ftags&post=22404"}],"curies":[{"name":"wp","href":"https:\/\/api.w.org\/{rel}","templated":true}]}}