{"id":22477,"date":"2019-03-21T07:30:46","date_gmt":"2019-03-21T06:30:46","guid":{"rendered":"https:\/\/srcekrajine.org\/?p=22477"},"modified":"2019-06-14T13:57:18","modified_gmt":"2019-06-14T11:57:18","slug":"karadzic-srpski-narod-je-pobedio","status":"publish","type":"post","link":"https:\/\/srcekrajine.org\/?p=22477","title":{"rendered":"KARAD\u017eI\u0106 : Srpski narod je pobedio"},"content":{"rendered":"<p><span class=\"author\">Novosti online<\/span>\u00a0| 20. mart 2019.<\/p>\n<p><a class=\"verticalArticleImage cboxElement\" href=\"http:\/\/www.novosti.rs\/upload\/images\/2019\/\/03\/20n\/RADOVAN.jpg\"><img decoding=\"async\" src=\"http:\/\/www.novosti.rs\/upload\/thumbs\/images\/2019\/\/03\/20n\/RADOVAN_620x0.jpg\" alt=\" Radovan Karad\u017ei\u0107\" \/><\/a><\/p>\n<p>Advokat i \u010dlan tima odbrane Radovana Karad\u017ei\u0107a, Marko Sladojevi\u0107 u izjavi za RTRS, preneo je \u0161ta je prvi predsednik Republike Srpske poru\u010dio srpskom narodu posle izricanja presude.<!--more--><\/p>\n<p>&#8211; Srpski narod i ja, zajedno sa njim, smo ve\u0107 pobedili. Stvorena je Republika Srpska, a srpski narod je slobodan u vlastitoj dr\u017eavi.<br \/>\n\u017drtva koju ja podnosim je manja od drugih. Hiljade mladi\u0107a je svojim \u017eivotima izgradilo Republiku Srpsku. Mnogi su postali ratni invalidi&#8230;<br \/>\nNajve\u0107u \u017ertvu su podnele majke \u010diji su sinovi, \u010desto jedinci, dali \u017eivot za slobodu srpskog naroda. To su istinske \u017ertve.<br \/>\nOva jalova osveta Ha\u0161kog tribunala meni, starcu, ne mo\u017ee ni\u0161ta. Nismo se predavali ni kada je bilo daleko te\u017ee, pa ni ovako utamni\u010den ne\u0107u prestati nikada da se borim za istinu o na\u0161oj pravednoj borbi u ratu koji nam je nametnut i u kojem su stradala sva tri naroda.<br \/>\nU svakom ratu, naro\u010dito gra\u0111anskom, izrodi po\u010dine zlo\u010dine koje je na\u0161a dr\u017eava, ako je znala, osu\u0111ivala i procesuirala. Mi smo se \u010dasno borili za slobodu i jednakost srpskog naroda u Bosni i Hercegovini. Zato, uvek i svuda, budimo dostojanstveni, ne mrzimo druge i ponosno \u010duvajmo ono \u0161to je iznad svih nas \u2013 na\u0161u Republiku Srpsku \u2013 rekao je Karad\u017ei\u0107.<\/p>\n<div class=\"articleBody\"><iframe loading=\"lazy\" src=\"https:\/\/www.youtube.com\/embed\/nl5wcmIecOE\" width=\"560\" height=\"315\" frameborder=\"0\" allowfullscreen=\"allowfullscreen\" data-mce-fragment=\"1\"><\/iframe><\/div>\n<p>Podsetimo, \u017ealbeno ve\u0107e Mehanizma u Hagu osudilo je u sredu na do\u017eivotni zatvor prvog predsednika Republike Srpske Radovana Karad\u017ei\u0107a zbog genocida u Srebrenici i zlo\u010dina protiv \u010dove\u010dnosti, kr\u0161enja zakona i obi\u010daja ratovanja.<\/p>\n","protected":false},"excerpt":{"rendered":"<p>Novosti online\u00a0| 20. mart 2019. Advokat i \u010dlan tima odbrane Radovana Karad\u017ei\u0107a, Marko Sladojevi\u0107 u izjavi za RTRS, preneo je \u0161ta je prvi predsednik Republike Srpske poru\u010dio srpskom narodu posle izricanja presude.<\/p>\n","protected":false},"author":2,"featured_media":0,"comment_status":"open","ping_status":"open","sticky":false,"template":"","format":"standard","meta":{"footnotes":""},"categories":[31],"tags":[],"_links":{"self":[{"href":"https:\/\/srcekrajine.org\/index.php?rest_route=\/wp\/v2\/posts\/22477"}],"collection":[{"href":"https:\/\/srcekrajine.org\/index.php?rest_route=\/wp\/v2\/posts"}],"about":[{"href":"https:\/\/srcekrajine.org\/index.php?rest_route=\/wp\/v2\/types\/post"}],"author":[{"embeddable":true,"href":"https:\/\/srcekrajine.org\/index.php?rest_route=\/wp\/v2\/users\/2"}],"replies":[{"embeddable":true,"href":"https:\/\/srcekrajine.org\/index.php?rest_route=%2Fwp%2Fv2%2Fcomments&post=22477"}],"version-history":[{"count":2,"href":"https:\/\/srcekrajine.org\/index.php?rest_route=\/wp\/v2\/posts\/22477\/revisions"}],"predecessor-version":[{"id":22479,"href":"https:\/\/srcekrajine.org\/index.php?rest_route=\/wp\/v2\/posts\/22477\/revisions\/22479"}],"wp:attachment":[{"href":"https:\/\/srcekrajine.org\/index.php?rest_route=%2Fwp%2Fv2%2Fmedia&parent=22477"}],"wp:term":[{"taxonomy":"category","embeddable":true,"href":"https:\/\/srcekrajine.org\/index.php?rest_route=%2Fwp%2Fv2%2Fcategories&post=22477"},{"taxonomy":"post_tag","embeddable":true,"href":"https:\/\/srcekrajine.org\/index.php?rest_route=%2Fwp%2Fv2%2Ftags&post=22477"}],"curies":[{"name":"wp","href":"https:\/\/api.w.org\/{rel}","templated":true}]}}