{"id":22553,"date":"2019-05-14T15:05:45","date_gmt":"2019-05-14T13:05:45","guid":{"rendered":"https:\/\/srcekrajine.org\/?p=22553"},"modified":"2019-06-14T13:34:01","modified_gmt":"2019-06-14T11:34:01","slug":"novi-signali-iz-usa","status":"publish","type":"post","link":"https:\/\/srcekrajine.org\/?p=22553","title":{"rendered":"\u0418\u043c\u0430\u043c\u043e \u043d\u0430\u0458\u0432\u0435\u045b\u0438 \u043f\u0440\u043e\u0431\u043b\u0435\u043c \u0441\u0430 \u0441\u0432\u043e\u0458\u043e\u043c \u0433\u043b\u0430\u0432\u043e\u043c"},"content":{"rendered":"<p>13 \u043c\u0435\u0438 2019<\/p>\n<p>\u041d\u043e\u0432\u0438 \u0441\u0438\u0433\u043d\u0430\u043b\u0438 \u043d\u0430\u043c \u0441\u0435 \u0441\u0435\u0440\u0432\u0438\u0440\u0430\u0458\u0443 \u0438\u0437 \u0410\u043c\u0435\u0440\u0438\u043a\u0435 &#8211; \u041a\u0430\u043a\u043e \u0434\u0430 \u0438\u0445 \u043f\u0440\u043e\u0442\u0443\u043c\u0430\u0447\u0438\u043c\u043e? \u041a\u0430\u043a\u043e \u0410\u043b\u0431\u0430\u043d\u0446\u0438 \u043f\u0440\u043a\u043e\u0441\u0435 \u0415\u0432\u0440\u043e\u043f\u0438 \u0438 \u0447\u0438\u0458\u0443 \u043f\u043e\u0434\u0440\u0448\u043a\u0443 \u0438\u043c\u0430\u0458\u0443? \u0428\u0442\u0430 \u043c\u043e\u0436\u0435\u043c\u043e \u0434\u0430 \u043e\u0447\u0435\u043a\u0443\u0458\u0435\u043c\u043e \u0443 \u0432\u0435\u0437\u0438 \u041a\u043e\u0441\u043e\u0432\u0430 \u0438 \u041c\u0435\u0442\u043e\u0445\u0438\u0458\u0435 \u043d\u0430\u043a\u043e\u043d \u043f\u0440\u0435\u0442\u0445\u043e\u0434\u043d\u0438\u043c \u0440\u0430\u0437\u0433\u043e\u0432\u043e\u0440\u0430?<\/p>\n<p>\u0412\u043e\u0434\u0438\u0442\u0435\u0459: \u041c\u0438\u043b\u043e\u043c\u0438\u0440 \u041c\u0430\u0440\u0438\u045b<\/p>\n<p><iframe loading=\"lazy\" title=\"CIRILICA - Kosovo kao dinamit koji moze sve da razori \/ Novi signali iz USA - 13.5.2019\" width=\"500\" height=\"281\" src=\"https:\/\/www.youtube.com\/embed\/gH2EK8mkypE?feature=oembed\" frameborder=\"0\" allow=\"accelerometer; autoplay; clipboard-write; encrypted-media; gyroscope; picture-in-picture; web-share\" referrerpolicy=\"strict-origin-when-cross-origin\" allowfullscreen><\/iframe><\/p>\n<p><!--more--><\/p>\n<p>Gosti : Prvoslav Davini\u0107 &#8211; Diplomata i nekada\u0161nji ministar odbrane Srbije i Crne Gore<\/p>\n<p>-Tomo Kova\u010d &#8211; Biv\u0161i ministar unutra\u0161njih poslova Republike Srpske<\/p>\n<p>-Prof dr Slobodan Relji\u0107 Sociolog, novinar i nekada\u0161nji glavni i odgovorni urednik &#8222;NIN&#8220;-a<\/p>\n<p>-Darko Tanaskovi\u0107 &#8211; Nekada\u0161nji ambasador u UNESCO-a<\/p>\n<p>&nbsp;<\/p>\n<p>&nbsp;<\/p>\n<p>&nbsp;<\/p>\n<p>&nbsp;<\/p>\n","protected":false},"excerpt":{"rendered":"<p>13 \u043c\u0435\u0438 2019 \u041d\u043e\u0432\u0438 \u0441\u0438\u0433\u043d\u0430\u043b\u0438 \u043d\u0430\u043c \u0441\u0435 \u0441\u0435\u0440\u0432\u0438\u0440\u0430\u0458\u0443 \u0438\u0437 \u0410\u043c\u0435\u0440\u0438\u043a\u0435 &#8211; \u041a\u0430\u043a\u043e \u0434\u0430 \u0438\u0445 \u043f\u0440\u043e\u0442\u0443\u043c\u0430\u0447\u0438\u043c\u043e? \u041a\u0430\u043a\u043e \u0410\u043b\u0431\u0430\u043d\u0446\u0438 \u043f\u0440\u043a\u043e\u0441\u0435 \u0415\u0432\u0440\u043e\u043f\u0438 \u0438 \u0447\u0438\u0458\u0443 \u043f\u043e\u0434\u0440\u0448\u043a\u0443 \u0438\u043c\u0430\u0458\u0443? \u0428\u0442\u0430 \u043c\u043e\u0436\u0435\u043c\u043e \u0434\u0430 \u043e\u0447\u0435\u043a\u0443\u0458\u0435\u043c\u043e \u0443 \u0432\u0435\u0437\u0438 \u041a\u043e\u0441\u043e\u0432\u0430 \u0438 \u041c\u0435\u0442\u043e\u0445\u0438\u0458\u0435 \u043d\u0430\u043a\u043e\u043d \u043f\u0440\u0435\u0442\u0445\u043e\u0434\u043d\u0438\u043c \u0440\u0430\u0437\u0433\u043e\u0432\u043e\u0440\u0430? \u0412\u043e\u0434\u0438\u0442\u0435\u0459: \u041c\u0438\u043b\u043e\u043c\u0438\u0440 \u041c\u0430\u0440\u0438\u045b<\/p>\n","protected":false},"author":2,"featured_media":0,"comment_status":"open","ping_status":"open","sticky":false,"template":"","format":"standard","meta":{"footnotes":""},"categories":[30],"tags":[],"_links":{"self":[{"href":"https:\/\/srcekrajine.org\/index.php?rest_route=\/wp\/v2\/posts\/22553"}],"collection":[{"href":"https:\/\/srcekrajine.org\/index.php?rest_route=\/wp\/v2\/posts"}],"about":[{"href":"https:\/\/srcekrajine.org\/index.php?rest_route=\/wp\/v2\/types\/post"}],"author":[{"embeddable":true,"href":"https:\/\/srcekrajine.org\/index.php?rest_route=\/wp\/v2\/users\/2"}],"replies":[{"embeddable":true,"href":"https:\/\/srcekrajine.org\/index.php?rest_route=%2Fwp%2Fv2%2Fcomments&post=22553"}],"version-history":[{"count":2,"href":"https:\/\/srcekrajine.org\/index.php?rest_route=\/wp\/v2\/posts\/22553\/revisions"}],"predecessor-version":[{"id":22555,"href":"https:\/\/srcekrajine.org\/index.php?rest_route=\/wp\/v2\/posts\/22553\/revisions\/22555"}],"wp:attachment":[{"href":"https:\/\/srcekrajine.org\/index.php?rest_route=%2Fwp%2Fv2%2Fmedia&parent=22553"}],"wp:term":[{"taxonomy":"category","embeddable":true,"href":"https:\/\/srcekrajine.org\/index.php?rest_route=%2Fwp%2Fv2%2Fcategories&post=22553"},{"taxonomy":"post_tag","embeddable":true,"href":"https:\/\/srcekrajine.org\/index.php?rest_route=%2Fwp%2Fv2%2Ftags&post=22553"}],"curies":[{"name":"wp","href":"https:\/\/api.w.org\/{rel}","templated":true}]}}