{"id":22700,"date":"2019-08-31T18:09:40","date_gmt":"2019-08-31T16:09:40","guid":{"rendered":"https:\/\/srcekrajine.org\/?p=22700"},"modified":"2019-08-31T18:09:40","modified_gmt":"2019-08-31T16:09:40","slug":"o-posledicama-bombardovanja","status":"publish","type":"post","link":"https:\/\/srcekrajine.org\/?p=22700","title":{"rendered":"O posledicama bombardovanja . . ."},"content":{"rendered":"<p>TV Happy 20.08.2019<\/p>\n<p><strong>\u00a0Darko Laketi\u0107 &#8211; Predsednik skup\u0161tinske komisije za utvr\u0111ivanje posledica NATO bombardovanja<\/strong><\/p>\n<p><iframe loading=\"lazy\" title=\"Darko Laketic - Borimo se sa ozbiljnim posledicama bombardovanja - DJS - TV Happy 29.8.2019\" width=\"500\" height=\"281\" src=\"https:\/\/www.youtube.com\/embed\/PR_XLLPsb2s?feature=oembed\" frameborder=\"0\" allow=\"accelerometer; autoplay; clipboard-write; encrypted-media; gyroscope; picture-in-picture; web-share\" referrerpolicy=\"strict-origin-when-cross-origin\" allowfullscreen><\/iframe><\/p>\n<p>Gost: Darko Laketi\u0107 &#8211; Predsednik skup\u0161tinske komisije za utvr\u0111ivanje posledica NATO bombardovanja i obolelim\u00a0 Nemcima i Italijanima koji su kao vojnici boravili na KiM . . .<\/p>\n<p>Voditelji: Milomir Mari\u0107 i Katarina Kor\u0161a<\/p>\n<p>&nbsp;<\/p>\n","protected":false},"excerpt":{"rendered":"<p>TV Happy 20.08.2019 \u00a0Darko Laketi\u0107 &#8211; Predsednik skup\u0161tinske komisije za utvr\u0111ivanje posledica NATO bombardovanja Gost: Darko Laketi\u0107 &#8211; Predsednik skup\u0161tinske komisije za utvr\u0111ivanje posledica NATO bombardovanja i obolelim\u00a0 Nemcima i Italijanima koji su kao vojnici boravili na KiM . . . Voditelji: Milomir Mari\u0107 i Katarina Kor\u0161a &nbsp;<\/p>\n","protected":false},"author":2,"featured_media":0,"comment_status":"open","ping_status":"open","sticky":false,"template":"","format":"standard","meta":{"footnotes":""},"categories":[1],"tags":[],"_links":{"self":[{"href":"https:\/\/srcekrajine.org\/index.php?rest_route=\/wp\/v2\/posts\/22700"}],"collection":[{"href":"https:\/\/srcekrajine.org\/index.php?rest_route=\/wp\/v2\/posts"}],"about":[{"href":"https:\/\/srcekrajine.org\/index.php?rest_route=\/wp\/v2\/types\/post"}],"author":[{"embeddable":true,"href":"https:\/\/srcekrajine.org\/index.php?rest_route=\/wp\/v2\/users\/2"}],"replies":[{"embeddable":true,"href":"https:\/\/srcekrajine.org\/index.php?rest_route=%2Fwp%2Fv2%2Fcomments&post=22700"}],"version-history":[{"count":1,"href":"https:\/\/srcekrajine.org\/index.php?rest_route=\/wp\/v2\/posts\/22700\/revisions"}],"predecessor-version":[{"id":22701,"href":"https:\/\/srcekrajine.org\/index.php?rest_route=\/wp\/v2\/posts\/22700\/revisions\/22701"}],"wp:attachment":[{"href":"https:\/\/srcekrajine.org\/index.php?rest_route=%2Fwp%2Fv2%2Fmedia&parent=22700"}],"wp:term":[{"taxonomy":"category","embeddable":true,"href":"https:\/\/srcekrajine.org\/index.php?rest_route=%2Fwp%2Fv2%2Fcategories&post=22700"},{"taxonomy":"post_tag","embeddable":true,"href":"https:\/\/srcekrajine.org\/index.php?rest_route=%2Fwp%2Fv2%2Ftags&post=22700"}],"curies":[{"name":"wp","href":"https:\/\/api.w.org\/{rel}","templated":true}]}}