{"id":22721,"date":"2019-09-08T10:50:52","date_gmt":"2019-09-08T08:50:52","guid":{"rendered":"https:\/\/srcekrajine.org\/?p=22721"},"modified":"2019-09-08T10:58:10","modified_gmt":"2019-09-08T08:58:10","slug":"martic-zasto-sam-naredio-granate-na-zagreb","status":"publish","type":"post","link":"https:\/\/srcekrajine.org\/?p=22721","title":{"rendered":"Marti\u0107: Za\u0161to sam naredio granate na Zagreb"},"content":{"rendered":"<p><span class=\"author\">Dragan Vuji\u010di\u0107\u00a0<\/span>| 08. septembar 2019.<\/p>\n<p><span style=\"color: #800000;\"><strong>Nekada\u0161nji predsednik RSK, iz zatvora u Estoniji, javno, prvi put posle 24 godine: Naredba je usledila kada su usta\u0161e po\u010dele da nam ubijaju \u017eene i neja\u010d.Mo\u0107ni diplomata mi je poru\u010dio da sam u hag sam sebe &#8222;poslao&#8220;<\/strong><\/span><\/p>\n<p><a class=\"verticalArticleImage cboxElement\" href=\"http:\/\/www.novosti.rs\/upload\/images\/2019a\/\/09\/07n\/novina\/02-martic-hag-ap.jpg\"><img decoding=\"async\" src=\"http:\/\/www.novosti.rs\/upload\/thumbs\/images\/2019a\/\/09\/07n\/novina\/02-martic-hag-ap_620x0.jpg\" alt=\" Marti\u0107 u sudnici Tribunala u Hagu \/ Foto AP\" \/><\/a><\/p>\n<h5><span style=\"color: #800000;\">Marti\u0107 u sudnici Tribunala u Hagu \/ Foto AP<\/span><\/h5>\n<p>ZA dom spremni&#8220;, prebijanje srpskih mladi\u0107a jer navijaju za Zvezdu, i najstra\u0161nija revizija istorije. sve to se doga\u0111alo i 1990. godine. Nisam hteo, ali morao sam tada da stanem na \u010delo narodnog ustanka protiv usta\u0161tva koje je diglo glavu posle prvih vi\u0161estrana\u010dkih izbora u Hrvatskoj 1990. kada je pobedio Tu\u0111man.<!--more--><\/p>\n<p>Ovako, u ekskluzivnoj ispovesti za &#8222;Novosti&#8220;, govori Milan Marti\u0107, nekada\u0161nji predsednik Republike Srpske Krajine. Ovaj Srbin iz Knina, biv\u0161i policajac, danas ha\u0161ki osu\u0111enik kome su svetski mo\u0107nici &#8222;razrezali&#8220; 35 godina robije, posle pune 24 godine otvorio je du\u0161u za medije, i to iza zidina zatvora Vangla u Tartuu, drugom po veli\u010dini gradu u Estoniji. &#8222;Novosti&#8220; su bile logi\u010dan izbor da se priseti po\u010detka stra\u0161nih devedesetih godina pro\u0161log veka:<\/p>\n<p>&#8211; Se\u0107am se da smo te 1990. dobili informaciju o novim policijskim crnim uniformama koje su podse\u0107ale na odore usta\u0161a iz Crne legije. Tra\u017eili su od nas i da nosimo \u0161ahovnice, kao i da prema diktatu iz Zagreba hapsimo Srbe. Tako ne\u0161to ogroman broj mojih kolega policajaca i ja nismo mogli da uradimo. Zato je buknula pobuna u Kninu jula 1990.<\/p>\n<p>Mogao bi, ka\u017ee Marti\u0107, punih 10 dana da pri\u010da o svemu, i nagla\u0161ava da ne \u017eeli sa\u017ealjevanje i da to &#8222;ne dozvoljava&#8220;. Ukazuje i na to da se u Hrvatskoj ni\u0161ta nije promenilo u proteklih 29 godina, kada je pobedom Tu\u0111mana na izborima usta\u0161tvo ponovo o\u017eivelo. Se\u0107a se Marti\u0107 da su njegove starije kolege te 1990. jednostavno oti\u0161le iz policije. Bio je, govori, dok sedimo jedan naspram drugog ispred neprobojnog stakla ovog estonskog kazamata, jedini sa inspektorskim \u010dinom koga je sudbina izabrala da se stavi na \u010delo pobunjenog naroda, iako je u to vreme bio \u0161ef policijskog sindikata.<\/p>\n<p>&#8211; Li\u010dno nisam verovao da Tu\u0111man mo\u017ee da dobije izbore. U njegovoj kampanji mr\u017enja protiv Srba bila je ogoljena do kraja. Ko bi poverovao da \u0107e Hrvati listom glasati za tu politiku &#8211; pita se i dan-danas Marti\u0107, dodaju\u0107i da Srbi u Krajini nisu mrzeli Hrvate. &#8211; Znali smo \u0161ta su nam napravili u Drugom ratu, pla\u0161ili smo ih se potajno, ali nismo verovali da \u0107e u Evropi do\u0107i vreme da se ponovo rodi jedna takva nakaza od dr\u017eave. Mislili smo da Evropa to ne\u0107e dati. Srbi ni danas ne mrze Hrvate, niti Hrvatsku, jer je to vekovima bila zemlja na\u0161ih pradedova. Na\u017ealost, reciprocitet od strane Hrvatske je izostao.<\/p>\n<p>Marti\u0107 nam, nabrajaju\u0107i imena Milana Babi\u0107a, Gorana Had\u017ei\u0107a, Radovana Karad\u017ei\u0107a, Milana Milutinovi\u0107a i Slobodana Milo\u0161evi\u0107a, govori i da su svi srpski predsednici koji su se stavili na \u010delo otpora nastavku Drugog svetskog rata &#8211; ka\u017enjeni. Dodaje i da je bio prvi Srbin koji je &#8222;vi\u0111en&#8220; da \u0107e robijati za navodne ratne zlo\u010dine i prvi &#8222;zabele\u017een&#8220; za Hag.<\/p>\n<p>&#8211; Uslovno se mo\u017ee re\u0107i, bio sam prva \u017ertva pojave neofa\u0161izma u svetu. Dogodila se akcija &#8222;Bljesak&#8220;, kada su usta\u0161e 1. i 2. maja 1990. bukvalno pregazile Zapadnu Slavoniju, a pomo\u0107i nam nije bilo niotkuda. Nare\u0111enje da se ga\u0111a Zagreb kao upozorenje doneto je iz o\u010daja, kada sam dobio informaciju o stotinama pobijenih Srba, me\u0111u kojima je bilo 57 \u017eena i devetoro dece.<\/p>\n<p><span style=\"color: #800000;\"><i><b>Sa Milo\u0161evi\u0107em februara 1994. godine \/ Foto EPA<\/b><\/i><\/span><\/p>\n<div class=\"inlineImage_center\"><img decoding=\"async\" src=\"http:\/\/www.novosti.rs\/upload\/images\/2019a\/\/09\/07n\/novina\/02-martic-epa.jpg\" \/><\/div>\n<p>Usta\u0161e su, se\u0107a se Marti\u0107, o\u010distile celo podru\u010dje gde je nekada \u017eivelo 15.000 na\u0161ih sunarodnika, a &#8222;udar&#8220; na Zagreb, tvrdi Marti\u0107, bio je jedini na\u010din da bar poku\u0161a da upozori Hrvate da \u0107e se svetiti onim \u0161to imaju.<\/p>\n<p>&#8211; Ve\u0107 3. maja, dok su srpske ku\u0107e u Zapadnoj Slavoniji jo\u0161 gorele, javio mi se jedan mo\u0107ni zapadni diplomata i rekao da sam se &#8222;upisao&#8220; da idem u Hag zbog ratnih zlo\u010dina.<\/p>\n<p>Pri\u010da biv\u0161i predsednik RSK bez zazora i o hrvatskim najavama da \u0107e posle odslu\u017eena kazne morati da odgovara za navodne zlo\u010dine i u toj zemlji. Pre dvadesetak dana, na TV je \u010duo da su mu u Zagrebu upravo napisali novu optu\u017enicu &#8222;za neselektivno ga\u0111anje Karlovca i Jastrebarskog&#8220;.<\/p>\n<p>&#8211; Ni to za mene nije ni\u0161ta novo. U Hrvatskoj me pet \u017eupanijskih sudova &#8222;\u010dastilo&#8220; sa oko 100 godina robije. Gotovo da je za \u0161iru javnost nepoznanica da su se 2014. Hrvati sa estonskim vlastima dogovorili da me tajno prebace u Hrvatsku, ali je taj plan osuje\u0107en. O svemu sam \u010duo po\u0161to sam 2014. ponovo do\u0161ao u ha\u0161ku sudnicu da svedo\u010dim na procesu Goranu Had\u017ei\u0107u. U Sekretarijatu Tribunala sam dobio ove informacije, ali ceo skandal je, ipak, gurnut pod tepih.<\/p>\n<p>O zlo\u010dina\u010dkoj operaciji hrvatske vojske &#8222;Oluja&#8220; i potonjem progonu srpskog \u017eivlja sa vekovnih ognji\u0161ta Marti\u0107 ka\u017ee da tako nije moralo da bude:<\/p>\n<p>&#8211; U Vensovom planu razme\u0161tanja snaga UN u Hrvatskoj do pronalaska mirovnog re\u0161enja jasno je pisalo da UN garantuju Srbima opstanak na teritoriji pod njihovom za\u0161titom i pi\u0161e da ukoliko UN ne mogu da obezbede sigurnost Kraji\u0161nicima, Jugoslavija ima pravo da interveni\u0161e. U &#8222;Bljesku&#8220;, a potom i u &#8222;Oluji&#8220;, JNA nije preduzela niti jedan korak da nas za\u0161titi. Tako\u0111e, ni RS nam nije pomogla, iako smo i sa Palama imali sporazum o zajedni\u010dkoj odbrani &#8211; kategori\u010dan je na\u0161 sagovornik.<\/p>\n<div class=\"inlineImage_center\"><img decoding=\"async\" src=\"http:\/\/www.novosti.rs\/upload\/images\/2019a\/\/09\/07n\/novina\/02-Martic1.jpg\" \/><\/div>\n<p>Nekada\u0161nji predsednik RSK pri\u010da i o tome kako je vi\u0161e puta telefonom pred &#8222;Oluju&#8220; poku\u0161ao da od Milo\u0161evi\u0107a \u010duje kako \u0107e reagovati na najavljenu akciju Zagreba. Ka\u017ee i da je dva puta bezuspe\u0161no dolazio u Beograd. Ipak se na kraju, ka\u017ee, sa Milo\u0161evi\u0107em \u010duo telefonom.<\/p>\n<p>&#8211; Tih, poslednjih dana jula 1995, od Milo\u0161evi\u0107a sam tra\u017eio da opovrgne tvrdnje tada\u0161njih hrvatskih medija &#8222;kako Vojska ne\u0107e intervenisati u slu\u010daju udara hrvatskih snaga na Krajinu&#8220;. Milo\u0161evi\u0107 mi je to obe\u0107ao, ali ni\u0161ta nije u\u010dinjeno.<\/p>\n<p>Sreli su se Milo\u0161evi\u0107 i Marti\u0107 posle nekoliko godina, ali na sasvim drugom mestu &#8211; u Hagu. Tu su, ka\u017ee, izgladili prijateljstvo.<\/p>\n<p>&#8211; U Milo\u0161evi\u0107evom pona\u0161anju nije bilo nimalo gordosti, ve\u0107 samo \u017eelja da odbrani srpski narod od monstruoznih optu\u017ebi koje nisu imale nikakve veze sa stvarno\u0161\u0107u. Dogovorili smo se da mu budem svedok za doga\u0111aje u Krajini kada do\u0111e vreme za to &#8211; se\u0107a se Milan Marti\u0107. &#8211; Tra\u017eio je Milo\u0161evi\u0107 od mene da pri\u010dam kako je zaista bilo i da slobodno ka\u017eem da je tada ignorisao Krajinu. U tom trenutku mo\u017eda mu je tako najvi\u0161e odgovaralo, a meni je bilo u interesu da iznesem istinu. Posle smrti predsednika Srbije i SRJ, mogu samo da slutim da je od nekoga dobio obe\u0107anje kako Srbiji Kosovo ne\u0107e dirati ako &#8222;da Krajinu&#8220;, i pretpostavljam da je to hteo javno da ka\u017ee. Kako je umro &#8211; i to je pitanje.<\/p>\n<p>Kroz zube, Milan pri\u010da o ha\u0161koj presudi od 35 godina zatvora. Podse\u0107a nas da ga je osudilo Sudsko ve\u0107e kojem je predsedavao sudija Bakone Molota, \u010dovek koji je potom svih optu\u017ebi oslobodio Ramu\u0161a Haradinaja. Ne mo\u017ee, ka\u017ee, da zaboravi Bakoneovo pitanje tokom procesa: &#8222;Za\u0161to se sami niste iselili u Srbiju, tamo bi vas, Kraji\u0161nike, priznali kao narod i tako biste skratili muke i sebi i Hrvatima?&#8220;<\/p>\n<p>&#8211; Ni Paveli\u0107 se bolje ne bi setio &#8211; kratko i jasno ka\u017ee Marti\u0107.<\/p>\n<p>Me\u0111utim, Hag, kako nam otkriva, &#8222;nije bio ni\u0161ta&#8220; za ono \u0161to ga je sa\u010dekalo u Estoniji:<\/p>\n<p>&#8211; Moj do\u010dek na aerodromu u Estoniji preno\u0161en je na televiziji &#8211; se\u0107a se 6. juna 2009. &#8211; U avionu su mi i ruke i noge bile vezane lisicima. Kada sam iza\u0161ao iz aviona, \u010dekale su me kamere, a bilo je i Estonaca koji su do\u0161li da me vide kao &#8222;balkanskog Ajhmana&#8220;.<\/p>\n<p>Potom je stavljen u kavez, a onda bukvalno utrpan u kombi. Zatvorski voza\u010d se zaletao preko piste, a onda naglo ko\u010dio, dok je kavez leteo po unutra\u0161njosti vozila.<\/p>\n<p>&#8211; Ne pri\u010dam o tome da bi me neko sa\u017ealjevao, ve\u0107 radi istine.<\/p>\n<p>Toga dana, se\u0107a se Marti\u0107, nisu mu dali ni\u0161ta da jede. Stavljen je u samicu punu granja, komaraca i vode. Ta\u010dno 93 dana je bio u potpunoj izolaciji.<\/p>\n<p>&#8211; Kada sam pitao za\u0161to, obja\u0161njeno mi je da je to procedura, dok se ne naviknem. Posle tri meseca prebacili su me u \u0107eliju odmah do ove. Tu je bilo vode do kolena, a iz zida su virile ogoljene elektri\u010dne \u017eice. Tada sam na jedvite jade dobio mogu\u0107nost da telefoniram i obavestio sam prijatelja, pokojnog Branu Crn\u010devi\u0107a, u kakvom sam problemu, a on je preko svojih veza to signalizirao javnosti.<\/p>\n<p><span style=\"color: #800000;\"><b><i>Zatvor Vangla,foto V.D.<\/i><\/b><\/span><\/p>\n<div class=\"inlineImage_center\"><img decoding=\"async\" src=\"http:\/\/www.novosti.rs\/upload\/images\/2019a\/\/09\/07n\/novina\/02-martic-zatvor.jpg\" \/><\/div>\n<p>Marti\u0107 nam otkriva i da mu je glavu u Estoniji spasla \u017eena iz Me\u0111unarodnog komiteta Crvenog krsta, koja je sa svojom ekipom stigla iz \u0160vajcarske, po\u0161to su i zvani\u010dno u \u017denevi dobili prijavu na uslove u Estoniji. U dva navrata je sastavljala izve\u0161taje, ne skrivaju\u0107i kako je zgro\u017eena onim \u0161to je videla. Obe\u0107ala je da \u0107e ga sigurno izbaviti iz kazamata, i tada su se uslovi malo popravili. Me\u0111utim, nastaje obrt:<\/p>\n<p>&#8211; Godine 2012, i\u0161ao sam u Hag da svedo\u010dim u korist Radovana Karad\u017ei\u0107a, i u Sekretarijatu suda sam pitao za izve\u0161taj Crvenog krsta. Re\u010deno mi je da je negativan po estonski zatvor, ali ni blizu onako kako sam o\u010dekivao. Tada sam video da je ta \u017eena uklonjena, da vi\u0161e ne radi za Crveni krst, a da je izve\u0161taj potpisao neko sasvim drugi &#8211; pri\u010da Milan.<\/p>\n<p>Nisu uspeli da ga ubiju, ka\u017ee nekada\u0161nji predsednik RSK, a poku\u0161aja da ga slome bilo je na desetine.<\/p>\n<p>&#8211; Ovde, recimo, samo ja pla\u0107am struju za sve \u0161to potro\u0161im, od kuvala za kafu do grejanja zimi. To je minimum 50 evra. Estonskim gra\u0111anima telefon je besplatan, a meni napla\u0107uju 1,36 evra po minutu. U ovom zatvoru na zidovima \u0107elija, naro\u010dito do pre nekoliko godina, nacisti\u010dke svastike su bile uobi\u010dajena pojava, dok meni nisu dali ni da \u010ditam knjige, koje su ozna\u010dili kao opasne, posebno ne dela Dobrice \u0106osi\u0107a.<\/p>\n<p>Problemi su bili svakodnevni. Sa gor\u010dinom pri\u010da kako su mu u posetu do\u0161li sin, snaja i tek ro\u0111eni unuk i kako je sina i unuka mogao da vidi, ali ne i snaju, jer mu &#8211; &#8222;nije rod&#8220;.<\/p>\n<p><i><b>Na\u0161 novinar ispred zatvora Vangla Foto D. V.<\/b><\/i><\/p>\n<div class=\"inlineImage_center\"><img decoding=\"async\" src=\"http:\/\/www.novosti.rs\/upload\/images\/2019a\/\/09\/07n\/novina\/02-martic-vuja.jpg\" \/><\/div>\n<p><span style=\"color: #800000;\"><b>I \u010cUVARI BEZ MOBILNIH TELEFONA<\/b><\/span><\/p>\n<p>ZATVOR Vangla nalazi se u gradu Tartuu, a 2002. godine, kada je napravljen, bio je najsavremenija institucija tog tipa u balti\u010dkim zemljama. Spolja gotovo da li\u010di na medicinsku ustanovu, a unutra je i \u010duvarima zabranjeno da nose mobilne telefone.<\/p>\n<p><span style=\"color: #800000;\"><b>PREPOZNALI BI GA<\/b><\/span><\/p>\n<p>PROMENIO se Milan Marti\u0107, ali bi ga i danas prepoznali na ulici. Upadljivo je mr\u0161av. Ka\u017ee da mu je to od &#8222;\u0161e\u0107era&#8220;, od koga boluje od 1995, kada je Krajina pala.<\/p>\n<p>Uprava zatvora bila je izri\u010dita: slikanje nije dozvoljeno. Na osnovu li\u010dnog utiska na\u0161eg reportera, Vojislava Tanurd\u017ei\u0107, ilustrator &#8222;Novosti&#8220;, donosi nam dana\u0161nji izgled nekada\u0161njeg prvog \u010doveka RSK.<\/p>\n<div class=\"inlineImage_center\"><img decoding=\"async\" src=\"http:\/\/www.novosti.rs\/upload\/images\/2019a\/\/09\/07n\/novina\/02-Martic.jpg\" \/><\/div>\n<p>&nbsp;<\/p>\n<p><span style=\"color: #800000;\"><b>POMO\u0106 AMBASADE U FINSKOJ<\/b><\/span><\/p>\n<p>DA bi Marti\u0107a posetili u zatvoru u Estoniji, gde se nalazi od 2009, bilo je potrebno da Ambasada Srbije u Finskoj, koja zastupa interese na\u0161e zemlje u balti\u010dkim zemljama, na \u010delu sa ekselencijom Sa\u0161om Obradovi\u0107em, interveni\u0161e nekoliko puta. Tek posle li\u010dnih kontakata na\u0161eg amabasadora sa upravom najstro\u017eeg zatvora u Estoniji, i posle mnogo razmenjenih mejlova o uslovima pod kojima novinar mo\u017ee da razgovara sa osu\u0111enicima, &#8222;Novosti&#8220; su dobile 50 minuta telefonom iza zatvorskog stakla.<\/p>\n<p>&nbsp;<\/p>\n<p><span style=\"color: #800000;\"><b>MOJI KRAJI\u0160NICI BORJAN I DEGENEK<\/b><\/span><\/p>\n<p>DA pri\u010damo ne\u0161to lepo, prekida nas usred razgovora Marti\u0107, pa se pri\u010da spontano preselila na fudbalski teren.<\/p>\n<p>&#8211; Jeste li videli Borjana i Degeneka \u0161ta uradi\u0161e u kvalifikacijama za Ligu \u0161ampiona? To su moji Kninjani, od jedanaest Zvezdinih dvojica su Kraji\u0161nici &#8211; ponosno nam govori Marti\u0107, i otkriva da je gledao Zvezdu u me\u010du protiv Jang bojsa, jer ga je estonska TV prenosila. &#8211; General Milo\u0161evi\u0107, Luki\u0107 i ja dugo smo se grlili kada je sudija dao znak da je me\u010d u Beogradu zavr\u0161en.<\/p>\n<p>Na pitanje da li bi voleo da u \u0107eliji ima dresove Borjana i Degeneka, odgovara nam potvrdno, tihim glasom.<\/p>\n<hr \/>\n<p><span style=\"color: #800000;\"><b>KNjIGA SE\u0106ANjA<\/b><\/span><br \/>\nO DOGA\u0110AJIMA u Krajini od 1990. do 1995. i njenog pada Marti\u0107 je pisao u knjizi se\u0107anja. Jo\u0161, me\u0111utim, nije objavljena, a, kako nam ka\u017ee, njegova porodica \u0107e zajedno sa njim proceniti kada je vreme za to.<\/p>\n<p><span style=\"color: #800000;\"><b>PROTA RADMILO<\/b><\/span><br \/>\nPROTA Radmilo Stoki\u0107 iz Bedforda u Engleskoj prvi je sve\u0161tenik SPC koji je u zatvoru Vangla, prema blagoslovu vladike britansko-skandinavskog Dositeja, odr\u017eao moleban za su\u017enje.<\/p>\n<p><span style=\"color: #800000;\"><b>IZA RE\u0160ETAKA \u010cAK 900 LjUDI<\/b><\/span><br \/>\nU ZATVORU kaznu trenutno izdr\u017eava oko 900 ljudi, \u0161to je mnogo vi\u0161e nego \u0161to je projektovano. Pored Marti\u0107a, ovde su jo\u0161 dvojica ha\u0161kih osu\u0111enika, na\u0161ih sunarodnika &#8211; Dragomir Milo\u0161evi\u0107 i Milan Luki\u0107.<\/p>\n<p>&nbsp;<\/p>\n<p>&nbsp;<\/p>\n<p>&nbsp;<\/p>\n","protected":false},"excerpt":{"rendered":"<p>Dragan Vuji\u010di\u0107\u00a0| 08. septembar 2019. Nekada\u0161nji predsednik RSK, iz zatvora u Estoniji, javno, prvi put posle 24 godine: Naredba je usledila kada su usta\u0161e po\u010dele da nam ubijaju \u017eene i neja\u010d.Mo\u0107ni diplomata mi je poru\u010dio da sam u hag sam sebe &#8222;poslao&#8220; Marti\u0107 u sudnici Tribunala u Hagu \/ Foto AP ZA dom spremni&#8220;, prebijanje [&hellip;]<\/p>\n","protected":false},"author":2,"featured_media":0,"comment_status":"open","ping_status":"open","sticky":false,"template":"","format":"standard","meta":{"footnotes":""},"categories":[26],"tags":[],"_links":{"self":[{"href":"https:\/\/srcekrajine.org\/index.php?rest_route=\/wp\/v2\/posts\/22721"}],"collection":[{"href":"https:\/\/srcekrajine.org\/index.php?rest_route=\/wp\/v2\/posts"}],"about":[{"href":"https:\/\/srcekrajine.org\/index.php?rest_route=\/wp\/v2\/types\/post"}],"author":[{"embeddable":true,"href":"https:\/\/srcekrajine.org\/index.php?rest_route=\/wp\/v2\/users\/2"}],"replies":[{"embeddable":true,"href":"https:\/\/srcekrajine.org\/index.php?rest_route=%2Fwp%2Fv2%2Fcomments&post=22721"}],"version-history":[{"count":3,"href":"https:\/\/srcekrajine.org\/index.php?rest_route=\/wp\/v2\/posts\/22721\/revisions"}],"predecessor-version":[{"id":22724,"href":"https:\/\/srcekrajine.org\/index.php?rest_route=\/wp\/v2\/posts\/22721\/revisions\/22724"}],"wp:attachment":[{"href":"https:\/\/srcekrajine.org\/index.php?rest_route=%2Fwp%2Fv2%2Fmedia&parent=22721"}],"wp:term":[{"taxonomy":"category","embeddable":true,"href":"https:\/\/srcekrajine.org\/index.php?rest_route=%2Fwp%2Fv2%2Fcategories&post=22721"},{"taxonomy":"post_tag","embeddable":true,"href":"https:\/\/srcekrajine.org\/index.php?rest_route=%2Fwp%2Fv2%2Ftags&post=22721"}],"curies":[{"name":"wp","href":"https:\/\/api.w.org\/{rel}","templated":true}]}}