{"id":22766,"date":"2019-11-03T16:15:58","date_gmt":"2019-11-03T15:15:58","guid":{"rendered":"https:\/\/srcekrajine.org\/?p=22766"},"modified":"2019-11-03T16:15:58","modified_gmt":"2019-11-03T15:15:58","slug":"ispovest-generala-armije-dragoljuba-ojdanica","status":"publish","type":"post","link":"https:\/\/srcekrajine.org\/?p=22766","title":{"rendered":"Ispovest generala armije Dragoljuba Ojdani\u0107a"},"content":{"rendered":"<p><span class=\"author\">Dragan Vuji\u010di\u0107<\/span>\u00a0| 03. novembar 2019<\/p>\n<p><strong>Nekada\u0161nji prvi \u010dovek VJ, o ratu na KiM, bombardovanju i prekidu agresije, ha\u0161koj golgoti, Milo\u0161evi\u0107u&#8230;<\/strong><\/p>\n<p><a class=\"verticalArticleImage cboxElement\" href=\"http:\/\/www.novosti.rs\/upload\/images\/2019b\/\/11\/02n\/09ojdanic%20(5).jpg\"><img decoding=\"async\" src=\"http:\/\/www.novosti.rs\/upload\/thumbs\/images\/2019b\/\/11\/02n\/09ojdanic%20(5)_620x0.jpg\" alt=\" Po povratku iz Haga, 2013. godine Foto Tanjug\" \/><\/a><\/p>\n<p>NAMERA NATO, od po\u010detka bombardovanja na\u0161e zemlje 1999, u stvari je bila da preko zverskih ubijanja civila, bacanja bombi na zgrade, bolnice, vozove, autobuse, slomi otpor na\u0161e vojske. Nisu to bile nikakve, kako su ih oni nazivali, kolateralne \u0161tete. Mi smo zato i pristali na njihov ultimatum, kako bismo spre\u010dili dalja zverstva i ratne zlo\u010dine nad decom, \u017eenama, starcima. Vojni\u010dki smo mogli jo\u0161 da izdr\u017eimo, ali oni i nisu nameravali da ratuju sa vojskom, nego sa civilima i da ru\u0161e infrastrukturu, da &#8222;sru\u0161e&#8220; na\u0161 hrabri otpor.<!--more--><\/p>\n<div class=\"inlineBanner\">\n<div id=\"adoceanrspahneihmhp\">Ovako, za &#8222;Novosti&#8220;, general armije Dragoljub Ojdani\u0107, po\u010dinje pri\u010du o nacionalnoj drami koja se odigravala juna 1999, kada je Beograd posle tromese\u010dnog bombardovanja, pristao na uslove &#8222;primirja&#8220; sa NATO. General Ojdani\u0107, tokom agresije NATO na\u010delnik General\u0161taba, nerado govori za novine. Vrata njegovog doma otvorio nam je ruski general Leonid Gregorijevi\u010d Iva\u0161ov, koji u nedavno objavljenoj knjizi, &#8222;Skok na Slatinu&#8220;, pri\u010da i o izdaji glavnog ruskog pregovara\u010da, Viktora \u010cernomirdina, tokom razgovora o uspostavljanju mira nakon NATO agresije.<\/div>\n<\/div>\n<p>&#8211; Tom drugom sastanku, 3. juna 1999, Martija Ahtisarija, Viktora \u010cernomirdina i Slobodana Milo\u0161evi\u0107a, prisustvovao sam i ja kao na\u010delnik \u0161taba Vrhovne komande. Se\u0107am se, Finac je iz unutra\u0161njeg d\u017eepa sakoa izvukao dokument zgu\u017evan u &#8222;loptu&#8220; i nazivaju\u0107i ga &#8222;papirom&#8220; rekao da je na nama da ga usvojimo ili odbijemo bez diskusije. Da bi poja\u010dao svoje re\u010di, sna\u017eno je udario rukom po stolu, rekav\u0161i da \u0107e Beograd biti kao tepsija ako odbijemo taj, navodno sa Rusijom usagla\u0161en plan. Nije nam dozvoljeno da i\u0161ta ka\u017eemo, ali &#8222;govorile&#8220; su na\u0161e o\u010di. One su bile pune suza. General Iva\u0161ov plakao je kao ki\u0161a.<\/p>\n<p>Prema Iva\u0161ovu, \u010cernomirdin je iz Moskve u Bon 1. juna 1999. na razgovore sa Strobom Talbotom i Martijem Ahtisarijem otputovao sa jednim nacrtom sporazuma o miru koji su Rusi usaglasili sa ameri\u010dkim generalima Kejsijem i Fogelsongom. Prvog dana preciziranja dokumenta zastupao je &#8222;moskovske smernice&#8220;, da bi iza pono\u0107i ve\u0107i deo svoje delegacije &#8222;poslao na spavanje&#8220; i ostao sam sa ameri\u010dkim diplomatom. Kada je isto jutro iz Bona do\u0161ao u Beograd i seo sa Milo\u0161evi\u0107em, svrstao se pod &#8222;zastavu Ahtisarija i NATO&#8220; zaboravljaju\u0107i dogovore u Moskvi.<\/p>\n<p><i><b>Ojdani\u0107 danas Foto I. Marinkovi\u0107<\/b><\/i><\/p>\n<div class=\"inlineImage_left\"><img decoding=\"async\" src=\"http:\/\/www.novosti.rs\/upload\/images\/2019b\/\/11\/02n\/09ojdanic%20(2).jpg\" \/><\/div>\n<div>\n<p>&#8211; Se\u0107am se da smo imali informacije sa ruske strane da je NATO komanda tokom usagla\u0161avanja mirovnog dogovora pristala da razmesti trupe na teritoriji KiM do 50 kilometara od granica Makedonije i Albanije ka Srbiji. Oko 50 odsto snaga na\u0161e vojske trebalo je da ostane u ju\u017enoj pokrajini, a predvi\u0111eno je da na\u0161i grani\u010dari i organi MUP nadgledaju povratak izbeglica iz Albanije na glavnim prelazima. O tome smo bili spremni da pri\u010damo sa Ahtisarijem i \u010cernomirdinom, a oni su nam ispostavili ultimatum &#8211; se\u0107a se general.<\/p>\n<p>\u0160ok na srpskoj strani koji je zavladao po\u0161to su Ahtisari i \u010cernomirdin izneli &#8222;nova re\u0161enja&#8220;. Milo\u0161evi\u0107 je tra\u017eio da se izjasni Skup\u0161tina Jugoslavije, a na zajedni\u010dkoj konferenciji za medije Ahtisari je nadobudno rekao kako je dogovoreno i da se procesuiraju svi za koje se utvrdi da su po\u010dinili zlo\u010dine nad Albancima u ratu, uklju\u010duju\u0107i i najvi\u0161e vojne i politi\u010dke funkcionere.<\/p>\n<p>&#8211; Naravno da sam znao da kada govori o ka\u017enjavanju najvi\u0161ih vojnih i dr\u017eavnih funkcionera, Ahtisari, prakti\u010dno, meni preti Hagom. Nije mi bilo stalo tada, imao sam ve\u0107ih briga &#8211; se\u0107a se Ojdani\u0107.<\/p>\n<p>Dodaje da je odluka da se potpi\u0161e plan doneta jer je, ipak, garantovala suverentitet i teritorijalni integritet zemlje. Skup\u0161tina je glasala i svi su bili za, sem radikala. Na\u017ealost, opet smo bili prevareni, konstatuje general.<\/p>\n<p>Dok se se\u0107a ratnih dana, general uzdi\u0161e i sa knedlom u grlu pri\u010da kako je svakog jutra u devet sati imao brifing sa predsednikom Milo\u0161evi\u0107em i da je on uvek uredno i ta\u010dno bio informisan o stanju na bojnom bolju. Svi izve\u0161taji jedinica sa terena bili su prezentovani predsedniku.<\/p>\n<p><i><b>Sa Milo\u0161evi\u0107em 1999. godine Foto Tanjug<\/b><\/i><\/p>\n<div class=\"inlineImage_left\"><img decoding=\"async\" src=\"http:\/\/www.novosti.rs\/upload\/images\/2019b\/\/11\/02n\/09ojdanic%20(4).jpg\" \/><\/div>\n<div>\n<p>&#8211; Predsednika sam vojni\u010dki izve\u0161tavao &#8222;kako stojimo&#8220;, trude\u0107i se da ostanem realan. Sloba nikad nije zapisivao, ali je pamtio kao kompjuter. Ukratko, oni su bili vojni\u010dki mnogo ja\u010di, ali je na\u0161 moral bio daleko ve\u0107i. Da li bi nas &#8222;rasturili&#8220; da smo nastavili rat i odbili Ahtisarija? Pa verovatno da &#8211; priznaje na\u0161 sagovornik.<\/p>\n<p>Li\u010dna golgota generala sa najvi\u0161im \u010dinom u na\u0161oj vojsci po\u010dela je prakti\u010dno odmah na kraju rata. Komandu nad vojskom predao je generalu Pavkovi\u0107u, a zauzeo je mesto ministra odbrane posle ubistva Pavla Bulatovi\u0107a. Do\u0161le su &#8222;demokratske&#8220; promene, a posle njih je aktuelizovana i optu\u017enica iz Haga.<\/p>\n<p>&#8211; \u0160ta da ka\u017eem o tom cirkusu od suda. Optu\u017enica protiv Milo\u0161evi\u0107a i saradnika zbog Kosova dignuta je 15. dana sukoba i o\u010digledno je na taj na\u010din NATO hteo da skine sa sebe odgovornost za zlo\u010dine koje su namerili da \u010dine. Nensi Peterson, autorka kosovske ha\u0161ke optu\u017enice protiv nas, breme svoje odgovornosti docnije je poku\u0161ala da skine intervjuom u &#8222;Observeru&#8220;, gde se \u017ealila kako joj je Luiz Arbur nalo\u017eila da pi\u0161e taj akt i Petersonova je tvrdila kako se tada tvrdo suprostavljala kosovskoj optu\u017enici, ali da nije odolela.<\/p>\n<p>Govori general da je u Hag oti\u0161ao dobrovoljno kada su ga &#8222;iz dr\u017eave&#8220; obavestili da je do\u0161lo vreme za to. Pred generalov odlazak u novinama su se pojavili \u010dlanci u kojima &#8222;neimenovani visoki oficiri&#8220; optu\u017euju Ojdani\u0107a za izdaju, odnosno, kako &#8222;sa sobom vodi jo\u0161 najmanje 200 oficira &#8230;&#8220;<\/p>\n<p>&#8211; Kako to da zaboravim? Imali smo sporazum o saradnji sa Hagom i po zakonu sam morao da idem &#8211; govori oporo general, dodaju\u0107i da ta\u010dno zna ko je zlobnu pri\u010du servirao novinarima. &#8211; Dan pred odlazak obukao sam sve\u010danu uniformu i slikao se sa porodicom i unucima. Da imaju ako se ne vratim. Dan kasnije sa advokatom i suprugom Ljubom redovnom linijom JAT-a sleteo sam u Hag &#8211; pri\u010da general.<\/p>\n<p><i><b>U ha\u0161koj sudnici<\/b><\/i><\/p>\n<div class=\"inlineImage_left\"><img decoding=\"async\" src=\"http:\/\/www.novosti.rs\/upload\/images\/2019b\/\/11\/02n\/09ojdanic%20(6).jpg\" \/><\/div>\n<p>Se\u0107a se Ojdani\u0107 kako su ga u trenutku kada je stupio na tlo Holandije grubo uhapsili tamo\u0161nji policajci. Stavili su mu lisice i strpali ga u maricu prakti\u010dno pred suprugom. U Sheveningenu su hteli da ga ponize do kraja dr\u017ee\u0107i ga dva sata golog na betonu u hodniku zatvora, dok su, navodno, pretresali ima li \u0161ta u\u0161iveno u gajke na pojasu pantalona.<\/p>\n<p>&#8211; Kako god to sada zvu\u010di, ube\u0111en sam da su bili razo\u010darani mojim dostojanstvenim dr\u017eanjem &#8211; nastavlja. &#8211; Niti sam ih \u0161ta molio, niti sam ulagao kakve \u017ealbe. I njima za inat, tu prvu no\u0107 u \u0107eliji sam spavao snom pravednog \u010doveka. Moja savest bila je i ostala mirna.<\/p>\n<p>Susret sa predsednikom Milo\u0161evi\u0107em iza zidina Sheveningena, general opisuje kao susret dobrih drugova. Ka\u017ee da nikada nisu bili &#8222;intimusi&#8220;, ali je Milo\u0161evi\u0107a oduvek po\u0161tovao. U zatvoru je Slobodan svima bio uzor, \u010dovek koji hrabri i te\u0161i, koji je znao da pred sudom brani narod, a ne sebe.<\/p>\n<p>&#8211; Rasturio ih je Sloba. Ni\u0161ta od njihovih la\u017ei nije ostalo &#8211; tvrdi general.<\/p>\n<p>A o svojoj optu\u017enici Ojdani\u0107 ka\u017ee da je bila besmislena. Teretila ga je za navodne zlo\u010dine na KiM dok je on 78 dana rukovodio vojskom iz Komandnog mesta na Top\u010dideru. Nije pomoglo ni stotine pisanih nare\u0111enja koja su oti\u0161la jedinicama, da se moraju profesionalno odnositi prema civilima i ratnim zarobljenicima.<\/p>\n<p>&#8211; Sudija Bonami, inteligentni \u0160kot, jedino \u0161to je na\u0161ao kao moju konkretnu krivicu je \u0161to proglasi upu\u0107eni ablanskim civilima, da ostanu u svojim ku\u0107ama, nisu bili na albanskom jeziku. Na\u017ealost, moji advokati su propustili da upozore sudiju koji je jezik bio zvani\u010dan u JNA i Jugoslaviji &#8211; nagla\u0161ava na\u0161 sagovornik.<\/p>\n<p>General armije Dragoljub Ojdani\u0107 je osu\u0111en na 15, a odle\u017eao je 11,5 godina. Dodaje da je bio spreman da &#8222;zaradi&#8220; jo\u0161 10 ili 12 godina zatvora, i obja\u0161njava za\u0161to:<\/p>\n<p>&#8211; Kada je Milo\u0161evi\u0107 umro, aprila 2006, bio sam na privremenoj slobodi u Beogradu. \u010cuo sam se sa generalom Iva\u0161ovom, rekao mi je da dolazi na sahranu, potvrdio sam da idem i ja. \u010cak 12 generala, i ne znam koliko pukovnika, nazoviprijatelja, zvalo me je i upozoravalo da nikako ne prisustvujem, jer \u0107e me u Hagu dodatno kazniti. Odgovarao sam tim &#8222;prijateljima&#8220; da me nije briga.<\/p>\n<p>Se\u0107a se zatim general kako su ga pred Skup\u0161tinu u sve\u010danoj uniformi uveli sa donje strane, iz Kosovske ulice. Pri\u010da da su okupljene \u017eene i ljudi kraj odra nekada\u0161njeg predsednika krenuli da pla\u010du i tap\u0161u mu, pa mu je bilo neprijatno. Mada, bilo je i ponosa.<\/p>\n<p>&#8211; General Iva\u0161ov i ja dr\u017eali smo po\u010dasnu stra\u017eu pored Milo\u0161evi\u0107evog sanduka. Jedva smo se uzdr\u017eavali da ne zapla\u010demo. Iva\u0161ov je oti\u0161ao na sahranu, a ja u ku\u0107ni pritvor, ra\u010dunaju\u0107i na dodatnih 10 godina robije. Ipak, to se nije desilo.<\/p>\n<p><i><b>Dan pred odlazak u Hag 2002, u sve\u010danoj uniformu slikao se sa unucima<br \/>\n<\/b><\/i><\/p>\n<p><i><b>Foto Privatna arhiva<\/b><\/i><\/p>\n<div class=\"inlineImage_left\"><img decoding=\"async\" src=\"http:\/\/www.novosti.rs\/upload\/images\/2019b\/\/11\/02n\/09ojdanic%20(3).jpg\" \/><\/div>\n<div>\n<p><b>MLADI\u0106 I LAZAREVI\u0106<\/b><\/p>\n<p>NA pitanje koga od kolega najvi\u0161e ceni, Ojdani\u0107 &#8222;kao iz pu\u0161ke&#8220; odgovara &#8211; Mladi\u0107a i Lazarevi\u0107a. Ka\u017ee, pokazali su i pamet i hrabrost i \u010dvrstinu.<\/p>\n<p>&#8211; Mladi\u0107a sam sa\u010dekao kada su ga, onako bolesnog, doveli u zatvor. Kuvao sam mu i poku\u0161avao da ga &#8222;dignem&#8220;. Se\u0107am se da sam za prvu posetu njegovoj porodici ja spremio ru\u010dak. \u017dao mi Ratka.<\/p>\n<p><b>JELjCIN OBE\u0106AO S-300<\/b><\/p>\n<p>DOK smo razgovarali sa Ojdani\u0107em, na televiziji su \u010ditali vest da je PVO sistem S-400 stigao u Srbiju na zajedni\u010dku ve\u017ebu na\u0161e i ruske vojske.<\/p>\n<p>&#8211; Nama je Jeljcin obe\u0107ao jedan divizion S-300, za koji smo ve\u0107 obu\u010dili posade i trebali da ga preuzmemo. Pukovnik Karanovi\u0107 je vodio taj posao. A onda je odjednom otkazao. Da smo ga imali, ko zna &#8211; ka\u017ee Ojdani\u0107.<\/p>\n<p><i><b>Posle 11 godina zatvora Foto \u017d. Kne\u017eevi\u0107<\/b><\/i><\/p>\n<div class=\"inlineImage_left\"><img decoding=\"async\" src=\"http:\/\/www.novosti.rs\/upload\/images\/2019b\/\/11\/02n\/09ojdanic%20(1).jpg\" \/><\/div>\n<div>\n<p><b>KNjIGA O RE\u017dIRANOM PROGONU ALBANACA<\/b><\/p>\n<p>&#8211; OD kada sam do\u0161ao iz zatvora ne da mi mira misao za\u0161to ha\u0161ke sudije nikada nisu insistirale da se navodni egzodus Albanaca rasvetli do kraja. Upravo to je bio klju\u010dni deo na\u0161ih &#8222;kosovskih optu\u017enica&#8220; &#8211; pri\u010da Ojdani\u0107, dodaju\u0107i da ga je to inspirisalo da napravi knjigu i da, kada ve\u0107 Ha\u0161ki sud nije, on iznese istinu o toj re\u017eiranoj farsi.<\/p>\n<p>General najavljuje da \u0107e se knjiga pojaviti u izdanju Ministarstva odbrane. Druga knjiga, &#8222;Generalu ima ko da pi\u0161e&#8220; (koja \u010deka izdava\u010da), govori o kolegama koji su ga zaboravili onog trenutka kada je u\u0161ao u avion za Holandiju, ali i o izuzecima, poput generala Radovana Tomanovi\u0107a koji mu je poslao \u010dak 135 pisama u kazamat.<\/p>\n<p><strong>&#8211; Za Novu godinu 2006. dobio sam jedno jedino pismo podr\u0161ke i ljubavi i to od 86 Srba koji \u017eive i rade u Njujorku. Od bra\u0107e po uniformi samo Tomanovi\u0107 mi je pisao &#8211; ka\u017ee Ojdani\u0107.<\/strong><\/p>\n<\/div>\n<\/div>\n<\/div>\n<\/div>\n","protected":false},"excerpt":{"rendered":"<p>Dragan Vuji\u010di\u0107\u00a0| 03. novembar 2019 Nekada\u0161nji prvi \u010dovek VJ, o ratu na KiM, bombardovanju i prekidu agresije, ha\u0161koj golgoti, Milo\u0161evi\u0107u&#8230; NAMERA NATO, od po\u010detka bombardovanja na\u0161e zemlje 1999, u stvari je bila da preko zverskih ubijanja civila, bacanja bombi na zgrade, bolnice, vozove, autobuse, slomi otpor na\u0161e vojske. Nisu to bile nikakve, kako su ih [&hellip;]<\/p>\n","protected":false},"author":2,"featured_media":0,"comment_status":"open","ping_status":"open","sticky":false,"template":"","format":"standard","meta":{"footnotes":""},"categories":[1],"tags":[],"_links":{"self":[{"href":"https:\/\/srcekrajine.org\/index.php?rest_route=\/wp\/v2\/posts\/22766"}],"collection":[{"href":"https:\/\/srcekrajine.org\/index.php?rest_route=\/wp\/v2\/posts"}],"about":[{"href":"https:\/\/srcekrajine.org\/index.php?rest_route=\/wp\/v2\/types\/post"}],"author":[{"embeddable":true,"href":"https:\/\/srcekrajine.org\/index.php?rest_route=\/wp\/v2\/users\/2"}],"replies":[{"embeddable":true,"href":"https:\/\/srcekrajine.org\/index.php?rest_route=%2Fwp%2Fv2%2Fcomments&post=22766"}],"version-history":[{"count":1,"href":"https:\/\/srcekrajine.org\/index.php?rest_route=\/wp\/v2\/posts\/22766\/revisions"}],"predecessor-version":[{"id":22767,"href":"https:\/\/srcekrajine.org\/index.php?rest_route=\/wp\/v2\/posts\/22766\/revisions\/22767"}],"wp:attachment":[{"href":"https:\/\/srcekrajine.org\/index.php?rest_route=%2Fwp%2Fv2%2Fmedia&parent=22766"}],"wp:term":[{"taxonomy":"category","embeddable":true,"href":"https:\/\/srcekrajine.org\/index.php?rest_route=%2Fwp%2Fv2%2Fcategories&post=22766"},{"taxonomy":"post_tag","embeddable":true,"href":"https:\/\/srcekrajine.org\/index.php?rest_route=%2Fwp%2Fv2%2Ftags&post=22766"}],"curies":[{"name":"wp","href":"https:\/\/api.w.org\/{rel}","templated":true}]}}