{"id":22834,"date":"2020-01-12T12:07:27","date_gmt":"2020-01-12T11:07:27","guid":{"rendered":"https:\/\/srcekrajine.org\/?p=22834"},"modified":"2020-01-12T12:08:33","modified_gmt":"2020-01-12T11:08:33","slug":"gadafi-i-arafat-savetovali-aliji-da-ostane-sa-srbima","status":"publish","type":"post","link":"https:\/\/srcekrajine.org\/?p=22834","title":{"rendered":"Gadafi i Arafat savetovali Aliji da ostane sa Srbima"},"content":{"rendered":"<p>ekskluzivno : &#8222;Novosti&#8220; <span class=\"author\">V. N.<\/span>\u00a0| 12. januar 2020<\/p>\n<h2 class=\"articleTitle\">Karad\u017ei\u0107 odgovara na pitanja :<\/h2>\n<div class=\"articleLead\">\n<p>Zulfikarpa\u0161i\u0107ev istorijski srpsko-muslimanski sporazum propao je zbog protivljenja SDA<\/p>\n<p><a class=\"verticalArticleImage cboxElement\" href=\"https:\/\/www.novosti.rs\/upload\/images\/2019b\/\/01\/11n\/novina\/07Yves%20Herman.jpg\"><img decoding=\"async\" src=\"https:\/\/www.novosti.rs\/upload\/thumbs\/images\/2019b\/\/01\/11n\/novina\/07Yves%20Herman_620x0.jpg\" alt=\" AP Photo Yves Herman\" \/><\/a><\/p>\n<p><!--more--><\/p>\n<p>SA Izetbegovi\u0107em sam imao dobro razumevanje sve do po\u010detka krize. Bili smo u kom\u0161iluku, vi\u0161e znaju\u0107i neke \u010dlanove njegove porodice, nego njega, koji je mnogo vremena proveo u kaznionicama. Kada je optu\u017een i osu\u0111en zbog &#8222;Islamske deklaracije&#8220;, ja sam podr\u017eao nastojanja Dobrice \u0106osi\u0107a i drugih lidera u odbrani sloboda iz Beograda da se izjasne u za\u0161titu Izetbegovi\u0107a. Sa \u0106osi\u0107em me je, kao i sa Mili\u0107em od Ma\u010dve, Milovanom \u0110ilasom, i mnogim drugim sjajnim ljudima u Beogradu, jo\u0161 ranih \u0161ezdesetih upoznao moj prijatelj i veliki \u010dovek na\u0161e kulture Milovan Vitezovi\u0107, a ve\u0107 1967. su Dobrica i Milovan bili u poseti mojoj porodici u Nik\u0161i\u0107u. Naravno, moja podr\u0161ka je bila principijelna, i nije bila presudna, ali je postojala. Ideja vodilja je bila: na knjigu se odgovara knjigom, a ne zatvorom.<\/p>\n<p>Ovako, ekskluzivno za &#8222;Novosti&#8220;, iz Haga odgovara Radovan Karad\u017ei\u0107 na na\u0161a pitanja o ratnom vihoru u BiH, &#8222;punoletstvu&#8220; nezrelog mira, korenima netrpeljivosti Srba i muslimana, zapadnoj propagandnoj ma\u0161ineriji&#8230;<\/p>\n<p>U ovom, drugom nastavku, prvi predsednik Republike Srpske otkriva za\u0161to je propao istorijski srpsko-muslimanski sporazum i kakav je bio njegov li\u010dni odnos sa Alijom Izetbegovi\u0107em:<\/p>\n<p>&#8211; Naj\u010de\u0161\u0107e smo se sretali na povratku ku\u0107ama, i razmenjivali misli, pre i na samom po\u010detku politike, kad nismo imali telohranitelje. Bilo mi je prihvatljivo njegovo obja\u0161njenje &#8222;islamizacije&#8220; muslimana, jer sam i ja smatrao da Srbi treba da se vi\u0161e duhovno uzdi\u017eu u svetosavlju. Zbog zapu\u0161tanja stalne, dnevne duhovne prakse, deca nam se okre\u0107u dalekim sektama, od kojih imaju samo \u0161tetu. Vo\u0111stvo tada jedinstvene SDA prisustvovalo je Osniva\u010dkoj skup\u0161tini SDS, odr\u017eali su pozdravne govore, prekorili nas \u0161to smo poslednji formirali stranku, i zapo\u010dela je &#8222;idila&#8220; me\u0111u nama. Izetbegovi\u0107 se zalagao za &#8222;razumnu federaciju&#8220; umesto za secesije, i to nije trpelo primedbu, mada je &#8222;razumna&#8220; mogla poslu\u017eiti kao alibi.<\/p>\n<p>U leto 1990. nakon posete Karavdi\u0107u, predsedniku Skup\u0161tine BiH, povodom izmena Ustava (na\u0161 predlog za uvo\u0111enje &#8222;ve\u0107a naroda&#8220; odbijen je uz obrazlo\u017eenje da bi to vodilo &#8222;federalizaciji BiH&#8220;. Pa \u0161ta?) Izetbegovi\u0107 i Zulfikarpa\u0161i\u0107 su predlo\u017eili da pro\u0161etamo. Posle gomile jalovih re\u010denica, do\u0161lo je neobi\u010dno pitanje Izetbegovi\u0107a:<\/p>\n<p><i>Foto &#8211; dokumentacija &#8222;Borba&#8220;<\/i><\/p>\n<div class=\"inlineImage_center\"><img decoding=\"async\" src=\"https:\/\/www.novosti.rs\/upload\/images\/2019b\/\/01\/11n\/novina\/07.jpg\" \/><\/div>\n<p>&#8211; Da li \u0107e se Srbi i Hrvati izmiriti?<\/p>\n<p>Kriza u Hrvatskoj, i izme\u0111u Hrvatske i Srba ve\u0107 je bila na vrhuncu, Srbi su u novom ustavu izgubili svojstvo dr\u017eavotvornog naroda, i kampanja je krenula. Iznena\u0111en njihovim interesom za tu stvar, istresao sam:<\/p>\n<p>&#8211; O tome nema govora, nikakvih \u0161ansi &#8211; pa sam zastao da vidim reakciju.<\/p>\n<p><i>Adil Zulfikarpa\u0161i\u0107<\/i><\/p>\n<div class=\"inlineImage_center\"><img loading=\"lazy\" decoding=\"async\" src=\"https:\/\/www.novosti.rs\/upload\/images\/2019b\/\/01\/11n\/novina\/07Adilzulfikarpasic.jpg\" width=\"538\" height=\"789\" \/><\/div>\n<p>Godilo im je, naro\u010dito Izetbegovi\u0107u, dok Zulfikarpa\u0161i\u0107 nije preterivao u neverbalnoj ekspresiji. Posle &#8222;dramske pauze&#8220;, dodao sam:<\/p>\n<p>&#8211; Sve dok se ne re\u0161i dr\u017eavno pitanje, i posebno pitanje Krajine.<\/p>\n<p>Hladan tu\u0161! Za\u0161to stvar stoji tako? Zato \u0161to nikad nismo bili neprijatelji pre ulaska u zajedni\u010dku dr\u017eavu. Kad se to re\u0161i, Srbi i Hrvati \u0107e se izmiriti. Doga\u0111aji su potvrdili sumnje da je SDA zainteresovana za nastavak sukoba Srba i Hrvata. Dok je Hrvate predstavljao Stjepan Kljui\u0107, ne samo u Predsedni\u0161tvu BiH, ve\u0107 i na \u010delu HDZ, SDA je osigurala podr\u0161ku sa te strane, i nije bilo na\u010dina da se vo\u0111stvo SDA u\u010dini nesigurnim u svojim ratnim planovima. Tek mnogo kasnije to \u0107e se promeniti.<\/p>\n<p><i>Karad\u017ei\u0107 i Izetbegovi\u0107<\/i><\/p>\n<div class=\"inlineImage_center\"><i><img decoding=\"async\" src=\"https:\/\/www.novosti.rs\/upload\/images\/2019b\/\/01\/11n\/novina\/07karadzic3.jpg\" \/><\/i><\/div>\n<p>No, odnosi sa SDA se jo\u0161 nisu kvarili. Mogu\u0107nost da Srbi glasaju na muslimanskoj listi za komuniste izazivala je gor\u010dinu kod Izetbegovi\u0107a i njegovih zatvorskih drugova, dok se Zulfikarpa\u0161i\u0107 time nije mnogo zamarao. Dogovorili smo se da Srbi ne glasaju na muslimanskoj listi. Izetbegovi\u0107 je bio uveren da bi izbor muslimana-komuniste doveo do potpune propasti &#8222;preporoda&#8220; muslimana po njegovoj zamisli, te do novih progona. Mi smo odr\u017eali obe\u0107anje. Nazna\u010dili smo da ni ubudu\u0107e ne\u0107emo glasati unakrsno &#8211; neka narodi sami odlu\u010duju.<\/p>\n<p>Mno\u0161tvo osniva\u010dkih i predizbornih skupova je pro\u0161lo bez ve\u0107ih incidenata, \u0161to se danas ne mo\u017ee ni zamisliti. Pre izbora Zulfikarpa\u0161i\u0107 je dramati\u010dno napustio SDA, i sa sobom u MBO poveo znatan deo elite, i pridobio ostatak muslimanske elite, koja nije pristupila SDA. Nije bilo na meni da poverujem ili sumnjam, ali Zulfikarpa\u0161i\u0107 je kao razloge za razlaz naveo fundamentalizam u SDA, kao i postojanje neke otu\u0111ene grupe neformalnih autoriteta koji upravljaju Izetbegovi\u0107evim postupcima, i ta primedba se stalno odr\u017eavala i poja\u010davala. Tako se u to vreme, zbog Kljui\u0107evog na\u010dina, bosanski &#8222;trougao&#8220; sastojao od SDS, SDA i MBO.<\/p>\n<p><i>Jaser Arafat<\/i><\/p>\n<div class=\"inlineImage_center\"><img decoding=\"async\" src=\"https:\/\/www.novosti.rs\/upload\/images\/2019b\/\/01\/11n\/novina\/07NasserShiyoukhi.jpg\" \/><\/div>\n<p>U televizijskom nastupu Zulfikarpa\u0161i\u0107 je rekao kako se u\u017easnuo kad me je \u010duo da u suverenoj i nezavisnoj Bosni Srbi ne\u0107e ostati, uzviknuv\u0161i:<\/p>\n<p>&#8211; Pa mi \u0107emo se bez Srba osu\u0161iti.<\/p>\n<p>Pitao sam kako to misli, pa nisu oni imela na srpskom stablu.<\/p>\n<p>&#8211; Skoro da jesmo, mi smo uz Srbe procvetali.<\/p>\n<p>Kasnije sam saznao da su Izetbegovi\u0107u Arafat i Gadafi, odvojeno, savetovali da ostane sa Srbima. U seriji diskretnih susreta Zulfikarpa\u0161i\u0107 mi je izneo mnoge svoje analize, a pred rat, u leto 1991, predlo\u017eio je &#8222;Istorijski srpsko-muslimanski sporazum&#8220;, uz po\u010detnu podr\u0161ku Izetbegovi\u0107a, koji smo mi odu\u0161evljeno prihvatili. Kad sam na pitanje novinara da li se za na\u0161 narod vi\u0161e pla\u0161im Hrvata ili muslimana odgovorio: &#8222;Najvi\u0161e se pla\u0161im na\u0161ih budala&#8220;, Zulfikarpa\u0161i\u0107 je javno rekao da je i sa njim tako, i dugo je istrajavao na &#8222;Istorijskom sporazumu&#8220;, koji nije imao \u0161anse zbog protivljenja SDA.<\/p>\n<p><i>Muamer el Gadafi<\/i><\/p>\n<div class=\"inlineImage_center\"><img decoding=\"async\" src=\"https:\/\/www.novosti.rs\/upload\/images\/2019b\/\/01\/11n\/novina\/07PierPaoloCito.jpg\" \/><\/div>\n<p>Tokom rata Izetbegovi\u0107u bliska osoba je \u017eivela u gradu u RS, o kojoj se uz moju podr\u0161ku li\u010dno brinuo sam predsednik op\u0161tine. Kad je ta osoba po\u017eelela da pre\u0111e na drugu stranu, ja sam to prepustio Vojsci, i nisam dao da se &#8222;udara na sva zvona&#8220;, jer je to pitanje civilizacije, kulture i elementarnog po\u0161tenja, a ne \u010dip u igri. Nikad Izetbegovi\u0107a (kao ni Bobana) nisam optu\u017eio za zlo\u010dine njihovih kriminalaca, jer nisam verovao da bi bilo koji lider to dopustio, niti da bi mu to bilo korisno.<\/p>\n<\/div>\n","protected":false},"excerpt":{"rendered":"<p>ekskluzivno : &#8222;Novosti&#8220; V. N.\u00a0| 12. januar 2020 Karad\u017ei\u0107 odgovara na pitanja : Zulfikarpa\u0161i\u0107ev istorijski srpsko-muslimanski sporazum propao je zbog protivljenja SDA<\/p>\n","protected":false},"author":2,"featured_media":0,"comment_status":"open","ping_status":"open","sticky":false,"template":"","format":"standard","meta":{"footnotes":""},"categories":[31],"tags":[],"_links":{"self":[{"href":"https:\/\/srcekrajine.org\/index.php?rest_route=\/wp\/v2\/posts\/22834"}],"collection":[{"href":"https:\/\/srcekrajine.org\/index.php?rest_route=\/wp\/v2\/posts"}],"about":[{"href":"https:\/\/srcekrajine.org\/index.php?rest_route=\/wp\/v2\/types\/post"}],"author":[{"embeddable":true,"href":"https:\/\/srcekrajine.org\/index.php?rest_route=\/wp\/v2\/users\/2"}],"replies":[{"embeddable":true,"href":"https:\/\/srcekrajine.org\/index.php?rest_route=%2Fwp%2Fv2%2Fcomments&post=22834"}],"version-history":[{"count":1,"href":"https:\/\/srcekrajine.org\/index.php?rest_route=\/wp\/v2\/posts\/22834\/revisions"}],"predecessor-version":[{"id":22835,"href":"https:\/\/srcekrajine.org\/index.php?rest_route=\/wp\/v2\/posts\/22834\/revisions\/22835"}],"wp:attachment":[{"href":"https:\/\/srcekrajine.org\/index.php?rest_route=%2Fwp%2Fv2%2Fmedia&parent=22834"}],"wp:term":[{"taxonomy":"category","embeddable":true,"href":"https:\/\/srcekrajine.org\/index.php?rest_route=%2Fwp%2Fv2%2Fcategories&post=22834"},{"taxonomy":"post_tag","embeddable":true,"href":"https:\/\/srcekrajine.org\/index.php?rest_route=%2Fwp%2Fv2%2Ftags&post=22834"}],"curies":[{"name":"wp","href":"https:\/\/api.w.org\/{rel}","templated":true}]}}