{"id":22858,"date":"2020-02-06T07:24:08","date_gmt":"2020-02-06T06:24:08","guid":{"rendered":"https:\/\/srcekrajine.org\/?p=22858"},"modified":"2020-02-06T07:24:08","modified_gmt":"2020-02-06T06:24:08","slug":"preminuo-glumac-kirk-daglas-u-104-godini","status":"publish","type":"post","link":"https:\/\/srcekrajine.org\/?p=22858","title":{"rendered":"Preminuo glumac Kirk Daglas u 104. godini"},"content":{"rendered":"<p><span class=\"author\">Novosti Online<\/span>\u00a0| 06. februar 2020<\/p>\n<p><strong>Za svet bio je legenda, glumac iz zlatne ere filma koji je do\u017eiveo i sam zlatne godine<\/strong><\/p>\n<p><a class=\"verticalArticleImage cboxElement\" href=\"https:\/\/www.novosti.rs\/upload\/images\/2020\/\/02\/05n\/000kirk.jpg\"><img decoding=\"async\" src=\"https:\/\/www.novosti.rs\/upload\/thumbs\/images\/2020\/\/02\/05n\/000kirk_620x0.jpg\" alt=\" \" \/><\/a><\/p>\n<p>\u010cuveni glumac Kirk Daglas preminuo je u 104. godini, saop\u0161tio je njegov sin Majkl.<\/p>\n<p>On je to potvrdio za magazin Pipl, preneo je Rojters.<!--more--><\/p>\n<p>&#8222;Sa ogromnom tugom ja i moja bra\u0107a saop\u0161tavamo da nas je Kirk Daglas napustio&#8220;, naveo je Majkl.<\/p>\n<p>&#8222;Za svet bio je legenda, glumac iz zlatne ere filma koji je do\u017eiveo i sam zlatne godine, humanitarac \u010dija je posve\u0107enost pravdi i principima u koje je verovao postavila svima nama standarde kojima treba da te\u017eimo&#8220;, dodao je Majkl Daglas.<\/p>\n<p>Legendarni glumac je\u00a09. decembra 2019. godine napunio 103. godine<\/p>\n<p>&nbsp;<\/p>\n","protected":false},"excerpt":{"rendered":"<p>Novosti Online\u00a0| 06. februar 2020 Za svet bio je legenda, glumac iz zlatne ere filma koji je do\u017eiveo i sam zlatne godine \u010cuveni glumac Kirk Daglas preminuo je u 104. godini, saop\u0161tio je njegov sin Majkl. On je to potvrdio za magazin Pipl, preneo je Rojters.<\/p>\n","protected":false},"author":2,"featured_media":0,"comment_status":"open","ping_status":"open","sticky":false,"template":"","format":"standard","meta":{"footnotes":""},"categories":[10],"tags":[],"_links":{"self":[{"href":"https:\/\/srcekrajine.org\/index.php?rest_route=\/wp\/v2\/posts\/22858"}],"collection":[{"href":"https:\/\/srcekrajine.org\/index.php?rest_route=\/wp\/v2\/posts"}],"about":[{"href":"https:\/\/srcekrajine.org\/index.php?rest_route=\/wp\/v2\/types\/post"}],"author":[{"embeddable":true,"href":"https:\/\/srcekrajine.org\/index.php?rest_route=\/wp\/v2\/users\/2"}],"replies":[{"embeddable":true,"href":"https:\/\/srcekrajine.org\/index.php?rest_route=%2Fwp%2Fv2%2Fcomments&post=22858"}],"version-history":[{"count":1,"href":"https:\/\/srcekrajine.org\/index.php?rest_route=\/wp\/v2\/posts\/22858\/revisions"}],"predecessor-version":[{"id":22859,"href":"https:\/\/srcekrajine.org\/index.php?rest_route=\/wp\/v2\/posts\/22858\/revisions\/22859"}],"wp:attachment":[{"href":"https:\/\/srcekrajine.org\/index.php?rest_route=%2Fwp%2Fv2%2Fmedia&parent=22858"}],"wp:term":[{"taxonomy":"category","embeddable":true,"href":"https:\/\/srcekrajine.org\/index.php?rest_route=%2Fwp%2Fv2%2Fcategories&post=22858"},{"taxonomy":"post_tag","embeddable":true,"href":"https:\/\/srcekrajine.org\/index.php?rest_route=%2Fwp%2Fv2%2Ftags&post=22858"}],"curies":[{"name":"wp","href":"https:\/\/api.w.org\/{rel}","templated":true}]}}