{"id":22905,"date":"2020-03-07T17:28:48","date_gmt":"2020-03-07T16:28:48","guid":{"rendered":"https:\/\/srcekrajine.org\/?p=22905"},"modified":"2020-03-07T17:28:48","modified_gmt":"2020-03-07T16:28:48","slug":"zasto-migranti-ne-idu-u-bogate-arapske-zemlje-nego-hrle-u-evropu","status":"publish","type":"post","link":"https:\/\/srcekrajine.org\/?p=22905","title":{"rendered":"Za\u0161to migranti ne idu u bogate arapske zemlje nego hrle u Evropu"},"content":{"rendered":"<div class=\"b-header__nav\">\n<div class=\"l-wrap\">\n<div class=\"b-header__items\"><\/div>\n<\/div>\n<\/div>\n<div class=\"b-breakingnews-double  \">Pi\u0161e\u00a0<a href=\"https:\/\/rs-lat.sputniknews.com\/authors\/natasa_milosavljevic\/\" rel=\"author\">Nata\u0161a Milosavljevic\u0301<\/a> &#8211; 16:55 07.03.2020<\/div>\n<div class=\"l-wrap l-header\">\n<div class=\"b-header\">\n<div class=\"b-article__header\"><img loading=\"lazy\" decoding=\"async\" class=\"\" title=\"Migranti\" src=\"https:\/\/cdn1.img.rs.sputniknews.com\/img\/112198\/54\/1121985428_0:145:3072:1807_1000x541_80_0_0_6b571ba1554dedd926133209cbdc921a.jpg.webp\" srcset=\"https:\/\/cdn1.img.rs.sputniknews.com\/img\/112198\/54\/1121985428_0:145:3072:1807_1000x0_80_0_1_24e16af70b6865da1bfad7155aef0568.jpg.webp 1000w,https:\/\/cdn1.img.rs.sputniknews.com\/img\/112198\/54\/1121985428_0:145:3072:1807_768x0_80_0_1_7569a759322697b98615d1a2cdc34b59.jpg.webp 768w,https:\/\/cdn1.img.rs.sputniknews.com\/img\/112198\/54\/1121985428_0:145:3072:1807_480x0_80_0_1_2d353524680912edb3764d83d6d59277.jpg.webp 480w\" alt=\"Migranti\" width=\"1000\" height=\"541\" \/><\/div>\n<div>\n<div class=\"b-article__lead\">\n<p>Migranti nisu okrenuti prema bogatim arapskim zemljama koje imaju manjak stanovni\u0161tva nego isklju\u010divo prema Evropi.<\/p>\n<p><strong>To li\u010di na geopoliti\u010dki projekat.<!--more--><\/strong><\/p>\n<\/div>\n<div class=\"b-article__text\">\n<p>I dok vec\u0301ina evropskih zemalja strahuje od najezde migranata, biv\u0161i ambasador Srbije u Budimpe\u0161ti Rade Drobac obja\u0161njava, da je zemlja iz koje se nedavno vratio\u00a0<strong>Ma\u0111arska re\u0161ila taj problem<\/strong>\u00a0uprkos protivljenju partnera iz Evropske unije.<\/p>\n<p>Viktor Orban je, ka\u017ee Drobac, veliki Ma\u0111ar nacionalista, patriota koji \u017eeli da za\u0161titi svoj narod, njegov identitet i dr\u017eavu, a jedini na\u010din da to u\u010dini jeste\u00a0<strong>da spre\u010di da se to ma\u0111arsko tkivo razvodnji migrantima<\/strong>. \u201e Ma\u0111arska je kao i Srbija relativno mala zemlja, a ljudi koji dolaze sa raznih strana sveta su veoma brojni \u2013 imaju potpuno\u00a0 razli\u010dite intelektualne kapacitete, religiju, obi\u010daje, navike i mislim da je razumno \u0161to je on svoju zemlju za\u0161titio na na\u010din na koji je mislio da je to najbolje\u201c, ka\u017ee na\u0161 sagovornik.<\/p>\n<div class=\"b-inject m-inject-free m-inject-videoembed\">\n<div class=\"b-inject__media\"><iframe loading=\"lazy\" src=\"https:\/\/www.youtube.com\/embed\/-AC5kzdqya4\" width=\"660\" height=\"415\" frameborder=\"0\" allowfullscreen=\"allowfullscreen\"><\/iframe><\/div>\n<\/div>\n<h2>Migrante ne zanimaju arapske zemlje<\/h2>\n<p>Drobac nagla\u0161ava da je\u00a0<strong>Srbija suverena zemlja i da mo\u017ee da donosi odluke<\/strong>\u00a0koje su u interesuju njenih gra\u0111ana bez konsultacija sa drugima.<\/p>\n<blockquote class=\"marker-quote1\"><p>\u201eSamo je bilo pitanje kada c\u0301e migrantska kriza ponovo da eskalira. Ona se koristi u me\u0111usobnom prepucavanju velikih sila, a \u017ertva su male zemlje na putu ka zapadnoj Evropi. U slu\u010daju da te zapadne zemlje sada zatvore granice onda bi svi ti ljudi ostali na ovom prostoru \u2013 u Srbiji, Makedoniji, BiH, a eventualno u Bugarskoj i Rumuniji\u201d, precizirao je Drobac.<\/p><\/blockquote>\n<p>Za na\u0161eg sagovornika humanitarno pravo i pomoc\u0301 ljudima u nevolji ne mo\u017ee da se primeni u ovom slu\u010daju zato \u0161to je ono osmi\u0161ljeno za manje grupe ljudi koji povremeno dolaze iz nekih radikalnih situacija.<\/p>\n<div class=\"b-inject m-inject-free\">\n<div class=\"b-inject__media\">\n<div class=\"b-inject-foto\" data-src=\"https:\/\/cdn1.img.rs.sputniknews.com\/img\/112196\/60\/1121966018_0:0:3645:2048_1000x561_80_0_0_0d6500695de87969f1d96e796dc2df61.jpg.webp\" data-sub-html=\"Situacija se znatno zao\u0161tila u pograni\u010dnom podru\u010dju poslednjih dana . \n                        \u00a9\n                    Sputnik \/ Burku Okutan\"><picture><source class=\"\" srcset=\"https:\/\/cdn1.img.rs.sputniknews.com\/img\/112196\/60\/1121966018_0:0:2891:2048_768x0_80_0_1_6e28dae7c328d71dbd5470ed0b3ffb87.jpg.webp\" media=\"(min-width: 480px)\" data-srcset=\"https:\/\/cdn1.img.rs.sputniknews.com\/img\/112196\/60\/1121966018_0:0:2891:2048_768x0_80_0_1_6e28dae7c328d71dbd5470ed0b3ffb87.jpg.webp\" \/><source class=\"\" srcset=\"https:\/\/cdn1.img.rs.sputniknews.com\/img\/112196\/60\/1121966018_0:0:2891:2048_480x0_80_0_1_9b5315024546ef123204c449de74f224.jpg.webp\" media=\"(min-width: 0px)\" data-srcset=\"https:\/\/cdn1.img.rs.sputniknews.com\/img\/112196\/60\/1121966018_0:0:2891:2048_480x0_80_0_1_9b5315024546ef123204c449de74f224.jpg.webp\" \/><img loading=\"lazy\" decoding=\"async\" class=\"\" title=\"\" src=\"https:\/\/cdn1.img.rs.sputniknews.com\/img\/112196\/60\/1121966018_0:0:2891:2048_2891x2048_80_0_0_2f263bff9cffbe9bc6ed24658473e86a.jpg.webp\" alt=\"\" width=\"2891\" height=\"2048\" data-src=\"https:\/\/cdn1.img.rs.sputniknews.com\/img\/112196\/60\/1121966018_0:0:2891:2048_2891x2048_80_0_0_2f263bff9cffbe9bc6ed24658473e86a.jpg.webp\" \/><\/picture><\/div>\n<\/div>\n<div class=\"b-inject__copy\">\u00a9 SPUTNIK \/ BURKU OKUTAN<\/div>\n<div class=\"b-inject__content\">Situacija se znatno zao\u0161tila u pograni\u010dnom podru\u010dju poslednjih dana<\/div>\n<\/div>\n<p>\u201eMi se ipak suo\u010davamo sa velikim grupama ljudi koje \u010dine vojno sposobni mu\u0161karci koji su ratoborni, a ne mirni porodi\u010dni ljudi koji tra\u017ee uhlebljenje. Postavlja se i pitanje pitanje za\u0161to se ti ljudi nisu okrenuli ka zemljama koje su im mnogo bli\u017ee &#8211; muslimanskim i arapskim koje su izuzetno bogate, a koji ina\u010de imaju jako malo stanovni\u0161tva. Tamo bi se lak\u0161e adaptirali i ne bi u toj meri bili strano tkivo kao \u0161to su ovde u Evropi,\u201d rekao je Drobac.<\/p>\n<h3>Promena stanovni\u0161tva Evrope<\/h3>\n<p>On smatra da iza svega stoje\u00a0<strong>projekti nekih sila u svetu<\/strong>\u00a0koje \u017eele namerno da menjaju strukturu stanovni\u0161tva u tradicionalnoj, nacionalno orijentisanoj Evropi radi nekih svojih globalisti\u010dkog ciljeva.<\/p>\n<blockquote class=\"marker-quote1\"><p>\u201eTo je velika opasnost za na\u0161u zemlju i mislim da nema ni\u0161ta sporno da i\u00a0 Austrija i Ma\u0111arska pomognu da se oja\u010daju srpske granice. Nama je predsednik Orban nudio \u017eicu, jer \u0161titec\u0301i nas on zapravo \u0161titi sebe. Ja sam siguran da je raspolo\u017eenje u velikom delu naroda tih zemalja protiv migranata, jer je Orban dobio poslednje izbore upravo na antimigratornoj politici\u201c, ka\u017ee na\u0161 biv\u0161i ambasadaor u Budimpe\u0161ti.<\/p><\/blockquote>\n<p>Svi moramo da budemo svesni gde se Srbija nalazi, dodaje Drobac, i kakve su zemlje oko nje. Ukoliko vec\u0301 imamo granicu sa BiH u kojoj postoji sukob na politi\u010dkom nivou i Kosovo koje prednja\u010di u islamskom ratu i koje okuplja ljude sa rati\u0161ta, na\u0161 sagovornik ipozorava da c\u0301emo imati jo\u0161 vec\u0301e probleme ako migranti re\u0161e da ostanu u Srbiji.\u00a0 \u201eCifre su cifre \u2013 Srbija ima oko 6 miliona stanovnika, u na\u0161im kampovima je oko 6 hiljada migranata, a van njih je oko hiljadu. Mo\u017eemo mo\u017eda da primimo jo\u0161 tri hiljade ali \u0161ta je sa preostalih stotinu hiljada? Mi nemamo tu prostora da trgujemo ali se tako\u0111e postavlja pitanje sa kim? Odgovor je da oni nemaju predstavnika, nemaju rukovodstvo ali znamo da imaju novac, mape puta i cilj gde treba da do\u0111u.<\/p>\n<p><strong>To je ozbiljna situacija sa kojom treba i ozbiljno da se nosimo\u201c, zaklju\u010dio je Rade Drobac.<\/strong><\/p>\n<\/div>\n<\/div>\n<\/div>\n<\/div>\n<p>&nbsp;<\/p>\n","protected":false},"excerpt":{"rendered":"<p>Pi\u0161e\u00a0Nata\u0161a Milosavljevic\u0301 &#8211; 16:55 07.03.2020 Migranti nisu okrenuti prema bogatim arapskim zemljama koje imaju manjak stanovni\u0161tva nego isklju\u010divo prema Evropi. To li\u010di na geopoliti\u010dki projekat.<\/p>\n","protected":false},"author":2,"featured_media":0,"comment_status":"open","ping_status":"open","sticky":false,"template":"","format":"standard","meta":{"footnotes":""},"categories":[1],"tags":[],"_links":{"self":[{"href":"https:\/\/srcekrajine.org\/index.php?rest_route=\/wp\/v2\/posts\/22905"}],"collection":[{"href":"https:\/\/srcekrajine.org\/index.php?rest_route=\/wp\/v2\/posts"}],"about":[{"href":"https:\/\/srcekrajine.org\/index.php?rest_route=\/wp\/v2\/types\/post"}],"author":[{"embeddable":true,"href":"https:\/\/srcekrajine.org\/index.php?rest_route=\/wp\/v2\/users\/2"}],"replies":[{"embeddable":true,"href":"https:\/\/srcekrajine.org\/index.php?rest_route=%2Fwp%2Fv2%2Fcomments&post=22905"}],"version-history":[{"count":1,"href":"https:\/\/srcekrajine.org\/index.php?rest_route=\/wp\/v2\/posts\/22905\/revisions"}],"predecessor-version":[{"id":22906,"href":"https:\/\/srcekrajine.org\/index.php?rest_route=\/wp\/v2\/posts\/22905\/revisions\/22906"}],"wp:attachment":[{"href":"https:\/\/srcekrajine.org\/index.php?rest_route=%2Fwp%2Fv2%2Fmedia&parent=22905"}],"wp:term":[{"taxonomy":"category","embeddable":true,"href":"https:\/\/srcekrajine.org\/index.php?rest_route=%2Fwp%2Fv2%2Fcategories&post=22905"},{"taxonomy":"post_tag","embeddable":true,"href":"https:\/\/srcekrajine.org\/index.php?rest_route=%2Fwp%2Fv2%2Ftags&post=22905"}],"curies":[{"name":"wp","href":"https:\/\/api.w.org\/{rel}","templated":true}]}}