{"id":22913,"date":"2020-03-11T07:01:36","date_gmt":"2020-03-11T06:01:36","guid":{"rendered":"https:\/\/srcekrajine.org\/?p=22913"},"modified":"2020-03-11T07:03:20","modified_gmt":"2020-03-11T06:03:20","slug":"branko-dragas-najavljuje-najvecu-litiju-u-istoriji","status":"publish","type":"post","link":"https:\/\/srcekrajine.org\/?p=22913","title":{"rendered":"Branko Draga\u0161 najavljuje najve\u0107u litiju u istoriji!?"},"content":{"rendered":"<p>Balkanska Ostrica &#8211; 03.03.2020.<\/p>\n<p><iframe loading=\"lazy\" title=\"VU\u010cI\u0106 NA NOGAMA - Branko Draga\u0161 najavljuje najve\u0107u litiju u istoriji!?\" width=\"500\" height=\"281\" src=\"https:\/\/www.youtube.com\/embed\/cKfTWFTwW4Y?feature=oembed\" frameborder=\"0\" allow=\"accelerometer; autoplay; clipboard-write; encrypted-media; gyroscope; picture-in-picture; web-share\" referrerpolicy=\"strict-origin-when-cross-origin\" allowfullscreen><\/iframe><\/p>\n<p>Intervju &#8211; Branko Draga\u0161 &#8211; 03.03.2020.<\/p>\n<p>Neka se glas naroda ponovo \u010duje!<!--more--><\/p>\n<p>Prijavi se za pra\u0107enje i pridru\u017ei se borbi za o\u010duvanje mira i zdrave svesti!<\/p>\n<p>Stavovi autora ne moraju nu\u017eno da odra\u017eavaju stavove redakcije. Klikni Subscribe za info o novim vestima, intervjuima, ratnim izve\u0161tajima i analizama koji \u0107e biti postavljeni na na\u0161 kanal.<\/p>\n<p>All rights reserved Balkanska ostrica team<\/p>\n","protected":false},"excerpt":{"rendered":"<p>Balkanska Ostrica &#8211; 03.03.2020. Intervju &#8211; Branko Draga\u0161 &#8211; 03.03.2020. Neka se glas naroda ponovo \u010duje!<\/p>\n","protected":false},"author":2,"featured_media":0,"comment_status":"open","ping_status":"open","sticky":false,"template":"","format":"standard","meta":{"footnotes":""},"categories":[27,9,24],"tags":[],"_links":{"self":[{"href":"https:\/\/srcekrajine.org\/index.php?rest_route=\/wp\/v2\/posts\/22913"}],"collection":[{"href":"https:\/\/srcekrajine.org\/index.php?rest_route=\/wp\/v2\/posts"}],"about":[{"href":"https:\/\/srcekrajine.org\/index.php?rest_route=\/wp\/v2\/types\/post"}],"author":[{"embeddable":true,"href":"https:\/\/srcekrajine.org\/index.php?rest_route=\/wp\/v2\/users\/2"}],"replies":[{"embeddable":true,"href":"https:\/\/srcekrajine.org\/index.php?rest_route=%2Fwp%2Fv2%2Fcomments&post=22913"}],"version-history":[{"count":1,"href":"https:\/\/srcekrajine.org\/index.php?rest_route=\/wp\/v2\/posts\/22913\/revisions"}],"predecessor-version":[{"id":22914,"href":"https:\/\/srcekrajine.org\/index.php?rest_route=\/wp\/v2\/posts\/22913\/revisions\/22914"}],"wp:attachment":[{"href":"https:\/\/srcekrajine.org\/index.php?rest_route=%2Fwp%2Fv2%2Fmedia&parent=22913"}],"wp:term":[{"taxonomy":"category","embeddable":true,"href":"https:\/\/srcekrajine.org\/index.php?rest_route=%2Fwp%2Fv2%2Fcategories&post=22913"},{"taxonomy":"post_tag","embeddable":true,"href":"https:\/\/srcekrajine.org\/index.php?rest_route=%2Fwp%2Fv2%2Ftags&post=22913"}],"curies":[{"name":"wp","href":"https:\/\/api.w.org\/{rel}","templated":true}]}}