{"id":22940,"date":"2020-03-25T10:49:45","date_gmt":"2020-03-25T09:49:45","guid":{"rendered":"https:\/\/srcekrajine.org\/?p=22940"},"modified":"2020-03-25T10:49:45","modified_gmt":"2020-03-25T09:49:45","slug":"ministar-dacic-potvrdio-konstatovano-mu-je-tesko-stanje","status":"publish","type":"post","link":"https:\/\/srcekrajine.org\/?p=22940","title":{"rendered":"Ministar Da\u010di\u0107 potvrdio: Konstatovano mu je te\u0161ko stanje"},"content":{"rendered":"<p>AUTOR:\u00a0<span class=\"article-author\">Tanjug\/D.S.\u00a0<\/span>DATUM I VREME:\u00a024.03.2020. 21:16<\/p>\n<p class=\"lead mtb20\"><strong>Oglasio se ministar<\/strong><\/p>\n<div id=\"newsContent\" class=\"m-top20 twelvecol\">\n<div class=\"mceNonEditable pluginContainer imagePlugin image-safe fullWidth\" data-image-id=\"213804\">\n<figure class=\"editorPlugin\" title=\"Ivica Da\u010di\u0107\" data-media=\"\/resources\/images\/0000\/213\/804\/ljudi Tanjug Ognjen Stevanovic_400x0.jpg\" data-media440=\"\/resources\/images\/0000\/213\/804\/ljudi Tanjug Ognjen Stevanovic_450x0.jpg\" data-media900=\"\/resources\/images\/0000\/213\/804\/ljudi Tanjug Ognjen Stevanovic_1000x0.jpg\"><img loading=\"lazy\" decoding=\"async\" class=\"editorPlugin\" src=\"https:\/\/www.alo.rs\/resources\/images\/0000\/213\/804\/ljudi%20Tanjug%20Ognjen%20Stevanovic_1000x0.jpg\" alt=\"Ivica Da\u010di\u0107\" width=\"1000\" height=\"611\" \/><\/figure>\n<p><span class=\"mceEditable image-plugin-description\">Ivica Da\u010di\u0107, Foto: Tanjug<\/span><\/div>\n<p>Ivica Da\u010di\u0107 izjavio je ve\u010deras da vlada planira da, u proseku, dva puta dnevno \u0161alje avione Er Srbije kako bi prevezli srpske dr\u017eavljane koji su ostali \u201czarobljeni\u201d u inostranstvu.<\/p>\n<p><!--more--><\/p>\n<p>Ministar spoljnih poslova Srbije Ivica Da\u010di\u0107 izjavio je ve\u010deras da vlada planira da, u proseku, dva puta dnevno \u0161alje avione Er Srbije kako bi prevezli srpske dr\u017eavljane koji su ostali \u201czarobljeni\u201d u inostranstvu, a nakon \u0161to je obustavljen me\u0111unarodni saobrahaj zbog<a class=\"linkInArticle\" href=\"https:\/\/www.alo.rs\/korona-virus\/24033\" target=\"_blank\" rel=\"noopener noreferrer\"><strong>\u00a0virusa korona<\/strong><\/a>.<\/p>\n<p>Istovremeno, u izjavi za RTS, Da\u010di\u0107 je poru\u010dio da je nerealno o\u010dekivati da \u0107e avioni biti upu\u0107ivani u Peru, \u0160ri Lanku, na Bali&#8230;<\/p>\n<p>\u201cMoraju na neki na\u010din da se domognu do nekih drugih destinacija, do kojih mo\u017eemo da &#8220;dobacimo&#8220;\u201d, naglasio je Da\u010di\u0107.<\/p>\n<p>Ministar je ponovio i da je potvr\u0111ena infekcija kod jo\u0161 jednog \u010dlana Misije Srbije pri me\u0111unarodnim organizacijama u \u017denevi.<\/p>\n<p><strong>Da\u010di\u0107 je rekao da on nije ni primljen u bolnicu u \u017denevi, iako mu je konstatovano te\u0161ko stanje.<\/strong><\/p>\n<p>\u201cJedva smo postigli da ode u Bern u bolnicu, ali iako mu je jedno plu\u0107no krilo prakti\u010dno otkazalo, oni ho\u0107e da ga otpuste, ka\u017eu da ide ku\u0107i i pije paracetamol\u201d, kritikovao je Da\u010di\u0107 postupak \u0161vajcarskih lekara i vlasti.<\/p>\n<p><strong><span style=\"color: #000080;\">On je istakao da je Ministarstvo spoljnih poslova, s tim u vezi, uputilo protest.<\/span><\/strong><\/p>\n<\/div>\n","protected":false},"excerpt":{"rendered":"<p>AUTOR:\u00a0Tanjug\/D.S.\u00a0DATUM I VREME:\u00a024.03.2020. 21:16 Oglasio se ministar Ivica Da\u010di\u0107, Foto: Tanjug Ivica Da\u010di\u0107 izjavio je ve\u010deras da vlada planira da, u proseku, dva puta dnevno \u0161alje avione Er Srbije kako bi prevezli srpske dr\u017eavljane koji su ostali \u201czarobljeni\u201d u inostranstvu.<\/p>\n","protected":false},"author":2,"featured_media":0,"comment_status":"open","ping_status":"open","sticky":false,"template":"","format":"standard","meta":{"footnotes":""},"categories":[1],"tags":[],"_links":{"self":[{"href":"https:\/\/srcekrajine.org\/index.php?rest_route=\/wp\/v2\/posts\/22940"}],"collection":[{"href":"https:\/\/srcekrajine.org\/index.php?rest_route=\/wp\/v2\/posts"}],"about":[{"href":"https:\/\/srcekrajine.org\/index.php?rest_route=\/wp\/v2\/types\/post"}],"author":[{"embeddable":true,"href":"https:\/\/srcekrajine.org\/index.php?rest_route=\/wp\/v2\/users\/2"}],"replies":[{"embeddable":true,"href":"https:\/\/srcekrajine.org\/index.php?rest_route=%2Fwp%2Fv2%2Fcomments&post=22940"}],"version-history":[{"count":1,"href":"https:\/\/srcekrajine.org\/index.php?rest_route=\/wp\/v2\/posts\/22940\/revisions"}],"predecessor-version":[{"id":22941,"href":"https:\/\/srcekrajine.org\/index.php?rest_route=\/wp\/v2\/posts\/22940\/revisions\/22941"}],"wp:attachment":[{"href":"https:\/\/srcekrajine.org\/index.php?rest_route=%2Fwp%2Fv2%2Fmedia&parent=22940"}],"wp:term":[{"taxonomy":"category","embeddable":true,"href":"https:\/\/srcekrajine.org\/index.php?rest_route=%2Fwp%2Fv2%2Fcategories&post=22940"},{"taxonomy":"post_tag","embeddable":true,"href":"https:\/\/srcekrajine.org\/index.php?rest_route=%2Fwp%2Fv2%2Ftags&post=22940"}],"curies":[{"name":"wp","href":"https:\/\/api.w.org\/{rel}","templated":true}]}}