{"id":22942,"date":"2020-03-25T11:31:48","date_gmt":"2020-03-25T10:31:48","guid":{"rendered":"https:\/\/srcekrajine.org\/?p=22942"},"modified":"2020-03-25T11:42:29","modified_gmt":"2020-03-25T10:42:29","slug":"evropa-porucila-srpskim-medicinarima","status":"publish","type":"post","link":"https:\/\/srcekrajine.org\/?p=22942","title":{"rendered":"EVROPA PORU\u010cILA SRPSKIM MEDICINARIMA"},"content":{"rendered":"<p>TV Hepi &#8211; 25.03.2020. 10:48h<\/p>\n<p><span style=\"color: #003366;\"><strong>Ministar spoljnih poslova Ivica Da\u010di\u0107 <\/strong><strong>kritikovao je danas nedostatak solidarnosti EU, navode\u0107i primer zdravstvenih radnika kojima ne dozvoljavaju da se vrate u Srbiju.<\/strong><\/span><\/p>\n<p><span style=\"color: #000000;\">Da\u010di\u0107 je, u jutarnjem programu TV Hepi, upitan za slu\u010daj navodne kra\u0111e pomo\u0107i namenjene Italiji od strane \u010ce\u0161ke, rekao da je to pokazatelj licemerja i opredeljenja da moraju prvo da se brinu za sebe.<\/span><\/p>\n<div class=\"ads intext 2ndParagraph\"><img loading=\"lazy\" decoding=\"async\" class=\"editorPlugin\" src=\"https:\/\/www.alo.rs\/resources\/images\/0000\/254\/585\/seselj01%20AP_1000x0.jpg\" alt=\"Ivica Da\u010di\u0107\" width=\"1000\" height=\"666\" \/><\/div>\n<div><\/div>\n<p><!--more--><\/p>\n<p><span style=\"color: #000000;\">&#8222;Mi visoko cenimo odre\u0111enu pomo\u0107 koju je dala EU, ali neki postupci nas iritiraju. Zdravstvenim radnicima koji radne na teritoriji EU ne dozvoljavaju da se vrate u Srbiju. Poru\u010duju im da, ako se vrate, vi\u0161e nikada ne\u0107e mo\u0107i da se zaposle u EU. To prelazi normalne odnose&#8220;, poru\u010dio je on.<\/span><\/p>\n<p><span style=\"color: #000000;\">Kako je rekao, evropska solidarnost je vi\u0161e fama, nego \u0161to postoji u realnosti.<\/span><\/p>\n<p><span style=\"color: #003366;\"><strong>Da\u010di\u0107 je podsetio da je Srbija dobila sedam miliona evra pomo\u0107i od EU, na \u010demu je zahvalna, dodaju\u0107i da nikako ne treba da ka\u017eemo da nam je to malo, ali da treba da podsetimo koliko oni me\u0111usobno dele, dok probleme koje imamo, delimo zajedno u borbi protiv korone.<\/strong><\/span><\/p>\n<p><span style=\"color: #000000;\">&#8222;Mi se nismo \u017ealili da nemamo novac, nego \u0161to ne mo\u017eemo da kupimo opremu. Oni su doneli odluku da niko bez posebne dozvole ne mo\u017ee da izveze medicinsku opremu. Za\u0161to su zemlje kandidati za \u010dlanstvo na listi gde ne sme da se izvozi&#8220;, upitao je Da\u010di\u0107.<\/span><\/p>\n<p><span style=\"color: #000000;\">On je istakao da postoji prijateljski odnos nekih drugih zemalja, koje su se pokazale kao postojaniji prijatelji nego \u0161to je EU.<\/span><\/p>\n<p><span style=\"color: #003366;\"><strong>&#8222;Nema tu nikakve politizacije, ovo je realan \u017eivot, borba da se pre\u017eivi&#8220;, rekao je Da\u010di\u0107.<\/strong><\/span><\/p>\n<p><span style=\"color: #000000;\">Tako\u0111e se osvrnuo i na njegov boravak u Kini za vreme epidemije korona virusa u toj zemlji, rekav\u0161i da je taj narod disciplinovan.<\/span><\/p>\n<p><span style=\"color: #000000;\">Ukazao je da je on shvatio situaciju na vreme, i da su ga tada napali mediji da je navodno uvredio Kinu kada je otkazao posetu, navode\u0107i da \u0107e morati u karantin i na\u0161alio se da ne\u0107e imati ko da potpi\u0161e izbornu listu.<\/span><\/p>\n<p><span style=\"color: #000000;\">Tada, kako je rekao, mnogi u Srbiji su sa non\u0161alancijom gledali na situaciji i Kini.<\/span><\/p>\n<p><span style=\"color: #003366;\"><strong>Ukazao je da danas u Kinu ne mo\u017ee da ode nijedan stranac da ne ode u karantin, a kada je on bio re\u010deno mu je da je epidemija bila na vrhuncu i po\u010detku kraja.<\/strong><\/span><\/p>\n<p><span style=\"color: #000000;\">Ka\u017ee da je preneo predsedniku Aleksandru Vu\u010di\u0107u ono \u0161to je video tamo, a to je planska organizacija \u017eivota, u kojoj se znalo koliko ljudi iz fabrike ide na posao, a koliko mora da ostane ku\u0107i.<\/span><\/p>\n","protected":false},"excerpt":{"rendered":"<p>TV Hepi &#8211; 25.03.2020. 10:48h Ministar spoljnih poslova Ivica Da\u010di\u0107 kritikovao je danas nedostatak solidarnosti EU, navode\u0107i primer zdravstvenih radnika kojima ne dozvoljavaju da se vrate u Srbiju. Da\u010di\u0107 je, u jutarnjem programu TV Hepi, upitan za slu\u010daj navodne kra\u0111e pomo\u0107i namenjene Italiji od strane \u010ce\u0161ke, rekao da je to pokazatelj licemerja i opredeljenja da [&hellip;]<\/p>\n","protected":false},"author":2,"featured_media":0,"comment_status":"open","ping_status":"open","sticky":false,"template":"","format":"standard","meta":{"footnotes":""},"categories":[1],"tags":[],"_links":{"self":[{"href":"https:\/\/srcekrajine.org\/index.php?rest_route=\/wp\/v2\/posts\/22942"}],"collection":[{"href":"https:\/\/srcekrajine.org\/index.php?rest_route=\/wp\/v2\/posts"}],"about":[{"href":"https:\/\/srcekrajine.org\/index.php?rest_route=\/wp\/v2\/types\/post"}],"author":[{"embeddable":true,"href":"https:\/\/srcekrajine.org\/index.php?rest_route=\/wp\/v2\/users\/2"}],"replies":[{"embeddable":true,"href":"https:\/\/srcekrajine.org\/index.php?rest_route=%2Fwp%2Fv2%2Fcomments&post=22942"}],"version-history":[{"count":5,"href":"https:\/\/srcekrajine.org\/index.php?rest_route=\/wp\/v2\/posts\/22942\/revisions"}],"predecessor-version":[{"id":22947,"href":"https:\/\/srcekrajine.org\/index.php?rest_route=\/wp\/v2\/posts\/22942\/revisions\/22947"}],"wp:attachment":[{"href":"https:\/\/srcekrajine.org\/index.php?rest_route=%2Fwp%2Fv2%2Fmedia&parent=22942"}],"wp:term":[{"taxonomy":"category","embeddable":true,"href":"https:\/\/srcekrajine.org\/index.php?rest_route=%2Fwp%2Fv2%2Fcategories&post=22942"},{"taxonomy":"post_tag","embeddable":true,"href":"https:\/\/srcekrajine.org\/index.php?rest_route=%2Fwp%2Fv2%2Ftags&post=22942"}],"curies":[{"name":"wp","href":"https:\/\/api.w.org\/{rel}","templated":true}]}}