{"id":23097,"date":"2020-05-13T16:46:35","date_gmt":"2020-05-13T14:46:35","guid":{"rendered":"https:\/\/srcekrajine.org\/?p=23097"},"modified":"2020-05-13T16:46:35","modified_gmt":"2020-05-13T14:46:35","slug":"zestok-odgovor-milacica-na-hapsenja-u-niksicu-bolje-da-ne-postojimo-video","status":"publish","type":"post","link":"https:\/\/srcekrajine.org\/?p=23097","title":{"rendered":"\u017destok odgovor Mila\u010dic\u0301a na hap\u0161enja u Nik\u0161ic\u0301u: Bolje da ne postojimo! \/video\/"},"content":{"rendered":"<p>14:50 13.05.2020 &#8211; Sputnik<\/p>\n<div class=\"b-article__header\"><img loading=\"lazy\" decoding=\"async\" class=\"\" title=\"Marko Mila\u010dic\u0301\" src=\"https:\/\/cdn1.img.rs.sputniknews.com\/img\/112070\/75\/1120707554_28:0:1247:660_1000x541_80_0_0_4839c4b725b9280c2ae1cc6d32ce0bed.png.webp\" srcset=\"https:\/\/cdn1.img.rs.sputniknews.com\/img\/112070\/75\/1120707554_28:0:1247:660_1000x0_80_0_1_a074b78acc355f453b92b4658600a14a.png.webp 1000w,https:\/\/cdn1.img.rs.sputniknews.com\/img\/112070\/75\/1120707554_28:0:1247:660_768x0_80_0_1_ca01dc9085ccd75609b4321f10b0ed31.png.webp 768w,https:\/\/cdn1.img.rs.sputniknews.com\/img\/112070\/75\/1120707554_28:0:1247:660_480x0_80_0_1_fc9091e1623e92cc160d47fcf9e2264e.png.webp 480w\" alt=\"Marko Mila\u010dic\u0301\" width=\"1000\" height=\"541\" \/><\/div>\n<div>\n<div class=\"b-article__lead\">\n<p>Predsednik Prave Crne Gore Marko Mila\u010dic\u0301 izjavio je da je hap\u0161enjem vladike Joanikija i sve\u0161tenika uhap\u0161ena Crna Gora, pritvorena sloboda i da su svima stavljene lisice na du\u0161u.<\/p>\n<p><!--more--><\/p>\n<\/div>\n<div class=\"b-article__text\">\n<p>Mila\u010dic\u0301 je kazao da se hapse oni koji se molitvom bore i upitao za\u0161to nadle\u017eni ne hapse kriminalce koji se slobodno krec\u0301u po Crnoj Gori.<\/p>\n<p>On je pozvao sve\u00a0<strong>opozicione kolege<\/strong>, osim one \u201epredstavnike la\u017ene opozicije, koji jedan po jedan podi\u017eu ruke zajedno sa DPS-om dok izglasavaju zakone, da se okupe, razgovaraju i dogovore o modelu hitnog zajedni\u010dkog delovanja\u201c.<\/p>\n<div class=\"ria-fb\"><iframe loading=\"lazy\" class=\"adaptive-iframe\" src=\"https:\/\/www.facebook.com\/plugins\/video.php?href=https%3A%2F%2Fwww.facebook.com%2Frs.sputniknews%2Fvideos%2F3823149791059902%2F&amp;show_text=0&amp;width=560\" width=\"560\" height=\"315\" frameborder=\"0\" data-ratio=\"0.5625\"><\/iframe><\/div>\n<p>\u201ePozivam ih da Crnu Goru izbavimo iz \u0110ukanovic\u0301evih kand\u017ei i da se izborimo za Ustav ove dr\u017eave i osnovna ljudska prava i slobode na\u0161ih vladika i na\u0161eg naroda\u201c, naveo je Mila\u010dic\u0301 u saop\u0161tenju.<\/p>\n<p>On je kazao da nisu jutros zadr\u017eani, a sinoc\u0301 li\u0161eni slobode samo velikodostojnik i sve\u0161tenici Srpske pravoslavne crkve.<\/p>\n<p><strong>\u201eUhap\u0161eni smo svi mi. <\/strong><\/p>\n<p><strong>Pritvorena je sloboda. <\/strong><\/p>\n<p><strong>Svima su nam stavljene lisice na ruke, ali i na na\u0161u du\u0161u\u201c, rekao je Mila\u010dic\u0301.<\/strong><\/p>\n<\/div>\n<\/div>\n","protected":false},"excerpt":{"rendered":"<p>14:50 13.05.2020 &#8211; Sputnik Predsednik Prave Crne Gore Marko Mila\u010dic\u0301 izjavio je da je hap\u0161enjem vladike Joanikija i sve\u0161tenika uhap\u0161ena Crna Gora, pritvorena sloboda i da su svima stavljene lisice na du\u0161u.<\/p>\n","protected":false},"author":2,"featured_media":0,"comment_status":"open","ping_status":"open","sticky":false,"template":"","format":"standard","meta":{"footnotes":""},"categories":[1,24],"tags":[],"_links":{"self":[{"href":"https:\/\/srcekrajine.org\/index.php?rest_route=\/wp\/v2\/posts\/23097"}],"collection":[{"href":"https:\/\/srcekrajine.org\/index.php?rest_route=\/wp\/v2\/posts"}],"about":[{"href":"https:\/\/srcekrajine.org\/index.php?rest_route=\/wp\/v2\/types\/post"}],"author":[{"embeddable":true,"href":"https:\/\/srcekrajine.org\/index.php?rest_route=\/wp\/v2\/users\/2"}],"replies":[{"embeddable":true,"href":"https:\/\/srcekrajine.org\/index.php?rest_route=%2Fwp%2Fv2%2Fcomments&post=23097"}],"version-history":[{"count":1,"href":"https:\/\/srcekrajine.org\/index.php?rest_route=\/wp\/v2\/posts\/23097\/revisions"}],"predecessor-version":[{"id":23098,"href":"https:\/\/srcekrajine.org\/index.php?rest_route=\/wp\/v2\/posts\/23097\/revisions\/23098"}],"wp:attachment":[{"href":"https:\/\/srcekrajine.org\/index.php?rest_route=%2Fwp%2Fv2%2Fmedia&parent=23097"}],"wp:term":[{"taxonomy":"category","embeddable":true,"href":"https:\/\/srcekrajine.org\/index.php?rest_route=%2Fwp%2Fv2%2Fcategories&post=23097"},{"taxonomy":"post_tag","embeddable":true,"href":"https:\/\/srcekrajine.org\/index.php?rest_route=%2Fwp%2Fv2%2Ftags&post=23097"}],"curies":[{"name":"wp","href":"https:\/\/api.w.org\/{rel}","templated":true}]}}