{"id":23138,"date":"2020-06-28T13:14:40","date_gmt":"2020-06-28T11:14:40","guid":{"rendered":"https:\/\/srcekrajine.org\/?p=23138"},"modified":"2020-06-28T13:55:24","modified_gmt":"2020-06-28T11:55:24","slug":"danas-je-vidovdan-2","status":"publish","type":"post","link":"https:\/\/srcekrajine.org\/?p=23138","title":{"rendered":"\u0414\u0430\u043d\u0430\u0441 \u0458\u0435 \u0412\u0438\u0434\u043e\u0432\u0434\u0430\u043d"},"content":{"rendered":"<p>\u041d\u0415\u0414\u0415\u0409\u0410, 28.\u00a0\u0408\u0423\u041d\u00a02020<\/p>\n<p><strong>\u041f\u0440a\u0432\u043e\u0441\u043b\u0430\u0432\u043d\u0438 \u0432\u0435\u0440\u043d\u0438\u0446\u0438 \u043e\u0431\u0435\u043b\u0435\u0436\u0430\u0432\u0430\u0458\u0443 \u0458\u0435\u0434\u0430\u043d \u043e\u0434 \u043d\u0430\u0458\u0432\u0435\u045b\u0438\u0445 \u0441\u0440\u043f\u0441\u043a\u0438\u0445 \u043f\u0440\u0430\u0437\u043d\u0438\u043a\u0430 &#8211; \u0412\u0438\u0434\u043e\u0432\u0434\u0430\u043d. \u041d\u0430\u0440\u043e\u0434 \u0412\u0438\u0434\u043e\u0432\u0434\u0430\u043d \u0434\u043e\u0432\u043e\u0434\u0438 \u0443 \u0432\u0435\u0437\u0443, \u0441 \u0458\u0435\u0434\u043d\u0435 \u0441\u0442\u0440\u0430\u043d\u0435 \u0441\u0430 \u043a\u043d\u0435\u0437\u043e\u043c \u041b\u0430\u0437\u0430\u0440\u043e\u043c \u0438 \u041a\u043e\u0441\u043e\u0432\u0441\u043a\u0438\u043c \u0431\u043e\u0458\u0435\u043c, \u0430 \u0441 \u0434\u0440\u0443\u0433\u0435, \u0443 \u0430\u0440\u0445\u0430\u0438\u0447\u043d\u0438\u0458\u043e\u0458 \u0432\u0430\u0440\u0438\u0458\u0430\u043d\u0442\u0438, \u0441\u0430 \u0441\u0432\u0435\u0442\u0438\u043c \u0412\u0438\u0434\u043e\u043c.<\/strong><\/p>\n<div>\n<div data-test-id=\"flashlight-enabled-image\">\n<div class=\"Pj7 sLG XiG DUt m1e\">\n<div class=\"XiG zI7 iyn Hsu\"><img decoding=\"async\" class=\"hCL kVc L4E MIw\" src=\"https:\/\/i.pinimg.com\/originals\/76\/62\/7a\/76627a4907a01e634b344b66f7622c24.jpg\" alt=\"Boj na Kosovu, srpski vitezovi\" \/><\/div>\n<div class=\"MIw QLY Rym zI7 iyn Hsu\"><\/div>\n<\/div>\n<\/div>\n<\/div>\n<div>\n<div class=\"zI7 iyn Hsu\">\n<div class=\"zI7 iyn Hsu\">\n<div>\n<div class=\"vbI XiG\">\n<div class=\"Yl- MIw Hb7\" data-grid-item=\"true\">\n<div data-test-id=\"pin\" data-test-pin-id=\"701857923156333073\">\n<div class=\"zI7 iyn Hsu\">\n<div class=\"XiG sLG zI7 iyn Hsu\" data-test-id=\"pinWrapper\">\n<div class=\"XiG sLG zI7 iyn Hsu\">\n<div class=\"zI7 iyn Hsu\"><\/div>\n<\/div>\n<\/div>\n<\/div>\n<\/div>\n<\/div>\n<\/div>\n<\/div>\n<\/div>\n<\/div>\n<\/div>\n<p>U starim, prekosovskim crkvenim kalendarima dana\u0161njeg dana se praznovao sv. Vid i prorok Amos. Prorok Amos \u017eiveo je u 8. veku pre Hrista i pominje se u Starom Zavetu. Kult sv. mu\u010denika Vida (ili Vita) je rasprostranjen kako na Istoku, tako i na Zapadu.<!--more--><\/p>\n<p>Otuda u narodu odoma\u0107en naziv Vidovdan. Bio je rodom sa Sicilije, \u017eiveo je u vreme cara Dioklecijana. Postradao kao de\u010dak za ime Hristovo. Po\u0161tovan me\u0111u Slovenima, jedna ruka mu se nalazi u Pragu. U Sloveniji ima 76 hramova njemu posve\u0107enih. Na Zapadu su ga za patrona uzeli lekari, kotlari, pivari, glumci, gluvonemi.<\/p>\n<p>Me\u0111utim, kako je na taj dan 1389. bila Kosovska bitka, u kojoj je srpski knez Lazar Hrebeljanovi\u0107 u odbrani slobode i vere pravoslavne mu\u010deni\u010dki postradao, ve\u0107 nekoliko godina posle toga doga\u0111aja, ovaj dan je bio posve\u0107en svetoj uspomeni na njega.<\/p>\n<div><\/div>\n","protected":false},"excerpt":{"rendered":"<p>\u041d\u0415\u0414\u0415\u0409\u0410, 28.\u00a0\u0408\u0423\u041d\u00a02020 \u041f\u0440a\u0432\u043e\u0441\u043b\u0430\u0432\u043d\u0438 \u0432\u0435\u0440\u043d\u0438\u0446\u0438 \u043e\u0431\u0435\u043b\u0435\u0436\u0430\u0432\u0430\u0458\u0443 \u0458\u0435\u0434\u0430\u043d \u043e\u0434 \u043d\u0430\u0458\u0432\u0435\u045b\u0438\u0445 \u0441\u0440\u043f\u0441\u043a\u0438\u0445 \u043f\u0440\u0430\u0437\u043d\u0438\u043a\u0430 &#8211; \u0412\u0438\u0434\u043e\u0432\u0434\u0430\u043d. \u041d\u0430\u0440\u043e\u0434 \u0412\u0438\u0434\u043e\u0432\u0434\u0430\u043d \u0434\u043e\u0432\u043e\u0434\u0438 \u0443 \u0432\u0435\u0437\u0443, \u0441 \u0458\u0435\u0434\u043d\u0435 \u0441\u0442\u0440\u0430\u043d\u0435 \u0441\u0430 \u043a\u043d\u0435\u0437\u043e\u043c \u041b\u0430\u0437\u0430\u0440\u043e\u043c \u0438 \u041a\u043e\u0441\u043e\u0432\u0441\u043a\u0438\u043c \u0431\u043e\u0458\u0435\u043c, \u0430 \u0441 \u0434\u0440\u0443\u0433\u0435, \u0443 \u0430\u0440\u0445\u0430\u0438\u0447\u043d\u0438\u0458\u043e\u0458 \u0432\u0430\u0440\u0438\u0458\u0430\u043d\u0442\u0438, \u0441\u0430 \u0441\u0432\u0435\u0442\u0438\u043c \u0412\u0438\u0434\u043e\u043c. U starim, prekosovskim crkvenim kalendarima dana\u0161njeg dana se praznovao sv. Vid i prorok Amos. Prorok Amos \u017eiveo je u 8. [&hellip;]<\/p>\n","protected":false},"author":2,"featured_media":0,"comment_status":"open","ping_status":"open","sticky":false,"template":"","format":"standard","meta":{"footnotes":""},"categories":[1],"tags":[],"_links":{"self":[{"href":"https:\/\/srcekrajine.org\/index.php?rest_route=\/wp\/v2\/posts\/23138"}],"collection":[{"href":"https:\/\/srcekrajine.org\/index.php?rest_route=\/wp\/v2\/posts"}],"about":[{"href":"https:\/\/srcekrajine.org\/index.php?rest_route=\/wp\/v2\/types\/post"}],"author":[{"embeddable":true,"href":"https:\/\/srcekrajine.org\/index.php?rest_route=\/wp\/v2\/users\/2"}],"replies":[{"embeddable":true,"href":"https:\/\/srcekrajine.org\/index.php?rest_route=%2Fwp%2Fv2%2Fcomments&post=23138"}],"version-history":[{"count":3,"href":"https:\/\/srcekrajine.org\/index.php?rest_route=\/wp\/v2\/posts\/23138\/revisions"}],"predecessor-version":[{"id":23143,"href":"https:\/\/srcekrajine.org\/index.php?rest_route=\/wp\/v2\/posts\/23138\/revisions\/23143"}],"wp:attachment":[{"href":"https:\/\/srcekrajine.org\/index.php?rest_route=%2Fwp%2Fv2%2Fmedia&parent=23138"}],"wp:term":[{"taxonomy":"category","embeddable":true,"href":"https:\/\/srcekrajine.org\/index.php?rest_route=%2Fwp%2Fv2%2Fcategories&post=23138"},{"taxonomy":"post_tag","embeddable":true,"href":"https:\/\/srcekrajine.org\/index.php?rest_route=%2Fwp%2Fv2%2Ftags&post=23138"}],"curies":[{"name":"wp","href":"https:\/\/api.w.org\/{rel}","templated":true}]}}