{"id":23149,"date":"2020-07-07T08:06:24","date_gmt":"2020-07-07T06:06:24","guid":{"rendered":"https:\/\/srcekrajine.org\/?p=23149"},"modified":"2020-07-07T08:06:24","modified_gmt":"2020-07-07T06:06:24","slug":"da-li-je-moguce","status":"publish","type":"post","link":"https:\/\/srcekrajine.org\/?p=23149","title":{"rendered":"DA LI JE MOGU\u0106E"},"content":{"rendered":"<p><span class=\"article-author\">Alo.rs\/I. S.\u00a0<\/span>DATUM I VREME:\u00a006.07.2020.<\/p>\n<p class=\"lead mtb20\">Posle ovoga, ni\u0161ta vi\u0161e ne\u0107e biti isto.<\/p>\n<div id=\"newsContent\" class=\"m-top20 twelvecol\">\n<div class=\"mceNonEditable pluginContainer imagePlugin image-safe fullWidth\" data-image-id=\"251399\">\n<figure class=\"editorPlugin\" title=\"Federer, Nadal, \u0110okovi\u0107\" data-media=\"\/resources\/images\/0000\/251\/399\/gilip EPA Nic Bothma_400x0.jpg\" data-media440=\"\/resources\/images\/0000\/251\/399\/gilip EPA Nic Bothma_450x0.jpg\" data-media900=\"\/resources\/images\/0000\/251\/399\/gilip EPA Nic Bothma_1000x0.jpg\"><img loading=\"lazy\" decoding=\"async\" class=\"editorPlugin\" src=\"https:\/\/www.alo.rs\/resources\/images\/0000\/251\/399\/gilip%20EPA%20Nic%20Bothma_1000x0.jpg\" alt=\"Federer, Nadal, \u0110okovi\u0107\" width=\"1000\" height=\"752\" \/><\/figure>\n<p><span class=\"mceEditable image-plugin-description\">Federer, Nadal, \u0110okovi\u0107, Foto: EPA\/NIc Bothma<\/span><\/div>\n<p><strong>Delovalo je da je samo novinarsko naga\u0111anje, ali ispostavilo se da je &#8222;Marka&#8220; sve pogodila &#8211; Asocijacija teniskih profesionalaca (ATP) usvojila je novi sistem bodovanja u nastavku sezone, po kojem \u0107e svakom teniseru, ukoliko ostvari slabiji rezultat na turniru ove godine nego pro\u0161le, ostati bodovi iz 2019. godine.<!--more--><\/strong><\/p>\n<div>\n<div class=\"twelvecol gallery clearfix mtb20\" data-gallery-id=\"6350\">\n<h1>Novak \u0110okovi\u0107<\/h1>\n<div class=\"owl-carousel owl-theme owl-loaded owl-drag\">\n<div class=\"owl-stage-outer\">\n<div class=\"owl-stage\">\n<div class=\"owl-item active\">\n<div class=\"item\" data-gallery-image-id=\"275905\">\n<figure title=\"Novak \u0110okovi\u0107\" data-media=\"\/resources\/images\/0000\/275\/905\/jokara EPA Andrej Cukic_900x900.jpg\"><img loading=\"lazy\" decoding=\"async\" class=\"scale\" src=\"https:\/\/www.alo.rs\/resources\/images\/0000\/275\/905\/jokara%20EPA%20Andrej%20Cukic_900x900.jpg\" alt=\"Novak \u0110okovi\u0107\" width=\"1142\" height=\"900\" \/><\/figure>\n<\/div>\n<\/div>\n<div class=\"owl-item\">\n<div class=\"item\" data-gallery-image-id=\"276958\">\n<figure title=\"Novak \u0110okovi\u0107 slikanje\" data-media=\"\/resources\/images\/0000\/276\/958\/vlada fkp EPA Andrej Cukic_900x900.jpg\"><img loading=\"lazy\" decoding=\"async\" class=\"scale\" src=\"https:\/\/www.alo.rs\/resources\/images\/0000\/276\/958\/vlada%20fkp%20EPA%20Andrej%20Cukic_900x900.jpg\" alt=\"Novak \u0110okovi\u0107 slikanje\" width=\"1279\" height=\"900\" \/><\/figure>\n<\/div>\n<\/div>\n<div class=\"owl-item\">\n<div class=\"item\" data-gallery-image-id=\"275895\">\n<figure title=\"Novak \u0110okovi\u0107\" data-media=\"\/resources\/images\/0000\/275\/895\/jokara EPA Ali Haider_900x900.jpg\"><img loading=\"lazy\" decoding=\"async\" class=\"scale\" src=\"https:\/\/www.alo.rs\/resources\/images\/0000\/275\/895\/jokara%20EPA%20Ali%20Haider_900x900.jpg\" alt=\"Novak \u0110okovi\u0107\" width=\"1285\" height=\"900\" \/><\/figure>\n<\/div>\n<\/div>\n<div class=\"owl-item\">\n<div class=\"item\" data-gallery-image-id=\"275065\">\n<figure title=\"Novak \u0110okovi\u0107\" data-media=\"\/resources\/images\/0000\/275\/065\/jokara13 EPA Andrej Cukic_900x900.jpg\"><img loading=\"lazy\" decoding=\"async\" class=\"scale\" src=\"https:\/\/www.alo.rs\/resources\/images\/0000\/275\/065\/jokara13%20EPA%20Andrej%20Cukic_900x900.jpg\" alt=\"Novak \u0110okovi\u0107\" width=\"1465\" height=\"900\" \/><\/figure>\n<\/div>\n<\/div>\n<div class=\"owl-item\">\n<div class=\"item\" data-gallery-image-id=\"255295\">\n<figure title=\"Novak \u0110okovi\u0107\" data-media=\"\/resources\/images\/0000\/255\/295\/djorjd AP Kamran Jebreili_900x900.jpg\"><img loading=\"lazy\" decoding=\"async\" class=\"scale\" src=\"https:\/\/www.alo.rs\/resources\/images\/0000\/255\/295\/djorjd%20AP%20Kamran%20Jebreili_900x900.jpg\" alt=\"Novak \u0110okovi\u0107\" width=\"1397\" height=\"900\" \/><\/figure>\n<\/div>\n<\/div>\n<div class=\"owl-item\">\n<div class=\"item\" data-gallery-image-id=\"255392\">\n<figure title=\"Novak \u0110okovi\u0107\" data-media=\"\/resources\/images\/0000\/255\/392\/bozovic01 EPA Lynn Bo Bo_900x900.jpg\"><img loading=\"lazy\" decoding=\"async\" class=\"scale\" src=\"https:\/\/www.alo.rs\/resources\/images\/0000\/255\/392\/bozovic01%20EPA%20Lynn%20Bo%20Bo_900x900.jpg\" alt=\"Novak \u0110okovi\u0107\" width=\"1350\" height=\"900\" \/><\/figure>\n<\/div>\n<\/div>\n<div class=\"owl-item\">\n<div class=\"item\" data-gallery-image-id=\"255394\">\n<figure title=\"Novak \u0110okovi\u0107 oko\" data-media=\"\/resources\/images\/0000\/255\/394\/bozovic01 EPA Francis Malasig_900x900.jpg\"><img loading=\"lazy\" decoding=\"async\" class=\"scale\" src=\"https:\/\/www.alo.rs\/resources\/images\/0000\/255\/394\/bozovic01%20EPA%20Francis%20Malasig_900x900.jpg\" alt=\"Novak \u0110okovi\u0107 oko\" width=\"1351\" height=\"900\" \/><\/figure>\n<\/div>\n<\/div>\n<\/div>\n<\/div>\n<\/div>\n<\/div>\n<\/div>\n<p><strong>To prakti\u010dno zna\u010di da je u trci za &#8222;broj 1&#8220; Rafael Nadal u prednosti u odnosu na Novaka \u0110okovi\u0107a jer je \u0160panac imao bolji fini\u0161 pro\u0161le sezone.<\/strong><\/p>\n<div class=\"bannerInArticle23 banner\"><\/div>\n<p>Tako\u0111e, ovim saop\u0161tenjem ATP-a, ispostavilo se da je \u0161panska &#8222;Marka&#8220; bila na dobrom tragu kada je nedavno objavila da \u0107e do\u0107i do promena u bodovanju, ali ne procentualnim gubitkom bodova, nego po principu boljeg rezultata.<\/p>\n<p>Ostatak sezone bi trebalo da se nastavi u Va\u0161ingtonu 14. avgusta, a potom slede Sinsinati, US Open u Njujorku, Kicbil, Madrid, Rim i Rolan Garos u Parizu.<\/p>\n<p>Promena sistema bodovanja je uzgleda samo jo\u0161 jedan u nizu napada na najboljeg tenisera Srbije koji o\u010digledno dirigovano traje jo\u0161 od &#8220;Adrija tur.&#8220;<\/p>\n<p><strong>Sad je ve\u0107 svima jasno da druga\u010dije ne mogu da skinu Novaka sa trona, pa su ljudi koji vode ATP odlu\u010dili da \u010dak promene pravila kako bi se \u0160panac ponovo vratio na vrh.<\/strong><\/p>\n<\/div>\n<p>&nbsp;<\/p>\n","protected":false},"excerpt":{"rendered":"<p>Alo.rs\/I. S.\u00a0DATUM I VREME:\u00a006.07.2020. Posle ovoga, ni\u0161ta vi\u0161e ne\u0107e biti isto. Federer, Nadal, \u0110okovi\u0107, Foto: EPA\/NIc Bothma Delovalo je da je samo novinarsko naga\u0111anje, ali ispostavilo se da je &#8222;Marka&#8220; sve pogodila &#8211; Asocijacija teniskih profesionalaca (ATP) usvojila je novi sistem bodovanja u nastavku sezone, po kojem \u0107e svakom teniseru, ukoliko ostvari slabiji rezultat na [&hellip;]<\/p>\n","protected":false},"author":2,"featured_media":0,"comment_status":"open","ping_status":"open","sticky":false,"template":"","format":"standard","meta":{"footnotes":""},"categories":[1],"tags":[],"_links":{"self":[{"href":"https:\/\/srcekrajine.org\/index.php?rest_route=\/wp\/v2\/posts\/23149"}],"collection":[{"href":"https:\/\/srcekrajine.org\/index.php?rest_route=\/wp\/v2\/posts"}],"about":[{"href":"https:\/\/srcekrajine.org\/index.php?rest_route=\/wp\/v2\/types\/post"}],"author":[{"embeddable":true,"href":"https:\/\/srcekrajine.org\/index.php?rest_route=\/wp\/v2\/users\/2"}],"replies":[{"embeddable":true,"href":"https:\/\/srcekrajine.org\/index.php?rest_route=%2Fwp%2Fv2%2Fcomments&post=23149"}],"version-history":[{"count":1,"href":"https:\/\/srcekrajine.org\/index.php?rest_route=\/wp\/v2\/posts\/23149\/revisions"}],"predecessor-version":[{"id":23150,"href":"https:\/\/srcekrajine.org\/index.php?rest_route=\/wp\/v2\/posts\/23149\/revisions\/23150"}],"wp:attachment":[{"href":"https:\/\/srcekrajine.org\/index.php?rest_route=%2Fwp%2Fv2%2Fmedia&parent=23149"}],"wp:term":[{"taxonomy":"category","embeddable":true,"href":"https:\/\/srcekrajine.org\/index.php?rest_route=%2Fwp%2Fv2%2Fcategories&post=23149"},{"taxonomy":"post_tag","embeddable":true,"href":"https:\/\/srcekrajine.org\/index.php?rest_route=%2Fwp%2Fv2%2Ftags&post=23149"}],"curies":[{"name":"wp","href":"https:\/\/api.w.org\/{rel}","templated":true}]}}