{"id":23160,"date":"2020-08-04T11:27:39","date_gmt":"2020-08-04T09:27:39","guid":{"rendered":"https:\/\/srcekrajine.org\/?p=23160"},"modified":"2020-08-07T16:33:19","modified_gmt":"2020-08-07T14:33:19","slug":"da-se-nikad-ne-zaboravi","status":"publish","type":"post","link":"https:\/\/srcekrajine.org\/?p=23160","title":{"rendered":"\u0414\u0410 \u0421\u0415 \u041d\u0418\u041a\u0410\u0414 \u041d\u0415 \u0417\u0410\u0411\u041e\u0420\u0410\u0412\u0418-"},"content":{"rendered":"<p>4 \u0430\u0443\u0433\u0443\u0441\u0442 2020<\/p>\n<h2><span style=\"color: #000080;\">\u0421\u0440\u0446\u0435\u041a\u0440\u0430\u0458\u0438\u043d\u0435 ;<\/span><\/h2>\n<h3><span style=\"color: #000080;\"><strong>\u041f\u043e\u0447\u0438\u0432\u0430\u0458\u0442\u0435 \u0443 \u043c\u0438\u0440\u0443 \u0411\u043e\u0436\u0458\u0435\u043c , \u0434\u0440\u0430\u0433\u0430 \u0431\u0440\u0430\u045b\u043e \u0438 \u0441\u0435\u0441\u0442\u0440\u0435 , \u0434\u0440\u0430\u0433\u0438 \u0441\u0443\u0433\u0440\u0430\u0452\u0430\u043d\u0438 \u0438 \u0441\u0443\u043d\u0430\u0440\u043e\u0434\u043d\u0438\u0446\u0438 , \u043c\u043e\u0458\u0438 \u041a\u0440\u0430\u0458\u0438\u0448\u043d\u0438\u0446\u0438 .<\/strong><\/span><br \/>\n<span style=\"color: #000080;\"><strong>\u041d\u0435\u043a\u0430 \u0432\u0430\u043c \u0458\u0435 \u0432\u0458\u0435\u0447\u043d\u0430 \u0441\u043b\u0430\u0432\u0430 . . .<\/strong><\/span><\/h3>\n<p><img decoding=\"async\" src=\"https:\/\/www.kurir.rs\/data\/images\/2020\/08\/01\/15\/2290919_105954_ls.jpg\" alt=\"OVAJ ZLO\u010cIN JE PRETHODIO OLUJI: Se\u0107anje na srpske \u017ertve u Glamo\u010du 1995. godine\" \/><\/p>\n<h1 class=\"title\"><span style=\"font-size: 16px;\">\u041e\u0412\u0410\u0408 \u0417\u041b\u041e\u0427\u0418\u041d \u0408\u0415 \u041f\u0420\u0415\u0422\u0425\u041e\u0414\u0418\u041e \u041e\u041b\u0423\u0408\u0418<\/span><\/h1>\n<h1 class=\"title\"><span style=\"font-size: 16px;\">\u0423 \u043c\u0435\u0441\u0442\u0443 \u041a\u0430\u043c\u0435\u043d \u043e\u0431\u0435\u043b\u0435\u0436\u0435\u043d \u0458\u0435 \u0434\u0430\u043d \u0441\u0435\u045b\u0430\u045a\u0430 \u043d\u0430 108 \u0441\u0440\u043f\u0441\u043a\u0438\u0445 \u0431\u043e\u0440\u0430\u0446\u0430 \u0438 \u0446\u0438\u0432\u0438\u043b\u0430 \u0435\u043a\u0441\u0445\u0443\u043c\u0438\u0440\u0430\u043d\u0438\u0445 \u0438\u0437 \u043c\u0430\u0441\u043e\u0432\u043d\u0435 \u0433\u0440\u043e\u0431\u043d\u0438\u0446\u0435 &#8222;\u041a\u0430\u043c\u0435\u043d&#8220;, \u043f\u043e\u0433\u0438\u043d\u0443\u043b\u0438\u0445 \u0443 \u043d\u0430\u043f\u0430\u0434\u0443 \u0445\u0440\u0432\u0430\u0442\u0441\u043a\u0438\u0445 \u0441\u043d\u0430\u0433\u0430 \u043d\u0430 \u0413\u043b\u0430\u043c\u043e\u0447 1995. \u0433\u043e\u0434\u0438\u043d\u0435.\u041f\u0430\u0440\u0430\u0441\u0442\u043e\u0441 \u0436\u0440\u0442\u0432\u0430\u043c\u0430 \u0441\u043b\u0443\u0436\u0435\u043d \u0458\u0435 \u0443 \u0421\u0430\u0431\u043e\u0440\u043d\u043e\u043c \u0445\u0440\u0430\u043c\u0443 \u0421\u0432\u0435\u0442\u0435 \u0422\u0440\u043e\u0458\u0438\u0446\u0435 \u0443 \u0413\u043b\u0430\u043c\u043e\u0447\u0443, \u0433\u0434\u0435 \u0458\u0435 \u043f\u043e\u043b\u043e\u0436\u0435\u043d\u043e \u0446\u0432\u0435\u045b\u0435 \u043a\u043e\u0434 \u0441\u043f\u043e\u043c\u0435\u043d-\u043f\u043b\u043e\u0447\u0435, \u043f\u0440\u0435\u043d\u043e\u0441\u0438 \u0420\u0422\u0420\u0421.<\/span><\/h1>\n<p><!--more--><\/p>\n<h1 class=\"title\"><span style=\"font-size: 16px;\">\u0418\u0441\u0438\u0434\u043e\u0440\u0430 \u0413\u0440\u0430\u043e\u0440\u0430\u0446 \u0441\u0435\u043a\u0440\u0435\u0442\u0430\u0440 \u0420\u0435\u043f\u0443\u0431\u043b\u0438\u0447\u043a\u0435 \u043e\u0440\u0433\u0430\u043d\u0438\u0437\u0430\u0446\u0438\u0458\u0435 \u043f\u043e\u0440\u043e\u0434\u0438\u0446\u0430 \u0437\u0430\u0440\u043e\u0431\u0459\u0435\u043d\u0438\u0445 \u0438 \u043f\u043e\u0433\u0438\u043d\u0443\u043b\u0438\u0445 \u0431\u043e\u0440\u0430\u0446\u0430 \u0438 \u043d\u0435\u0441\u0442\u0430\u043b\u0438\u0445 \u0446\u0438\u0432\u0438\u043b\u0430 \u0440\u0435\u043a\u043b\u0430 \u0458\u0435 \u0437\u0430 \u0421\u0440\u043d\u0443 \u0434\u0430 \u043e\u0434 108 \u043e\u0441\u043e\u0431\u0430, \u043a\u043e\u043b\u0438\u043a\u043e \u0458\u0435 \u0435\u043a\u0441\u0445\u0443\u043c\u0438\u0440\u0430\u043d\u043e \u0438\u0437 \u043c\u0430\u0441\u043e\u0432\u043d\u0435 \u0433\u0440\u043e\u0431\u043d\u0438\u0446\u0435 &#8222;\u041a\u0430\u043c\u0435\u043d&#8220;, \u043f\u0435\u0442 \u0458\u043e\u0448 \u043d\u0438\u0458\u0435 \u0438\u0434\u0435\u043d\u0442\u0438\u0444\u0438\u043a\u043e\u0432\u0430\u043d\u043e.\u041e\u043d\u0430 \u0458\u0435 \u0434\u043e\u0434\u0430\u043b\u0430 \u0434\u0430 \u043f\u0440\u0435\u0434\u0441\u0442\u0430\u0432\u043d\u0438\u0446\u0438 \u0420\u0435\u043f\u0443\u0431\u043b\u0438\u0447\u043a\u0435 \u043e\u0440\u0433\u0430\u043d\u0438\u0437\u0430\u0446\u0438\u0458\u0435 \u0438 \u0447\u043b\u0430\u043d\u043e\u0432\u0438 \u043f\u043e\u0440\u043e\u0434\u0438\u0446\u0430 \u0436\u0440\u0442\u0430\u0432\u0430 \u0441\u0432\u0430\u043a\u0435 \u0433\u043e\u0434\u0438\u043d\u0435 \u043e\u0434\u043b\u0430\u0437\u0435 \u0443 \u0413\u043b\u0430\u043c\u043e\u0447 \u0434\u0430 \u043e\u0431\u0435\u043b\u0435\u0436\u0435 \u043e\u0432\u0430\u0458 \u0434\u0430\u043d, \u043a\u0430\u043e \u0438 \u0434\u0430 \u0458\u0435 \u043e\u0432\u043e\u0433\u0430 \u043f\u0443\u0442\u0430 \u043e\u043d\u043e \u043f\u0440\u043e\u0442\u0435\u043a\u043b\u043e \u0437\u043d\u0430\u043d\u0442\u043d\u043e \u0441\u043a\u0440\u043e\u043c\u043d\u0438\u0458\u0435, \u0437\u0431\u043e\u0433 \u0430\u043a\u0442\u0443\u0435\u043b\u043d\u0435 \u0435\u043f\u0438\u0434\u0435\u043c\u0438\u043e\u043b\u043e\u0448\u043a\u0435 \u0441\u0438\u0442\u0443\u0430\u0446\u0438\u0458\u0435.\u0423 \u043d\u0430\u043f\u0430\u0434\u0443 \u0445\u0440\u0432\u0430\u0442\u0441\u043a\u0438\u0445 \u0441\u043d\u0430\u0433\u0430 \u043d\u0430 \u043f\u043e\u0434\u0440\u0443\u0447\u0458\u0435 \u0413\u043b\u0430\u043c\u043e\u0447\u0430 \u0443 \u043b\u0435\u0442\u043e 1995. \u0433\u043e\u0434\u0438\u043d\u0435 \u0443\u0431\u0438\u0458\u0435\u043d \u0458\u0435 \u0432\u0435\u043b\u0438\u043a\u0438 \u0431\u0440\u043e\u0458 \u0441\u0440\u043f\u0441\u043a\u0438\u0445 \u0432\u043e\u0458\u043d\u0438\u043a\u0430 \u0438 \u0446\u0438\u0432\u0438\u043b\u0430. \u041d\u0430\u0440\u0435\u0434\u043d\u0435 \u0433\u043e\u0434\u0438\u043d\u0435, 16. \u0458\u0443\u043b\u0430, \u0438\u0437 \u043c\u0430\u0441\u043e\u0432\u043d\u0435 \u0433\u0440\u043e\u0431\u043d\u0438\u0446\u0435 &#8222;\u041a\u0430\u043c\u0435\u043d&#8220; \u0435\u043a\u0441\u0445\u0443\u043c\u0438\u0440\u0430\u043d\u0430 \u0441\u0443 \u0442\u0435\u043b\u0430 108 \u043e\u0441\u043e\u0431\u0430.\u041e\u0432\u0430\u0458 \u0437\u043b\u043e\u0447\u0438\u043d, \u0437\u0430 \u043a\u043e\u0458\u0438 \u043d\u0438\u043a\u043e \u0458\u043e\u0448 \u043d\u0438\u0458\u0435 \u043e\u0434\u0433\u043e\u0432\u0430\u0440\u0430\u043e, \u043f\u0440\u0435\u0434\u0441\u0442\u0430\u0432\u0459\u0430\u043e \u0458\u0435 \u0443\u0432\u043e\u0434 \u0443 \u0437\u043b\u043e\u0447\u0438\u043d\u0435 \u043f\u043e\u0447\u0438\u045a\u0435\u043d\u0435 \u0443 \u0445\u0440\u0432\u0430\u0442\u0441\u043a\u043e\u0458 \u0432\u043e\u0458\u043d\u043e-\u043f\u043e\u043b\u0438\u0446\u0438\u0458\u0441\u043a\u043e\u0458 \u0430\u043a\u0446\u0438\u0458\u0438 &#8222;\u041e\u043b\u0443\u0458\u0430&#8220;.&#8220;\u041a\u0430\u043c\u0435\u043d&#8220; \u0458\u0435 \u0441\u0430\u043c\u043e \u0458\u0435\u0434\u043d\u0430 \u043e\u0434 \u043c\u0430\u0441\u043e\u0432\u043d\u0438\u0445 \u0433\u0440\u043e\u0431\u043d\u0438\u0446\u0430 \u043a\u043e\u0458\u0430 \u0458\u0435 \u043f\u0440\u043e\u043d\u0430\u0452\u0435\u043d\u0430 \u043d\u0430 \u043f\u043e\u0434\u0440\u0443\u0447\u0458\u0443 \u0413\u043b\u0430\u043c\u043e\u0447\u0430.<\/span><\/h1>\n<div class=\"articleTxt fixed\">\n<h2 class=\"news-title mb-3 order-2\">NEMI SVEDOK U\u017dASA I PATNjI SRPSKOG NARODA<\/h2>\n<p><img decoding=\"async\" title=\"\u041d\u0415\u041c\u0418 \u0421\u0412\u0415\u0414\u041e\u041a \u0423\u0416\u0410\u0421\u0410 \u0418 \u041f\u0410\u0422\u040a\u0418 \u0421\u0420\u041f\u0421\u041a\u041e\u0413 \u041d\u0410\u0420\u041e\u0414\u0410: \u041f\u0440\u043e\u0447\u0438\u0442\u0430\u0458\u0442\u0435 \u0448\u0442\u0430 \u043f\u0438\u0448\u0435 \u043d\u0430 \u043f\u0440\u0432\u043e\u043c \u0441\u043f\u043e\u043c\u0435\u043d-\u043e\u0431\u0435\u043b\u0435\u0436\u0458\u0443 \u043f\u043e\u0441\u0432\u0435\u045b\u0435\u043d\u043e\u043c \u043c\u0443\u0447\u0435\u043d\u0438\u0446\u0438\u043c\u0430 \u0438\u0437 \u041e\u043b\u0443\u0458\u0435\" src=\"https:\/\/www.novosti.rs\/data\/images\/2020-08-03\/8880_viber-image-2020-08-03-22-12-58_f.jpg?ts=1596523978\" alt=\"\u041d\u0415\u041c\u0418 \u0421\u0412\u0415\u0414\u041e\u041a \u0423\u0416\u0410\u0421\u0410 \u0418 \u041f\u0410\u0422\u040a\u0418 \u0421\u0420\u041f\u0421\u041a\u041e\u0413 \u041d\u0410\u0420\u041e\u0414\u0410: \u041f\u0440\u043e\u0447\u0438\u0442\u0430\u0458\u0442\u0435 \u0448\u0442\u0430 \u043f\u0438\u0448\u0435 \u043d\u0430 \u043f\u0440\u0432\u043e\u043c \u0441\u043f\u043e\u043c\u0435\u043d-\u043e\u0431\u0435\u043b\u0435\u0436\u0458\u0443 \u043f\u043e\u0441\u0432\u0435\u045b\u0435\u043d\u043e\u043c \u043c\u0443\u0447\u0435\u043d\u0438\u0446\u0438\u043c\u0430 \u0438\u0437 \u041e\u043b\u0443\u0458\u0435\" \/><\/p>\n<section class=\"single-news-header mb-2\">\n<h3 class=\"news-description mb-0\" data-category=\"#051259\">DANAS \u0107e na mostu u Sremskoj Ra\u010di predsednik Srbije Aleksandar Vu\u010di\u0107 i srpski \u010dlan Predsedni\u0161tva Bosne i Hercegovine Milorad Dodik otkriti spomen plo\u010du Srbima koji su stradali tokom &#8222;Oluje&#8220;.<\/h3>\n<\/section>\n<div class=\"single-page-wrapper\">\n<section class=\"single-news-content pb-2\">Ta spomen plo\u010da, koja je postavljena sino\u0107,\u00a0\u0107e biti prvo obele\u017eje mu\u010denicima koji su se na\u0161li na udaru zlo\u010dina\u010dke akcije hrvatske vojske, \u010diji je jedini cilj bio etni\u010dko \u010di\u0161\u0107enje prostora Krajine.&#8220;Ovaj most je nemi svedok u\u017easa i patnji srpskog naroda. Spasavaju\u0107i sebe i svoju decu od zlo\u010dina i sigurne smrti, ovuda, kao \u017ertve etni\u010dkog \u010di\u0161\u0107enja, pro\u0111o\u0161e stotine hiljada Srba Kraji\u0161nika u avgustu 1995. godine. Do\u0161av\u0161i u Srbiju na\u0161li su nadu, uto\u010di\u0161te i spas.&#8220;, pi\u0161e na obele\u017eju.<\/p>\n<figure class=\"single-news-img\"><\/figure>\n<p>Beograd i Banjaluka zajedno \u0107e obele\u017eiti 25 godina od\u00a0genocidne operacije hrvatske vojske, tokom koje je proterano vi\u0161e od 250.000 Srba, a ubijeno 2.000, uz ideju da se na dana\u0161nji dan u Sremskoj Ra\u010di ne govori samo o stradalima u &#8222;Oluji&#8220;, nego uop\u0161te o stradanju srpskog naroda.<\/p>\n<p>Ceremonija obele\u017eavanja nosi\u0107e naziv &#8222;Oluja je pogrom, otad\u017ebina ne\u0107e zaboraviti&#8220;, kako bi se poslala sna\u017ena poruka da matica ose\u0107a bol svih Srba, ma gde da se oni nalaze.<\/p>\n<p>Za razliku od prethodnih godina, kada je 4. avgust, dan po\u010detka &#8222;Oluje&#8220;, obele\u017eavan uz prisustvo brojnih najvi\u0161ih dr\u017eavnih zvani\u010dnika Srbije i Srpske, gostiju iz sveta diplomatije, javnog \u017eivota i velikog broja gra\u0111ana, tokom ovogodi\u0161nje centralne manifestacije u Sremskoj Ra\u010di ne\u0107e biti masovnog okupljanja. Ovakva odluka je doneta iz bezbednosnih razloga, zbog situacije sa epidemijom virusa korona.<\/p>\n<\/section>\n<\/div>\n<h1 class=\"title\">U pogromu Srba proterano je vi\u0161e od 250.000 ljudi<\/h1>\n<\/div>\n<div class=\"lead\">\n<p>U Hrvatskoj op\u0161tini Dvor, na reci Uni, danas se obele\u017eava godi\u0161njica progona i stradanja Srba tokom i posle vojno &#8211; policijske operacije Oluja, a predsednik te op\u0161tine Nikola Arbutina ukazuje i danas, dve i po decenije od tih doga\u0111aja, da je za opstanak Srba u toj op\u0161tini i u Hrvatskoj uop\u0161te neophodno da Hrvatska radi na dobrim odnosima sa Srbima u toj zemlji I sa Srbijom. U akciji Oluja proterano je vi\u0161e od 250.000 pripadnika srpskog naroda.<\/p>\n<\/div>\n<div class=\"articleTxt fixed\">\n<p>Arbutina je podsetio da je na teritoriji op\u0161tine Dvor po popisu 1991. \u017eivelo 1.555 stanovnika, od kojih samo 420, prema podacima UNHCR, nije napustilo svoja ognji\u0161ta.<\/p>\n<figure class=\"elWrap imgFull\"><img decoding=\"async\" src=\"https:\/\/www.kurir.rs\/data\/images\/2020\/08\/03\/11\/2292261_screenshot-15_ff.jpg?ver=1596446009\" \/><figcaption><span class=\"imgSource\">FOTO: PRINTSCREEN<\/span><\/figcaption><\/figure>\n<p>&#8222;To jasno pokazuje \u0161ta je zna\u010dio rat od 1991-1995&#8220;, rekao je Arbutina za Tanjug.<\/p>\n<p>Prema njegovim re\u010dima, najve\u0107i povratak pripadnika srpske zajednice posle rata dogodio se u periodu izme\u0111u 1998. i 2001. godine, ali su se oni suo\u010dili sa egzistencijalnim problemima.<\/p>\n<p>Nisu se, ka\u017ee, sna\u0161li, pa se jedan deo vratio u Srbiju ili oti\u0161ao prema tre\u0107im zemljama, dok se onaj koji je ostao okrenuo poljoprivredi kao osnovnom zanimanju.<\/p>\n<p>Posle Oluje, naime, nijedna firma vi\u0161e nije radila u Dvoru, gde je ranije 1.700 ljudi radilo u proizvodnjoj i u uslu\u017enoj delatnosti.<\/p>\n<figure class=\"elWrap imgFull\"><img decoding=\"async\" src=\"https:\/\/www.kurir.rs\/data\/images\/2020\/08\/03\/11\/2292247_screenshot-13_ff.jpg?ver=1596446393\" \/><figcaption><span class=\"imgSource\">FOTO: PRINTSCREEN<\/span><\/figcaption><\/figure>\n<p>Na pitanje da li o\u010dekuje da \u0107e se pobolj\u0161ati odnosi Hrvatske prema Srbima, nakon prisustva predstavnika Srba u Hrvatskoj Borisa Milo\u0161evi\u0107a obelezavanju 25. godi\u0161njice operacije &#8222;Oluja&#8220;\u00a0u Kninu, po prvi put, ina\u010de, Arbutina je rekao da nije bio uklju\u010den u taj dogovor I pregovore, te da ne mo\u017ee da govori o o\u010dekivanjima.<\/p>\n<p>Me\u0111utim, ukazao je da je stav gra\u0111ana Dvora po tom pitanju podeljen, imaju\u0107i u vidu ranija iskustava i \u010dinjenicu da nije bilo ve\u0107eg napretka u hrvatsko-srpskim odnosima.<\/p>\n<p>Na pitanje \u0161ta je potrebno op\u0161tini Dvor da Srbi ostanu da \u017eive u njoj, kazao je da bi hrvatska vlada, ovoj siromasnoj op\u0161tini trebalo da pomogne.<\/p>\n<p>Podsetio je da op\u0161tina ima jedan prirodni resurs, a to su \u0161ume.<\/p>\n<p>Kada bi vlada nekom administrativnom merom propisala da 30 odsto drvne mase ostane na podru\u010dju op\u0161tine, da firme koje rade i koje su u njoj prijavljene ovde mogu dobiti pod odre\u0111neim uslovima tu masu, onda bi polo\u017eaj op\u0161tine bio znatno bolji, smatra Arbutina.<\/p>\n<p>Ukazao je da u op\u0161tini Dvor \u017eivi ve\u0107inom starije stanovni\u0161tvo, kako srpsko, tako i hrvatsko, i da bi moglo da usledi poslednje, i definitivno, iseljavanje sa ovog prostora, ako ne do\u0111e do zna\u010dajnih promena u podsticaju poljoprirede.<\/p>\n<p>Prema najavi, dana\u0161njoj komemoraciji za 64 pacijenta psihijatrijske bolnice u Petrinji, koji su tokom Oluje ubijeni u Dvoru, prisustvuje predsednik SDS S Milorad Pupovac.<\/p>\n<p>Pre pet godina, u Dvoru je odr\u017eana proslava 20. godi\u0161njice zavr\u0161etka Oluje, pod visokim pokroviteljstvom tada\u0161nje predsednice Hrvatske Kolinde Grabar Kitarovi\u0107, a u &#8222;znak se\u0107anja na dugo o\u010dekivano oslobo\u0111enje&#8220;, kako su to definisale hrvatske vlasti.<\/p>\n<p>Podse\u0107amo,\u00a0<strong>stravi\u010dan zlo\u010din u Dvoru na Uni, dogodio se kada je u akciji &#8222;Oluja&#8220; ubijeno devet hendikepiranih civila<\/strong>. Ni dvadeset godina kasnije nije sudski utvr\u0111eno ko su po\u010dinioci jednog od najstra\u0161nijih zlo\u010dina tokom rata u biv\u0161oj Jugoslaviji.<\/p>\n<p><strong>Devet civila<\/strong>\u00a0\u2013 nemo\u0107na lica i psihijatrijski bolesnici, od kojih je osam bilo srpske, a jedna \u017ertva hrvatske nacionalnosti \u2013\u00a0<strong>hladnokrvno je pobijeno 8. avgusta 1995. godine u zgradi osnovne \u0161kole u Dvoru na Uni,<\/strong>\u00a0dok je njih troje odvedeno u nepoznatom pravcu.<\/p>\n<h2 class=\"news-title mb-3 order-2\">DODIK NIKAD JASNIJI: Neprihvatljivo da Srbin ide na proslavu Oluje<\/h2>\n<div class=\"single-news mb-2\" data-category=\"#051259\">\n<section class=\"single-news-header\">\n<div class=\"news-info d-flex align-items-center justify-content-between\">\n<div class=\"social-sharing d-flex align-items-center\">\n<div class=\"add-reaction\" data-news-id=\"906075\">\n<div class=\"addthis_inline_share_toolbox addthis_inline_share_toolbox_ijtd\" data-url=\"https:\/\/www.novosti.rs\/vesti\/politika\/906075\/dodik-nikad-jasniji-neprihvatljivo-srbin-ide-proslavu-oluje\" data-title=\"DODIK NIKAD JASNIJI: Neprihvatljivo da Srbin ide na proslavu &quot;Oluje&quot;\" data-description=\"SRPSKI \u010dlan Predsedni\u0161tva BiH Milorad Dodik ka\u017ee da je neprihvatljivo da predstavnik Srba prisustvuje obele\u017eavanju hrvatske vojno-policijske akcije &quot;Oluja&quot; i ocenjuje da bi to bilo nekorektno prema srpskim \u017ertvama u Hrvatskoj.\">\n<div id=\"atstbx2\" class=\"at-share-tbx-element addthis-smartlayers addthis-animated at4-show\" role=\"region\" aria-labelledby=\"at-6dcad683-77de-408d-9792-57e21a8d1a62\">\n<div class=\"at-share-btn-elements\"><\/div>\n<\/div>\n<\/div>\n<\/div>\n<\/div>\n<\/div>\n<\/section>\n<\/div>\n<div class=\"row\">\n<div class=\"col-12 col-lg-9 page-content-inner\">\n<div class=\"single-news\" data-category=\"#051259\">\n<section class=\"single-news-header mb-2\">\n<figure class=\"single-news-lead-img img-placeholder size-16-9\"><img decoding=\"async\" title=\"\u0414\u041e\u0414\u0418\u041a \u041d\u0418\u041a\u0410\u0414 \u0408\u0410\u0421\u041d\u0418\u0408\u0418: \u041d\u0435\u043f\u0440\u0438\u0445\u0432\u0430\u0442\u0459\u0438\u0432\u043e \u0434\u0430 \u0421\u0440\u0431\u0438\u043d \u0438\u0434\u0435 \u043d\u0430 \u043f\u0440\u043e\u0441\u043b\u0430\u0432\u0443 \u041e\u043b\u0443\u0458\u0435\" src=\"https:\/\/www.novosti.rs\/data\/images\/2020-07-28\/7296_rs-szo-foto-d-pozderovic_f.jpg?ts=1596195476\" alt=\"\u0414\u041e\u0414\u0418\u041a \u041d\u0418\u041a\u0410\u0414 \u0408\u0410\u0421\u041d\u0418\u0408\u0418: \u041d\u0435\u043f\u0440\u0438\u0445\u0432\u0430\u0442\u0459\u0438\u0432\u043e \u0434\u0430 \u0421\u0440\u0431\u0438\u043d \u0438\u0434\u0435 \u043d\u0430 \u043f\u0440\u043e\u0441\u043b\u0430\u0432\u0443 \u041e\u043b\u0443\u0458\u0435\" \/><\/figure>\n<section class=\"single-news-header mb-2\">\n<h4 class=\"news-description mb-0\" data-category=\"#051259\">SRPSKI \u010dlan Predsedni\u0161tva BiH Milorad Dodik ka\u017ee da je neprihvatljivo da predstavnik Srba prisustvuje obele\u017eavanju hrvatske vojno-policijske akcije &#8222;Oluja&#8220; i ocenjuje da bi to bilo nekorektno prema srpskim \u017ertvama u Hrvatskoj.<\/h4>\n<\/section>\n<div class=\"single-page-wrapper\">\n<section class=\"single-news-content pb-2\">&#8211; Ako bilo koji Srbin ode tamo u ime srpske zajednice, onda on tome daje legitimitet. To je neprihvatljivo i mislim da se to ne\u0107e dogoditi &#8211; rekao je Dodik novinarima u Ha\u0161anima.Dodik je, nakon \u0161to je hrvatski premijer Andrej Plenkovi\u0107 izjavio da \u0107e potpredsednik vlade iz SDS S-a Boris Milo\u0161evi\u0107 prisustvovati obele\u017eavanju 25. godi\u0161njice &#8222;Oluje&#8220; u Kninu, rekao da nije informisan da je to definitivno.<\/p>\n<p>On je rekao da je za njega nemogu\u0107e da predstavnik Srba prisustvuje obele\u017eavanju te vojno-policijske akcije i naglasio da je protiv toga.<\/p>\n<p><strong>Ocenio je i da nije korektno od vlasti u Hrvatskoj da tako ne\u0161to tra\u017ee niti je korektno od bilo kojeg Srbina da ode na takvo mesto, prenosi RTRS.<\/strong><\/p>\n<p>&nbsp;<\/p>\n<p>&nbsp;<\/p>\n<\/section>\n<\/div>\n<\/section>\n<\/div>\n<\/div>\n<\/div>\n<\/div>\n","protected":false},"excerpt":{"rendered":"<p>4 \u0430\u0443\u0433\u0443\u0441\u0442 2020 \u0421\u0440\u0446\u0435\u041a\u0440\u0430\u0458\u0438\u043d\u0435 ; \u041f\u043e\u0447\u0438\u0432\u0430\u0458\u0442\u0435 \u0443 \u043c\u0438\u0440\u0443 \u0411\u043e\u0436\u0458\u0435\u043c , \u0434\u0440\u0430\u0433\u0430 \u0431\u0440\u0430\u045b\u043e \u0438 \u0441\u0435\u0441\u0442\u0440\u0435 , \u0434\u0440\u0430\u0433\u0438 \u0441\u0443\u0433\u0440\u0430\u0452\u0430\u043d\u0438 \u0438 \u0441\u0443\u043d\u0430\u0440\u043e\u0434\u043d\u0438\u0446\u0438 , \u043c\u043e\u0458\u0438 \u041a\u0440\u0430\u0458\u0438\u0448\u043d\u0438\u0446\u0438 . \u041d\u0435\u043a\u0430 \u0432\u0430\u043c \u0458\u0435 \u0432\u0458\u0435\u0447\u043d\u0430 \u0441\u043b\u0430\u0432\u0430 . . . \u041e\u0412\u0410\u0408 \u0417\u041b\u041e\u0427\u0418\u041d \u0408\u0415 \u041f\u0420\u0415\u0422\u0425\u041e\u0414\u0418\u041e \u041e\u041b\u0423\u0408\u0418 \u0423 \u043c\u0435\u0441\u0442\u0443 \u041a\u0430\u043c\u0435\u043d \u043e\u0431\u0435\u043b\u0435\u0436\u0435\u043d \u0458\u0435 \u0434\u0430\u043d \u0441\u0435\u045b\u0430\u045a\u0430 \u043d\u0430 108 \u0441\u0440\u043f\u0441\u043a\u0438\u0445 \u0431\u043e\u0440\u0430\u0446\u0430 \u0438 \u0446\u0438\u0432\u0438\u043b\u0430 \u0435\u043a\u0441\u0445\u0443\u043c\u0438\u0440\u0430\u043d\u0438\u0445 \u0438\u0437 \u043c\u0430\u0441\u043e\u0432\u043d\u0435 \u0433\u0440\u043e\u0431\u043d\u0438\u0446\u0435 &#8222;\u041a\u0430\u043c\u0435\u043d&#8220;, \u043f\u043e\u0433\u0438\u043d\u0443\u043b\u0438\u0445 [&hellip;]<\/p>\n","protected":false},"author":2,"featured_media":0,"comment_status":"open","ping_status":"open","sticky":false,"template":"","format":"standard","meta":{"footnotes":""},"categories":[1],"tags":[],"_links":{"self":[{"href":"https:\/\/srcekrajine.org\/index.php?rest_route=\/wp\/v2\/posts\/23160"}],"collection":[{"href":"https:\/\/srcekrajine.org\/index.php?rest_route=\/wp\/v2\/posts"}],"about":[{"href":"https:\/\/srcekrajine.org\/index.php?rest_route=\/wp\/v2\/types\/post"}],"author":[{"embeddable":true,"href":"https:\/\/srcekrajine.org\/index.php?rest_route=\/wp\/v2\/users\/2"}],"replies":[{"embeddable":true,"href":"https:\/\/srcekrajine.org\/index.php?rest_route=%2Fwp%2Fv2%2Fcomments&post=23160"}],"version-history":[{"count":2,"href":"https:\/\/srcekrajine.org\/index.php?rest_route=\/wp\/v2\/posts\/23160\/revisions"}],"predecessor-version":[{"id":23165,"href":"https:\/\/srcekrajine.org\/index.php?rest_route=\/wp\/v2\/posts\/23160\/revisions\/23165"}],"wp:attachment":[{"href":"https:\/\/srcekrajine.org\/index.php?rest_route=%2Fwp%2Fv2%2Fmedia&parent=23160"}],"wp:term":[{"taxonomy":"category","embeddable":true,"href":"https:\/\/srcekrajine.org\/index.php?rest_route=%2Fwp%2Fv2%2Fcategories&post=23160"},{"taxonomy":"post_tag","embeddable":true,"href":"https:\/\/srcekrajine.org\/index.php?rest_route=%2Fwp%2Fv2%2Ftags&post=23160"}],"curies":[{"name":"wp","href":"https:\/\/api.w.org\/{rel}","templated":true}]}}