{"id":23182,"date":"2020-08-24T21:08:46","date_gmt":"2020-08-24T19:08:46","guid":{"rendered":"https:\/\/srcekrajine.org\/?p=23182"},"modified":"2020-08-24T21:08:46","modified_gmt":"2020-08-24T19:08:46","slug":"od-busa-do-trampa-kako-se-bela-kuca-poigrava-sudbinom-srba-vec-tri-decenije","status":"publish","type":"post","link":"https:\/\/srcekrajine.org\/?p=23182","title":{"rendered":"Od Bu\u0161a do Trampa: Kako se Bela kuc\u0301a poigrava sudbinom Srba vec\u0301 tri decenije"},"content":{"rendered":"<div class=\"widgetcovid19\">\n<div class=\"l-wrap\"><\/div>\n<\/div>\n<div class=\"b-breakingnews-double  \">sptnkne.ws\/DzyE &#8211; 19:38 24.08.2020<\/div>\n<div class=\"l-wrap l-header\">\n<div class=\"b-header\">\n<div class=\"b-article__header\"><img loading=\"lazy\" decoding=\"async\" class=\"\" title=\"Predsednik Sjedinjenih Ameri\u010dkih Dr\u017eava Donald Tramp\" src=\"https:\/\/cdn1.img.rs.sputniknews.com\/img\/112139\/94\/1121399444_0:188:2972:1796_1000x541_80_0_0_0f1c11177154a151d80234e1eef7d075.jpg.webp\" srcset=\"https:\/\/cdn1.img.rs.sputniknews.com\/img\/112139\/94\/1121399444_0:188:2972:1796_1000x0_80_0_1_17cf5503697d87f826b7dc7f184a40dc.jpg.webp 1000w,https:\/\/cdn1.img.rs.sputniknews.com\/img\/112139\/94\/1121399444_0:188:2972:1796_768x0_80_0_1_4f3cd937bb6a075c7e4f5ac488a7d724.jpg.webp 768w,https:\/\/cdn1.img.rs.sputniknews.com\/img\/112139\/94\/1121399444_0:188:2972:1796_480x0_80_0_1_7fd50e38dd2d9e2f8a2067b863c525f3.jpg.webp 480w\" alt=\"Predsednik Sjedinjenih Ameri\u010dkih Dr\u017eava Donald Tramp\" width=\"1000\" height=\"541\" \/><\/div>\n<div>\n<div class=\"b-article__lead\">\n<p>Sastanak Beograda i Pri\u0161tine u Beloj kuc\u0301i pomeren je za 4. septembar, a trebalo bi da mu prisustvuje i predsednik SAD Donald Tramp. Sudbina ju\u017ene srpske pokrajine ponovo se na\u0161la u fokusu prvog \u010doveka Amerike. Tramp je jedan u nizu predsednika SAD koji poku\u0161ava, po ugledu na prethodnike, klju\u010dno da uti\u010de i na politi\u010dke tokove u ovom delu Balkana.<\/p>\n<p><!--more--><\/p>\n<\/div>\n<div class=\"b-article__text\">\n<p>Prvi ameri\u010dki predsednik koji je ostao upamc\u0301en na ovim prostorima po \u017eestokoj reakciji u vezi sa Kosovom i Metohijom je\u00a0<strong>D\u017eord\u017e Bu\u0161 Stariji<\/strong>.<\/p>\n<p><strong>On se, izme\u0111u ostalog, pamti po tome \u0161to je jo\u0161 1992. godine uputio\u00a0pismo tada\u0161njem predsedniku Srbije Slobodanu Milo\u0161evic\u0301u\u00a0navodec\u0301i da su SAD\u00a0 spremne da upotrebe vojnu silu protiv Srba na Kosovu i Metohiji i u Srbiji u slu\u010daju sukoba na KiM prouzrokovanih akcijama srpskih snaga.<\/strong><\/p>\n<h2>Posle Bu\u0161a \u2013 spomenik na Kosovu za Klintona<\/h2>\n<p>Bu\u0161ov naslednik\u00a0<strong>Bil Klinton<\/strong>\u00a0na \u010delu SAD bio je od 1993. do 2001. godine, a tih osam godina c\u0301e na\u0161em narodu zauvek ostati u sec\u0301anju kao mra\u010dan period.<\/p>\n<p>Sukobi na KiM izme\u0111u takozvane Oslobodila\u010dke vojske Kosova i bezbednosnih snaga Srbije i Jugoslavije koji su sporadi\u010dno trajali tokom 1996. i 1997., da bi eskalirali tokom 1998. godine, olak\u0161ali su politi\u010dko delovanje Klintona u smeru stvaranja \u201enezavisnog Kosova\u201c.<\/p>\n<p>Uz aktivno me\u0161anje u de\u0161avanja na Balkanu sve je kulminiralo kada je\u00a0Klinton\u00a0<strong>naredio ameri\u010dku vojnu intervenciju\u00a0u ju\u017enoj srpskoj pokrajini<\/strong>.<\/p>\n<p>Tog 24. maja 1999. godine on je\u00a0<strong>potpisao dokument<\/strong>\u00a0kojim se odobrava<strong>\u00a0ulazak trupa SAD<\/strong>\u00a0<strong>na KiM<\/strong>. Taj potez, u kombinaciji sa NATO bombardovanjem SR Jugoslavije koje je po\u010delo 24. marta iste godine, nakon neuspelih pregovara\u00a0delegacije Srbije i kosovskih Albanaca, bio je odlu\u010dujuc\u0301i korak ka kasnijem bespravnom otcepljenju kosovskih Albanaca.<\/p>\n<p>Za zasluge u stvaranju takozvanog Kosova Klinton je dobio spomenik u Pri\u0161tini i rado je vi\u0111en gost albanskih politi\u010dara.<\/p>\n<div class=\"b-inject m-inject-free\">\n<div class=\"b-inject__media\">\n<div class=\"b-inject-foto\" data-src=\"https:\/\/cdn1.img.rs.sputniknews.com\/img\/110358\/24\/1103582427_0:0:3830:2511_1000x655_80_0_0_f0c43bca3f92f2483c9a6b79a4eba64d.jpg.webp\" data-sub-html=\"Biv\u0161i predsednici SAD Bil Klinton i D\u017eord\u017e Bu\u0161. \n                        \u00a9\n                    AFP 2020 \/ SAUL LOEB \"><picture><source class=\"\" srcset=\"https:\/\/cdn1.img.rs.sputniknews.com\/img\/110358\/24\/1103582427_0:0:3830:2508_768x0_80_0_1_d44a64e147c34034490bbfb40e554655.jpg.webp\" media=\"(min-width: 480px)\" data-srcset=\"https:\/\/cdn1.img.rs.sputniknews.com\/img\/110358\/24\/1103582427_0:0:3830:2508_768x0_80_0_1_d44a64e147c34034490bbfb40e554655.jpg.webp\" \/><source class=\"\" srcset=\"https:\/\/cdn1.img.rs.sputniknews.com\/img\/110358\/24\/1103582427_0:0:3830:2508_480x0_80_0_1_3bcc90235fc6327c5b97f36cc89b6f97.jpg.webp\" media=\"(min-width: 0px)\" data-srcset=\"https:\/\/cdn1.img.rs.sputniknews.com\/img\/110358\/24\/1103582427_0:0:3830:2508_480x0_80_0_1_3bcc90235fc6327c5b97f36cc89b6f97.jpg.webp\" \/><img loading=\"lazy\" decoding=\"async\" class=\"\" title=\"Biv\u0161i predsednici SAD Bil Klinton i D\u017eord\u017e Bu\u0161\" src=\"https:\/\/cdn1.img.rs.sputniknews.com\/img\/110358\/24\/1103582427_0:0:3830:2508_705x461_80_0_0_10528e12e4c2388a2ec6a3daf2012330.jpg.webp\" alt=\"Biv\u0161i predsednici SAD Bil Klinton i D\u017eord\u017e Bu\u0161\" width=\"705\" height=\"461\" data-src=\"https:\/\/cdn1.img.rs.sputniknews.com\/img\/110358\/24\/1103582427_0:0:3830:2508_705x461_80_0_0_10528e12e4c2388a2ec6a3daf2012330.jpg.webp\" \/><\/picture><\/div>\n<\/div>\n<div class=\"b-inject__copy\">\u00a9 AFP 2020 \/ SAUL LOEB<\/div>\n<div class=\"b-inject__content\">Biv\u0161i predsednici SAD Bil Klinton i D\u017eord\u017e Bu\u0161<\/div>\n<\/div>\n<h3>Bu\u0161 \u201ekrade\u201c Kosovo, a njemu &#8211; sat<\/h3>\n<p><strong>Kurs takve politike prema Srbiji zadr\u017eao je\u00a0Klintonov naslednik i sin\u00a0D\u017eord\u017ea\u00a0Bu\u0161a Starijeg,\u00a0D\u017eord\u017e Bu\u0161 Mla\u0111i, koji je, po logici ameri\u010dkog scenarija,\u00a0oti\u0161ao korak dalje i 2007. godine obelodanio u Tirani da su \u201cSAD odlu\u010dile da bi Kosovo trebalo da bude nezavisno\u201d.<\/strong><\/p>\n<blockquote class=\"marker-quote1\"><p><strong>\u201eOdlu\u010dili smo, verujemo da Kosovo treba da bude nezavisno. Diplomate rade na tome, da vidimo mo\u017eemo li da na\u0111emo zajedni\u010dko re\u0161enje. Ako ne, u jednom trenutku moramo rec\u0301i &#8211; dosta je, i Kosovo je nezavisno\u201c, rekao je Bu\u0161 tada\u00a0na zajedni\u010dkoj konferenciji za novinare sa\u00a0onda\u0161njnim\u00a0albanskim premijerom Sali Beri\u0161om.<\/strong><\/p><\/blockquote>\n<p>To je ujedno bila prva poseta nekog ameri\u010dkog predsednika Albaniji i tom prilikom Bu\u0161u je neko od prisutnih Albanaca\u00a0<strong>ukrao sat<\/strong>.<\/p>\n<p>On je tada obec\u0301ao da c\u0301e \u201eSAD poku\u0161ati da na\u0111u re\u0161enje da zadovolje i Rusiju i Srbiju, kako bi nezavisnost i\u0161la glatko\u201c. Dodao je da ako se to ne desi, \u201eAmerika c\u0301e izneti rezoluciju\u201c.<\/p>\n<p><strong>Nedugo zatim,\u00a017.02.2008.\u00a0u Pri\u0161tini\u00a0je\u00a0progla\u0161ena nezavisnost Kosova<\/strong>. Prethodno je EU donela odluku o upuc\u0301ivanju misije EU na Kosovo &#8211; Euleks. Tim odlukama su prethodile brojne diplomatske aktivnosti, kao i dve runde pregovora Beograda i Pri\u0161tine.<\/p>\n<p><strong>Po jednostranom progla\u0161enju nezavisnosti Kosova, SAD su bile prve koje su je priznale.<\/strong><\/p>\n<h4>Obama video nepostojec\u0301i referendum<\/h4>\n<p>Nasledniku fotelje u Beloj kuc\u0301i\u00a0<strong>Baraku Obami<\/strong>\u00a0Kosmet nije bio \u010desto \u201epred o\u010dima\u201c. Toliko da je izjavio da je \u201e<strong>Kosovo napustilo Srbiju tek nakon \u0161to je organizovan referendum<\/strong>\u00a0\u2013 ne mimo okvira me\u0111unarodnog prava, vec\u0301 bri\u017eno pripreman u saradnji sa Ujedinjenim nacijama i sa susedima Kosova\u201c. <strong>Ta izjava nai\u0161la je na brojne osude po\u0161to referenduma na KiM nije bilo.<\/strong><\/p>\n<p><strong>Aktuelni ameri\u010dki predsednik\u00a0Donald Tramp\u00a0u izbornoj godini pokazao je interesovanje za kosovsko pitanje, tako \u0161to je bliskom saradniku Ri\u010dardu Grenelu poverio ba\u0161 to pitanje. \u0160ef Bele kuc\u0301e je najavio \u010dak i da c\u0301e\u00a0da otvori \u0161ampanjac kad se kosovsko pitanje re\u0161i.<\/strong><\/p>\n<p><strong>I\u0161\u010dekujemo, \u0161ta c\u0301e Tramp rec\u0301i 4. septembra u Beloj kuc\u0301i i da li je po\u010deo da hladi \u0161ampanjac za svaki slu\u010daj. Ako se uop\u0161te i priklju\u010di sastanku.<\/strong><\/p>\n<p>&nbsp;<\/p>\n<\/div>\n<\/div>\n<\/div>\n<\/div>\n<p>&nbsp;<\/p>\n","protected":false},"excerpt":{"rendered":"<p>sptnkne.ws\/DzyE &#8211; 19:38 24.08.2020 Sastanak Beograda i Pri\u0161tine u Beloj kuc\u0301i pomeren je za 4. septembar, a trebalo bi da mu prisustvuje i predsednik SAD Donald Tramp. Sudbina ju\u017ene srpske pokrajine ponovo se na\u0161la u fokusu prvog \u010doveka Amerike. Tramp je jedan u nizu predsednika SAD koji poku\u0161ava, po ugledu na prethodnike, klju\u010dno da uti\u010de [&hellip;]<\/p>\n","protected":false},"author":2,"featured_media":0,"comment_status":"open","ping_status":"open","sticky":false,"template":"","format":"standard","meta":{"footnotes":""},"categories":[1],"tags":[],"_links":{"self":[{"href":"https:\/\/srcekrajine.org\/index.php?rest_route=\/wp\/v2\/posts\/23182"}],"collection":[{"href":"https:\/\/srcekrajine.org\/index.php?rest_route=\/wp\/v2\/posts"}],"about":[{"href":"https:\/\/srcekrajine.org\/index.php?rest_route=\/wp\/v2\/types\/post"}],"author":[{"embeddable":true,"href":"https:\/\/srcekrajine.org\/index.php?rest_route=\/wp\/v2\/users\/2"}],"replies":[{"embeddable":true,"href":"https:\/\/srcekrajine.org\/index.php?rest_route=%2Fwp%2Fv2%2Fcomments&post=23182"}],"version-history":[{"count":1,"href":"https:\/\/srcekrajine.org\/index.php?rest_route=\/wp\/v2\/posts\/23182\/revisions"}],"predecessor-version":[{"id":23183,"href":"https:\/\/srcekrajine.org\/index.php?rest_route=\/wp\/v2\/posts\/23182\/revisions\/23183"}],"wp:attachment":[{"href":"https:\/\/srcekrajine.org\/index.php?rest_route=%2Fwp%2Fv2%2Fmedia&parent=23182"}],"wp:term":[{"taxonomy":"category","embeddable":true,"href":"https:\/\/srcekrajine.org\/index.php?rest_route=%2Fwp%2Fv2%2Fcategories&post=23182"},{"taxonomy":"post_tag","embeddable":true,"href":"https:\/\/srcekrajine.org\/index.php?rest_route=%2Fwp%2Fv2%2Ftags&post=23182"}],"curies":[{"name":"wp","href":"https:\/\/api.w.org\/{rel}","templated":true}]}}