{"id":23200,"date":"2020-08-28T17:38:27","date_gmt":"2020-08-28T15:38:27","guid":{"rendered":"https:\/\/srcekrajine.org\/?p=23200"},"modified":"2020-08-28T17:40:25","modified_gmt":"2020-08-28T15:40:25","slug":"skandal-generala-mladica-osudili-na-osnovu-tudjuh-presuda","status":"publish","type":"post","link":"https:\/\/srcekrajine.org\/?p=23200","title":{"rendered":"SKANDAL : Generala Mladi\u0107a osudili na osnovu tu\u0111uh presuda"},"content":{"rendered":"<div class=\"single-news mb-2\" data-category=\"#051259\">\n<section class=\"single-news-header\">\n<div class=\"news-info d-flex align-items-center justify-content-between\">\n<div class=\"\">\n<p class=\"news-author\">S. J. MATI\u0106<\/p>\n<p class=\"date-published\">petak, 28. 08. 2020. u 14:55 &gt;14:55<\/p>\n<\/div>\n<\/div>\n<\/section>\n<\/div>\n<div class=\"row\">\n<div class=\"col-12 col-lg-9 page-content-inner\">\n<div class=\"single-news\" data-category=\"#051259\">\n<section class=\"single-news-header mb-2\">\n<figure class=\"single-news-lead-img img-placeholder size-16-9\"><img decoding=\"async\" title=\"\u0421\u041a\u0410\u041d\u0414\u0410\u041b \u0423 \u0425\u0410\u0413\u0423: \u0413\u0435\u043d\u0435\u0440\u0430\u043b\u0430 \u041c\u043b\u0430\u0434\u0438\u045b\u0430 \u043e\u0441\u0443\u0434\u0438\u043b\u0438 \u043d\u0430 \u043e\u0441\u043d\u043e\u0432\u0443 \u0442\u0443\u0452\u0443\u0445 \u043f\u0440\u0435\u0441\u0443\u0434\u0430 \u0438 \u0431\u0435\u0437 \u0432\u0430\u0459\u0430\u043d\u0438\u0445 \u0434\u043e\u043a\u0430\u0437\u0430\" src=\"https:\/\/www.novosti.rs\/data\/images\/2020-08-25\/15410_mladic-1_f.jpg?ts=1598619313\" alt=\"\u0421\u041a\u0410\u041d\u0414\u0410\u041b \u0423 \u0425\u0410\u0413\u0423: \u0413\u0435\u043d\u0435\u0440\u0430\u043b\u0430 \u041c\u043b\u0430\u0434\u0438\u045b\u0430 \u043e\u0441\u0443\u0434\u0438\u043b\u0438 \u043d\u0430 \u043e\u0441\u043d\u043e\u0432\u0443 \u0442\u0443\u0452\u0443\u0445 \u043f\u0440\u0435\u0441\u0443\u0434\u0430 \u0438 \u0431\u0435\u0437 \u0432\u0430\u0459\u0430\u043d\u0438\u0445 \u0434\u043e\u043a\u0430\u0437\u0430\" \/><\/p>\n<p class=\"image-source\">Printscreen Hague tribunal<\/p>\n<\/figure>\n<h2 class=\"news-description mb-0\" data-category=\"#051259\">RATKO Mladi\u0107 je osu\u0111en na osnovu presuda drugim srpskim oficirima.<\/h2>\n<p><!--more--><\/p>\n<\/section>\n<div class=\"single-page-wrapper\">\n<section class=\"single-news-content pb-2\">\n<div class=\"banner w-100 mb-1 mb-lg-2 banner-p-2\">\n<div class=\"container text-center\">\n<div id=\"m.box_1\">Sve \u0161to je dokazano na su\u0111enju u Mladi\u0107evu korist nije imalo nikakav uticaj na prvostepenu odluku sudija, jer su oni samo povukli delove iz presuda Vujadinu Popovi\u0107u, Ljubi\u0161i Beari, Zdravku Tolimiru, Stanislavu Gali\u0107u i jo\u0161 nekima i na osnovu njih osudili i Mladi\u0107a, koji je u tim presudama naveden kao u\u010desnik udru\u017eenog zlo\u010dina\u010dkog poduhvata. To zna\u010di da mu je su\u0111enje bilo puka formalnost.<\/div>\n<\/div>\n<\/div>\n<p>Ovo je klju\u010dna teza \u017ealbe na prvostepenu presudu odbrane Ratka Mladi\u0107a u Mehanizmu u Hagu, koja je izneta u utorak i sredu, tokom \u017ealbene rasprave.<\/p>\n<p>Mladi\u0107evi branioci podsetili su da su u prvostepenom postupku izneli niz novih dokaza, pre svega ve\u0161ta\u010denja, kojih nije bilo u postupcima protiv drugih srpskih oficira. Da ih je bilo, mo\u017eda oni tada ne bi bili osu\u0111eni, a usputno ni Mladi\u0107.<\/p>\n<\/section>\n<\/div>\n<\/div>\n<\/div>\n<\/div>\n<p>Kako nam ka\u017ee generalov branilac Branko Luki\u0107, za sve incidente u Sarajevu &#8211; Markale, modifikovane avio-bombe, snajperisanje, granatiranje, izveli su ve\u0161take, koji su potpuno oborili argumente na kojima su se zasnivale presude vezane za te doga\u0111aje kod drugih osu\u0111enih Srba, a kod kojih ta ve\u0161ta\u010denja nisu ra\u0111ena.<\/p>\n<figure class=\"single-news-img\"><img decoding=\"async\" src=\"https:\/\/www.novosti.rs\/data\/images\/2020-08-26\/15775_118623033-946572979183679-8029044859381359946-n_iff.jpg?1598574893\" \/><\/p>\n<p class=\"image-source\">Foto: Printscreen\/Jutjub<\/p>\n<\/figure>\n<p>&#8211; Me\u0111utim, ve\u0107e sudije Alfonsa Orija je reklo &#8222;mi te dokaze ne prihvatamo, jer je on ve\u0107 osu\u0111en za to u drugom predmetu&#8220;, gde nije mogao ni da se brani, jer se nije njemu sudilo &#8211; obja\u0161njava Luki\u0107. &#8211; Isto je i za Srebrenicu. Na\u0161 ve\u0161tak je utvrdio da je u proboju kolone 28. divizije ka Tuzli poginulo 6.000 muslimanskih boraca. To je dokazao na osnovu 54 dokumenta sa izjavama koje su muslimanski vojnici davali svojim bezbednosnim organima. Mi smo uspeli da dobijemo tu dokumentaciju, gde svako od njih kao o\u010devidac ta\u010dno navodi gde je, ko i kako poginuo. Ve\u0107ina ih je poginula u \u017eestokim borbama koje su se vodile, mnogi su naletali na minska polja, ubijali su se i izme\u0111u sebe, bilo je i samoubistava.<\/p>\n<div class=\"banner w-100 pt-1 pt-md-0 mb-1 text-center\">\n<div class=\"container text-center\">\n<div id=\"InText_1\"><\/div>\n<\/div>\n<\/div>\n<div class=\"banner w-100 pt-1 pt-md-0 mb-1 text-center\">\n<div class=\"container text-center\">\n<div id=\"m.InText_1\"><\/div>\n<\/div>\n<\/div>\n<div class=\"anterfile\">\n<h4>LAKNULO MU POSLE OBRA\u0106ANjA<\/h4>\n<p>DAN posle okon\u010danja \u017ealbene rasprave, Darko Mladi\u0107 se telefonom \u010duo sa ocem:<\/p>\n<p>&#8211; Delovao je rastere\u0107eno, jer je bio u prilici da ka\u017ee ne\u0161to. \u010cini mi se da mu je zbog toga laknulo. Jedino mu je \u017eao \u0161to mu nisu dali vi\u0161e vremena, ali zadovoljan je onim \u0161to je uspeo da ka\u017ee. Primetili smo da bolje izgleda nego u proteklom periodu, ali uvek je tako tri &#8211; \u010detiri dana pred pojavljivanje u sudu. Trudio se da bude skoncentrisan, ali bilo je i perioda kada ni\u0161ta nije slu\u0161ao, ve\u0107 je listao geografski atlas koji mu je moj sin Stefan poslao.<\/p>\n<\/div>\n<p>Luki\u0107 ukazuje da takvo ve\u0161ta\u010denje celokupne slike Srebrenice, sa svakim stradalim muslimanskim vojnikom, niko ni na jednom su\u0111enju nije izveo:<\/p>\n<p>&#8211; U Mladi\u0107evoj presudi stoje \u010detiri razli\u010dita broja ubijenih u Srebrenici &#8211; 8.000, 7.000, 4.500 i 5.000 ljudi. Pa koja je ta\u010dna? Ali sa svime \u0161to smo uradili samo smo udarali u zid, jer sudije na\u0161e dokaze nisu hteli da uzmu, jer imaju presu\u0111ene \u010dinjenice. Sli\u010dno je i sa tre\u0107im sastankom u hotelu &#8222;Fontana&#8220; u Srebrenici, koji je izmislio tu\u017eilac Piter Mekloski, kako bi dokazao genocidnu nameru. Njegovu zavr\u0161nu re\u010d su sudije prihvatile kao nepobitan dokaz, iako ga nije pomenuo niko od hiljadu saslu\u0161anih u istrazi, niti o njemu ima pisanog traga. Ve\u0107e je napravilo fikciju da je bilo sastanka, ne znaju ko je u\u010destvovao, ali tvrde da je zaklju\u010dak bio da se po\u010dini genocid i da je Mladi\u0107 za to kriv.<\/p>\n","protected":false},"excerpt":{"rendered":"<p>S. J. MATI\u0106 petak, 28. 08. 2020. u 14:55 &gt;14:55 Printscreen Hague tribunal RATKO Mladi\u0107 je osu\u0111en na osnovu presuda drugim srpskim oficirima.<\/p>\n","protected":false},"author":2,"featured_media":0,"comment_status":"open","ping_status":"open","sticky":false,"template":"","format":"standard","meta":{"footnotes":""},"categories":[1,10],"tags":[],"_links":{"self":[{"href":"https:\/\/srcekrajine.org\/index.php?rest_route=\/wp\/v2\/posts\/23200"}],"collection":[{"href":"https:\/\/srcekrajine.org\/index.php?rest_route=\/wp\/v2\/posts"}],"about":[{"href":"https:\/\/srcekrajine.org\/index.php?rest_route=\/wp\/v2\/types\/post"}],"author":[{"embeddable":true,"href":"https:\/\/srcekrajine.org\/index.php?rest_route=\/wp\/v2\/users\/2"}],"replies":[{"embeddable":true,"href":"https:\/\/srcekrajine.org\/index.php?rest_route=%2Fwp%2Fv2%2Fcomments&post=23200"}],"version-history":[{"count":1,"href":"https:\/\/srcekrajine.org\/index.php?rest_route=\/wp\/v2\/posts\/23200\/revisions"}],"predecessor-version":[{"id":23201,"href":"https:\/\/srcekrajine.org\/index.php?rest_route=\/wp\/v2\/posts\/23200\/revisions\/23201"}],"wp:attachment":[{"href":"https:\/\/srcekrajine.org\/index.php?rest_route=%2Fwp%2Fv2%2Fmedia&parent=23200"}],"wp:term":[{"taxonomy":"category","embeddable":true,"href":"https:\/\/srcekrajine.org\/index.php?rest_route=%2Fwp%2Fv2%2Fcategories&post=23200"},{"taxonomy":"post_tag","embeddable":true,"href":"https:\/\/srcekrajine.org\/index.php?rest_route=%2Fwp%2Fv2%2Ftags&post=23200"}],"curies":[{"name":"wp","href":"https:\/\/api.w.org\/{rel}","templated":true}]}}