{"id":23208,"date":"2020-09-07T18:23:53","date_gmt":"2020-09-07T16:23:53","guid":{"rendered":"https:\/\/srcekrajine.org\/?p=23208"},"modified":"2020-10-01T16:50:38","modified_gmt":"2020-10-01T14:50:38","slug":"ponosan-sam-na-sporazum-iz-vasingtona","status":"publish","type":"post","link":"https:\/\/srcekrajine.org\/?p=23208","title":{"rendered":"Dobar dan za Beograd u Briselu"},"content":{"rendered":"<div class=\"b-article__refs-text \">\n<div class=\"b-article__refs-author\">Pi\u0161e\u00a0<a href=\"https:\/\/rs-lat.sputniknews.com\/authors\/brankica_ristic\/\" rel=\"author\">Brankica Ristic\u0301<\/a><\/div>\n<\/div>\n<div class=\"article__google-news\"><span class=\"google-news-title\">Pratite nas<\/span><\/div>\n<div>\n<div class=\"b-article__header\"><img loading=\"lazy\" decoding=\"async\" class=\"\" title=\"Srpska delegacija na \u010delu sa Aleksandrom Vu\u010dic\u0301 na sastanku u Briselu\" src=\"https:\/\/cdn1.img.rs.sputniknews.com\/img\/07e4\/09\/07\/1123353185_0:37:1595:899_1000x541_80_0_0_b8d66f0215d28e95ccda1f3d5a5b4194.jpg.webp\" srcset=\"https:\/\/cdn1.img.rs.sputniknews.com\/img\/07e4\/09\/07\/1123353185_0:37:1595:899_1000x0_80_0_1_259862fa1db0a52316ba5f7c8826411e.jpg.webp 1000w,https:\/\/cdn1.img.rs.sputniknews.com\/img\/07e4\/09\/07\/1123353185_0:37:1595:899_768x0_80_0_1_e961bb435c2782c80cc23b7f04f329ea.jpg.webp 768w,https:\/\/cdn1.img.rs.sputniknews.com\/img\/07e4\/09\/07\/1123353185_0:37:1595:899_480x0_80_0_1_44442ac2c747b94cdcb9c4546ea376a9.jpg.webp 480w\" alt=\"Srpska delegacija na \u010delu sa Aleksandrom Vu\u010dic\u0301 na sastanku u Briselu\" width=\"1000\" height=\"541\" \/><\/div>\n<\/div>\n<div class=\"b-article__lead\">\n<p>Otvaranje pitanja o Zajednici srpskih op\u0161tina, pristanak Pri\u0161tine na dono\u0161enje zakona o povratku, kao i prvi put da albanska strana nije insistirala na me\u0111usobnom priznanju na pregovorima u Briselu \u2013 to je epilog dana\u0161njeg sastanka delegacija Pri\u0161tine i Beograda.<\/p>\n<\/div>\n<p><!--more--><\/p>\n<div class=\"b-article__text\">\n<p>Milovan Drecun predsenik Odbora za Kosovo i Metohiju u Skup\u0161tini Srbije smatra da je izuzetno dobro \u0161to je do\u0161lo do otvaranja razgovora o ZSO , i da sada ostaje da se vidi da li stavovi mogu da se pribli\u017ee.<\/p>\n<h2>ZSO klju\u010d za dalje pregovore<\/h2>\n<blockquote class=\"marker-quote1\"><p>\u201eTo je tema od najvec\u0301eg zna\u010daja za opstanak srpskog naroda na Kosovu i Metohiji. Bic\u0301e dobro ukoliko ZSO bude formirana sa izvr\u0161nim nadle\u017enostima koje su definisane Briselskom sporazumom, a koje Pri\u0161tina godinama poku\u0161ava da nerealiziuje\u201c, smatra Drecun.<\/p><\/blockquote>\n<p>On veruje da c\u0301e se ozbiljnost Pri\u0161tine pokazati uprav\u00a0na ovaj temi dodajuc\u0301i da bi tehni\u010dki timovi trebalo da rade do 17. septembra na ZSO, a da se onda 27. istog meseca o tome razgovara na najvi\u0161em nivou.<\/p>\n<p>\u201eAko se to ne desi i tehni\u010dki timovi ne pribli\u017ee stavove i ne bude napretka oko ZSO, onda se zaista postavlja pitanje kako da verujemo Pri\u0161tini da c\u0301e realizovati i sve druge dogovore uklju\u010dujuc\u0301i i Va\u0161ingtonski sporazum. Dakle, sada morajuBrisel, Berlin i oni koji na Pri\u0161tinu imaju uticaj, da u\u010dine sve da Pri\u0161tina kona\u010dno prihvati obavezu iz Briselskih sporazuma o ZSO, da ne ko\u010di njeno formiranje i da ne poku\u0161ava da Zajednici oduzme izvr\u0161ne nadle\u017enosti,\u201c napominje sagovornik Sputnjika.<\/p>\n<h3>Zakon o povratku veliki pomak<\/h3>\n<p>\u010cinjenica da je Pri\u0161tina pristala da donese\u00a0<strong>Zakon o interno raseljenim licima,<\/strong>\u00a0ali i da otvori pitanje arhiva o nestalima, po Drecunu je dodatni bonus na dana\u0161njim pregovorima u Briselu.<\/p>\n<blockquote class=\"marker-quote1\"><p>\u201eAlbanci su odbijali do sada sve na\u0161e predloge i nacrt zakona koji smo ponudili da Pri\u0161tina usvoji da bi se obezbedio gartovani povratak i bezbedan opstanak onih koji bi se u buduc\u0301nosti vratili na Kosovo i Metohiju. Sada vidimo da je Pri\u0161tina pristala da usvoji taj zakon \u0161to je veliki pomak. Imam dilemu da li c\u0301e po\u0161tovati obavezu da otvore arhive o nestalima, pre sve arhive OVK, i u kojoj meri c\u0301e nam dostaviti potrebnu dokumentaciju. Ali bitno da je i na ovu temu razgovarano,\u201c isti\u010de Drecun.<\/p><\/blockquote>\n<p>Pitanje povrataka raseljenih je veoma bitno za nas i ono je ujedno sastavni deo pitanja o imovini jer je\u00a0<strong>vi\u0161e od 18 000 kuc\u0301a<\/strong>\u00a0i stanova uzurpirano.<\/p>\n<h3>Izostao zahtev za me\u0111usobno priznanje<\/h3>\n<p>Drecun tako\u0111e primec\u0301uje da na pregovorima mo\u017eda po privi put nije bilo insistiranja eksplicitnog insistiranja albanske strane na me\u0111usobnom priznanju i veruje da je to posledica sastanka u Va\u0161ingtonu i sporazuma o ekonomskoj normalizaciji.<\/p>\n<blockquote class=\"marker-quote1\"><p>\u201eNisam video da su domac\u0301ini ili pri\u0161tinska delegacija na dnevni red stavila ta\u010dku o me\u0111usobnom priznanju. Iz toga s u\u010dini da je potpuno jasno da su Albanci nau\u010dili lekciju u Va\u0161ingtonu, jer kada tamo nisu uspeli da dobiju ono \u0161to su o\u010dekivali, i kada je izbacivanjem ta\u010dke 10 potpuno izbegnuta opasnost da Srbija prizna Kosovo, shvatili su, a mo\u017eda ih je neko i savetovao, da tu temu izbegavaju na neko vreme, i da se posvete temama gde mo\u017ee doc\u0301i do napretka,\u201c uo\u010dava Drecun.<\/p><\/blockquote>\n<h3>Ekonomija c\u0301e i dalje biti dominantna tema<\/h3>\n<p>Pored ovih, ekonomska saradnja i \u201emini \u0161engen\u201c su bila najva\u017enija pitanja o kojima se razgovaralo, a tako\u0111e je bitno i to \u0161to se postavilo pitanje sa kolikim finansijskim sredstvima c\u0301e biti podr\u017ean Va\u0161ingtonski sporazum da bi se znalo na koje projekte mo\u017ee da se ra\u010duna ali i koliko je ekonomski paket pomoc\u0301i koji najavljuje EU. Drecun veruje da c\u0301e ekonomija i u narednim periodu biti dominanta u pregovorima dve strane.<\/p>\n<p>Dve strane su danas tako\u0111e naglasile da je za obe\u00a0<strong>prioritet evropski put !?<\/strong><\/p>\n<\/div>\n","protected":false},"excerpt":{"rendered":"<p>Pi\u0161e\u00a0Brankica Ristic\u0301 Pratite nas Otvaranje pitanja o Zajednici srpskih op\u0161tina, pristanak Pri\u0161tine na dono\u0161enje zakona o povratku, kao i prvi put da albanska strana nije insistirala na me\u0111usobnom priznanju na pregovorima u Briselu \u2013 to je epilog dana\u0161njeg sastanka delegacija Pri\u0161tine i Beograda.<\/p>\n","protected":false},"author":2,"featured_media":0,"comment_status":"open","ping_status":"open","sticky":false,"template":"","format":"standard","meta":{"footnotes":""},"categories":[1,12],"tags":[],"_links":{"self":[{"href":"https:\/\/srcekrajine.org\/index.php?rest_route=\/wp\/v2\/posts\/23208"}],"collection":[{"href":"https:\/\/srcekrajine.org\/index.php?rest_route=\/wp\/v2\/posts"}],"about":[{"href":"https:\/\/srcekrajine.org\/index.php?rest_route=\/wp\/v2\/types\/post"}],"author":[{"embeddable":true,"href":"https:\/\/srcekrajine.org\/index.php?rest_route=\/wp\/v2\/users\/2"}],"replies":[{"embeddable":true,"href":"https:\/\/srcekrajine.org\/index.php?rest_route=%2Fwp%2Fv2%2Fcomments&post=23208"}],"version-history":[{"count":4,"href":"https:\/\/srcekrajine.org\/index.php?rest_route=\/wp\/v2\/posts\/23208\/revisions"}],"predecessor-version":[{"id":23212,"href":"https:\/\/srcekrajine.org\/index.php?rest_route=\/wp\/v2\/posts\/23208\/revisions\/23212"}],"wp:attachment":[{"href":"https:\/\/srcekrajine.org\/index.php?rest_route=%2Fwp%2Fv2%2Fmedia&parent=23208"}],"wp:term":[{"taxonomy":"category","embeddable":true,"href":"https:\/\/srcekrajine.org\/index.php?rest_route=%2Fwp%2Fv2%2Fcategories&post=23208"},{"taxonomy":"post_tag","embeddable":true,"href":"https:\/\/srcekrajine.org\/index.php?rest_route=%2Fwp%2Fv2%2Ftags&post=23208"}],"curies":[{"name":"wp","href":"https:\/\/api.w.org\/{rel}","templated":true}]}}