{"id":23238,"date":"2020-09-22T18:01:14","date_gmt":"2020-09-22T16:01:14","guid":{"rendered":"https:\/\/srcekrajine.org\/?p=23238"},"modified":"2020-10-01T16:40:56","modified_gmt":"2020-10-01T14:40:56","slug":"skandal-na-rolan-garosu","status":"publish","type":"post","link":"https:\/\/srcekrajine.org\/?p=23238","title":{"rendered":"SKANDAL NA ROLAN GAROSU"},"content":{"rendered":"<div class=\"\">\n<p class=\"news-author\">Novosti online<\/p>\n<p class=\"date-published\">utorak, 22. 09. 2020. u 15:44<\/p>\n<\/div>\n<div class=\"social-sharing d-flex align-items-center\">\n<div class=\"add-reaction\" data-news-id=\"919633\">\n<div class=\"addthis_inline_share_toolbox addthis_inline_share_toolbox_ijtd\" data-url=\"https:\/\/www.novosti.rs\/sport\/tenis\/919633\/skandal-rolan-garosu-bosanac-izbacen-zbog-srbina-ovaj-pokazao-negativan-test-koronu-foto\" data-title=\"SKANDAL NA ROLAN GAROSU: Bosanac izba\u010den zbog Srbina, a ovaj pokazao negativan test na koronu (FOTO)\" data-description=\"ROLAN Garos jo\u0161 nije ni po\u010deo ne ra\u010dunaju\u0107i kvalifikacije, a skandali se re\u0111aju kao na traci.\">\n<div id=\"atstbx2\" class=\"at-share-tbx-element addthis-smartlayers addthis-animated at4-show\" role=\"region\" aria-labelledby=\"at-8b201234-0cbe-43c6-91fc-6ff292459093\">\n<div class=\"at-share-btn-elements\">\n<div class=\"row\">\n<div class=\"col-12 col-lg-9 page-content-inner\">\n<div class=\"single-news\" data-category=\"#051259\">\n<section class=\"single-news-header mb-2\">\n<figure class=\"single-news-lead-img img-placeholder size-16-9\"><img decoding=\"async\" title=\"\u0421\u041a\u0410\u041d\u0414\u0410\u041b \u041d\u0410 \u0420\u041e\u041b\u0410\u041d \u0413\u0410\u0420\u041e\u0421\u0423: \u0411\u043e\u0441\u0430\u043d\u0430\u0446 \u0438\u0437\u0431\u0430\u0447\u0435\u043d \u0437\u0431\u043e\u0433 \u0421\u0440\u0431\u0438\u043d\u0430, \u0430 \u043e\u0432\u0430\u0458 \u043f\u043e\u043a\u0430\u0437\u0430\u043e \u043d\u0435\u0433\u0430\u0442\u0438\u0432\u0430\u043d \u0442\u0435\u0441\u0442 \u043d\u0430 \u043a\u043e\u0440\u043e\u043d\u0443 (\u0424\u041e\u0422\u041e)\" src=\"https:\/\/www.novosti.rs\/data\/images\/2020-09-22\/23412_popovic-dzumhur_f.jpg?ts=1600782610\" alt=\"\u0421\u041a\u0410\u041d\u0414\u0410\u041b \u041d\u0410 \u0420\u041e\u041b\u0410\u041d \u0413\u0410\u0420\u041e\u0421\u0423: \u0411\u043e\u0441\u0430\u043d\u0430\u0446 \u0438\u0437\u0431\u0430\u0447\u0435\u043d \u0437\u0431\u043e\u0433 \u0421\u0440\u0431\u0438\u043d\u0430, \u0430 \u043e\u0432\u0430\u0458 \u043f\u043e\u043a\u0430\u0437\u0430\u043e \u043d\u0435\u0433\u0430\u0442\u0438\u0432\u0430\u043d \u0442\u0435\u0441\u0442 \u043d\u0430 \u043a\u043e\u0440\u043e\u043d\u0443 (\u0424\u041e\u0422\u041e)\" \/><\/figure>\n<section class=\"single-news-header mb-2\">\n<h4 class=\"news-description mb-0\" data-category=\"#051259\">ROLAN Garos jo\u0161 nije ni po\u010deo ne ra\u010dunaju\u0107i kvalifikacije, a skandali se re\u0111aju kao na traci.<\/h4>\n<\/section>\n<div class=\"single-page-wrapper\">\n<section class=\"single-news-content pb-2\">Diskvalifikacija igra\u010da zbog virusa korona je glavna tema u Parizu, a najzvu\u010dnije ime koje je izba\u010deno sa \u017ereba je Damir D\u017eumhur.<!--more-->Razlog je njegov trener Petar Popovi\u0107, koji je bio pozitivan, pa iako je Bosanac bio negativan morao je da pakuje kofere.Kolateralna \u0161teta je i Pe\u0111a Krstin, koji je bio sa njima u kontaktu i zbog toga mu je zabranjeno da se takmi\u010di.<\/p>\n<p>To je iznerviralo Popovi\u0107a, jer je on ranije prele\u017eao koronu, a presti\u017enom Ekipu je rekao da je ube\u0111en da je pozitivan rezultat gre\u0161ka i da je ljut jer mu teniski savez Francuske nije dozvolio da se ponovo testira.<\/p>\n<p>&#8211; Ovda\u0161nji doktor mi je rekao da sam na granici i da moraju nekoliko sati da odlu\u010duju \u0161ta \u0107e. To su stvarno i u\u010dinili, ali mi nisu uradili drugi test za sve to vreme. Smatram da je to ozbiljna gre\u0161ka, jer nam nisu dali prliku da se proverimo. \u017deleo sam da mi drugi uzorak uzmu iz nosa, po\u0161to sam ube\u0111en 99,9 % da nisam vi\u0161e zarazan! \u017dao mi je Damira, odli\u010dno se pripremio za Rolan Garos. Oduzeto mu je pravo da se takmi\u010di, a to je po meni veliki skandal. Ru\u017eno je tako diskvalifikovati ga. Ose\u0107ali smo se tako malo i slabo, takvo pona\u0161anje prema nama je bilo nehumano. Siguran sam da se to isto dogodilo nekom zna\u010dajnijem igra\u010du, da bi on imao prava da doka\u017ee da je lo\u0161 test. Da je na na\u0161em mestu bio Rafael Nadal dali bi mu i drugi i tre\u0107i test ako treba&#8220;, rekao je Popovi\u0107 za Ekip i dodao:<\/p>\n<p>&#8211; Da vam otkrijem \u2013 sam \u0107u se testirati sutra, dan potom, i ube\u0111en sam da \u0107u biti negativan&#8220;.<\/p>\n<figure class=\"single-news-img\"><img decoding=\"async\" src=\"https:\/\/www.novosti.rs\/data\/images\/2020-09-22\/23414_petar-popovic-rezultati_ln.jpg?1600782588\" \/><\/p>\n<p class=\"image-source\">Foto: Instagram<\/p>\n<\/figure>\n<p>I, naravno, rezultati su stigli, a Popovi\u0107 ih je objavio na svom Instagramu:<\/p>\n<p>Uz fotografiju negativnog testa obavljenog 21. septembra 2020. godine napisao je:<\/p>\n<p>&#8211; Svi treba da znate istinu! A jedina prava istina je da je Damir D\u017eumhur izba\u010den sa turnira bez razloga, a sve \u0161to smo mi tra\u017eili bilo je ponovno testiranje kojim bismo dokazali da je prvi bio la\u017eno pozitivan&#8220;.<\/p>\n<p>A \u0161ta \u0107e se dalje de\u0161avati na Rolan Garosu bi\u0107e zanimljivo videti&#8230;<\/p>\n<p>&nbsp;<\/p>\n<\/section>\n<\/div>\n<p>&nbsp;<\/p>\n<\/section>\n<\/div>\n<\/div>\n<\/div>\n<\/div>\n<\/div>\n<\/div>\n<\/div>\n<\/div>\n<p>&nbsp;<\/p>\n","protected":false},"excerpt":{"rendered":"<p>Novosti online utorak, 22. 09. 2020. u 15:44 ROLAN Garos jo\u0161 nije ni po\u010deo ne ra\u010dunaju\u0107i kvalifikacije, a skandali se re\u0111aju kao na traci. Diskvalifikacija igra\u010da zbog virusa korona je glavna tema u Parizu, a najzvu\u010dnije ime koje je izba\u010deno sa \u017ereba je Damir D\u017eumhur.<\/p>\n","protected":false},"author":2,"featured_media":0,"comment_status":"open","ping_status":"open","sticky":false,"template":"","format":"standard","meta":{"footnotes":""},"categories":[1,13],"tags":[],"_links":{"self":[{"href":"https:\/\/srcekrajine.org\/index.php?rest_route=\/wp\/v2\/posts\/23238"}],"collection":[{"href":"https:\/\/srcekrajine.org\/index.php?rest_route=\/wp\/v2\/posts"}],"about":[{"href":"https:\/\/srcekrajine.org\/index.php?rest_route=\/wp\/v2\/types\/post"}],"author":[{"embeddable":true,"href":"https:\/\/srcekrajine.org\/index.php?rest_route=\/wp\/v2\/users\/2"}],"replies":[{"embeddable":true,"href":"https:\/\/srcekrajine.org\/index.php?rest_route=%2Fwp%2Fv2%2Fcomments&post=23238"}],"version-history":[{"count":3,"href":"https:\/\/srcekrajine.org\/index.php?rest_route=\/wp\/v2\/posts\/23238\/revisions"}],"predecessor-version":[{"id":23267,"href":"https:\/\/srcekrajine.org\/index.php?rest_route=\/wp\/v2\/posts\/23238\/revisions\/23267"}],"wp:attachment":[{"href":"https:\/\/srcekrajine.org\/index.php?rest_route=%2Fwp%2Fv2%2Fmedia&parent=23238"}],"wp:term":[{"taxonomy":"category","embeddable":true,"href":"https:\/\/srcekrajine.org\/index.php?rest_route=%2Fwp%2Fv2%2Fcategories&post=23238"},{"taxonomy":"post_tag","embeddable":true,"href":"https:\/\/srcekrajine.org\/index.php?rest_route=%2Fwp%2Fv2%2Ftags&post=23238"}],"curies":[{"name":"wp","href":"https:\/\/api.w.org\/{rel}","templated":true}]}}