{"id":23241,"date":"2020-09-26T22:22:21","date_gmt":"2020-09-26T20:22:21","guid":{"rendered":"https:\/\/srcekrajine.org\/?p=23241"},"modified":"2020-10-01T16:40:36","modified_gmt":"2020-10-01T14:40:36","slug":"general-delic-i-sarovic-osnovali-novi-pokret","status":"publish","type":"post","link":"https:\/\/srcekrajine.org\/?p=23241","title":{"rendered":"General Deli\u0107 i \u0160arovi\u0107 osnovali novi pokret&#8230;"},"content":{"rendered":"<p><iframe loading=\"lazy\" title=\"Otcepljeni radikali ru\u0161e Vu\u010di\u0107a: General Deli\u0107 i \u0160arovi\u0107 osnovali novi pokret...\" width=\"500\" height=\"281\" src=\"https:\/\/www.youtube.com\/embed\/fnXHFgh4Qa0?feature=oembed\" frameborder=\"0\" allow=\"accelerometer; autoplay; clipboard-write; encrypted-media; gyroscope; picture-in-picture; web-share\" referrerpolicy=\"strict-origin-when-cross-origin\" allowfullscreen><\/iframe><\/p>\n<p><a class=\"yt-simple-endpoint style-scope yt-formatted-string\" dir=\"auto\" spellcheck=\"false\" href=\"https:\/\/www.youtube.com\/channel\/UCoppO_UUIoudrxIQ3M4lJcQ\">\u0421\u0420\u0411\u0418\u041d.\u0438\u043d\u0444\u043e<\/a> \/ 21 sep. 2020<\/p>\n<p>Nekada\u0161nji poslanici Srpske radikalne stranke Nemanja \u0160arovi\u0107 i Bo\u017eidar Deli\u0107 predstavili su novi pokret &#8222;Ljubav, Vera i Nada&#8220;, na \u010dijem su \u010delu, uz napomenu da kao svog politi\u010dkog protivnika vide predsednika Srbije Aleksandra Vu\u010di\u0107a.<!--more--><\/p>\n<p>\u0160arovi\u0107 je, na konferenciji za novinare u Medija centru, rekao da je predata dokumentacija za registraciju pokreta, da \u0107e on formalno biti predsednik, a general Bo\u017eidar Deli\u0107 zamenik predsednika.<\/p>\n<p>Prema njegovim re\u010dima, na ovakav naziv pokreta su se odlu\u010dili jer se radi o hri\u0161\u0107anskim vrlinama, koje su potrebni du\u0161i, narodu i dr\u017eavi Srbiji.<\/p>\n<p>&#8222;Mnogo toga se danas vrti oko novca, misle ljudi da sve mogu da kupe, ali ne mo\u017ee se sve i svako kupiti&#8220;, rekao je \u0160arovi\u0107 i istakao da \u0107e se pokret udru\u017eivati samo sa gra\u0111anima, nikako sa drugim pokretima ili strankama.<\/p>\n<p>U Srbiji o svemu odlu\u010duje jedan \u010dovek, u \u010dijim rukama je sva politi\u010dka, finansijska i medijska i svaka druga vlast, rekao je on i napomenuo da izborni uslovi u Srbiji nikada nisu bili fer i po\u0161teni, ali da ovaj pokret to svakako ne\u0107e tra\u017eiti da konstatuju Evropljani Tanja Fajon ili Sem Fabrici.<\/p>\n<p>\u0160arovi\u0107 nije direktno odgovorio na pitanje o odnosu novog pokreta prema SRS, ponavljaju\u0107i da su se oni ve\u0107 udru\u017eili sa istomi\u0161ljenicima, a da kao svog protivnika imaju Vu\u010di\u0107a.<\/p>\n<p>Deli\u0107 je ocenio da je ovo pokret po\u0161tenih i \u010destitih ljudi, uz napomenu da njima nisu potrebne &#8222;prljave pare tajkuna i kriminalaca&#8220;.<\/p>\n<p>Prema njegovim re\u010dima, jedina legalno izabrana institucija u Srbiji je predsednik dr\u017eave, dok su nelegalna vlada, ministri, a skup\u0161tina do kraja nije konstituisana i nema kog da sazove slede\u0107u sednicu.<\/p>\n<p>&#8222;\u017delimo da Srbija bude ure\u0111ena zemlja&#8220;, rekao je Deli\u0107.<\/p>\n","protected":false},"excerpt":{"rendered":"<p>\u0421\u0420\u0411\u0418\u041d.\u0438\u043d\u0444\u043e \/ 21 sep. 2020 Nekada\u0161nji poslanici Srpske radikalne stranke Nemanja \u0160arovi\u0107 i Bo\u017eidar Deli\u0107 predstavili su novi pokret &#8222;Ljubav, Vera i Nada&#8220;, na \u010dijem su \u010delu, uz napomenu da kao svog politi\u010dkog protivnika vide predsednika Srbije Aleksandra Vu\u010di\u0107a.<\/p>\n","protected":false},"author":2,"featured_media":0,"comment_status":"open","ping_status":"open","sticky":false,"template":"","format":"standard","meta":{"footnotes":""},"categories":[1,34],"tags":[],"_links":{"self":[{"href":"https:\/\/srcekrajine.org\/index.php?rest_route=\/wp\/v2\/posts\/23241"}],"collection":[{"href":"https:\/\/srcekrajine.org\/index.php?rest_route=\/wp\/v2\/posts"}],"about":[{"href":"https:\/\/srcekrajine.org\/index.php?rest_route=\/wp\/v2\/types\/post"}],"author":[{"embeddable":true,"href":"https:\/\/srcekrajine.org\/index.php?rest_route=\/wp\/v2\/users\/2"}],"replies":[{"embeddable":true,"href":"https:\/\/srcekrajine.org\/index.php?rest_route=%2Fwp%2Fv2%2Fcomments&post=23241"}],"version-history":[{"count":3,"href":"https:\/\/srcekrajine.org\/index.php?rest_route=\/wp\/v2\/posts\/23241\/revisions"}],"predecessor-version":[{"id":23244,"href":"https:\/\/srcekrajine.org\/index.php?rest_route=\/wp\/v2\/posts\/23241\/revisions\/23244"}],"wp:attachment":[{"href":"https:\/\/srcekrajine.org\/index.php?rest_route=%2Fwp%2Fv2%2Fmedia&parent=23241"}],"wp:term":[{"taxonomy":"category","embeddable":true,"href":"https:\/\/srcekrajine.org\/index.php?rest_route=%2Fwp%2Fv2%2Fcategories&post=23241"},{"taxonomy":"post_tag","embeddable":true,"href":"https:\/\/srcekrajine.org\/index.php?rest_route=%2Fwp%2Fv2%2Ftags&post=23241"}],"curies":[{"name":"wp","href":"https:\/\/api.w.org\/{rel}","templated":true}]}}