{"id":23249,"date":"2020-09-28T16:47:23","date_gmt":"2020-09-28T14:47:23","guid":{"rendered":"https:\/\/srcekrajine.org\/?p=23249"},"modified":"2020-10-01T16:40:10","modified_gmt":"2020-10-01T14:40:10","slug":"nevidjen-skandal-na-djokovicevoj-konferenciji","status":"publish","type":"post","link":"https:\/\/srcekrajine.org\/?p=23249","title":{"rendered":"NEVI\u0110EN SKANDAL NA \u0110OKOVI\u0106EVOJ KONFERENCIJI"},"content":{"rendered":"<p>Pogledajte snimak , zgrozenost Dokovica i kazite je li ovo moguce .Da covjek ne povjeruje. Jeli neko samo pokusao da govori o nekoj temi koja je , tabu tema za nas obicne smrtnike , odmah ga suspenduju .Gamad na trecu . . . primjedba CK.ey<\/p>\n<div class=\"single-news mb-2\" data-category=\"#051259\">\n<section class=\"single-news-header\">\n<div class=\"news-info d-flex align-items-center justify-content-between\">\n<div class=\"\">\n<p class=\"news-author\">Novosti online<\/p>\n<p class=\"date-published\">ponedeljak, 28. 09. 2020. u 15:37<\/p>\n<\/div>\n<\/div>\n<\/section>\n<\/div>\n<div class=\"row\">\n<div class=\"col-12 col-lg-9 page-content-inner\">\n<div class=\"single-news\" data-category=\"#051259\">\n<section class=\"single-news-header mb-2\">\n<figure class=\"single-news-lead-img img-placeholder size-16-9\"><img decoding=\"async\" title=\"\u0421\u041a\u0410\u041d\u0414\u0410\u041b \u0423 \u041f\u0410\u0420\u0418\u0417\u0423 \u041d\u0410 \u0402\u041e\u041a\u041e\u0412\u0418\u040b\u0415\u0412\u041e\u0408 \u041a\u041e\u041d\u0424\u0415\u0420\u0415\u041d\u0426\u0418\u0408\u0418: \u041d\u043e\u0432\u0430\u043a \u043f\u0440\u043e\u0433\u043e\u0432\u043e\u0440\u0438\u043e \u043e \u0442\u0435\u043c\u0438 \u043e \u043a\u043e\u0458\u043e\u0458 \u043d\u0438\u043a\u043e \u043d\u0435 \u043f\u0440\u0438\u0447\u0430 (\u0412\u0418\u0414\u0415\u041e)\" src=\"https:\/\/www.novosti.rs\/data\/images\/2020-09-28\/25077_2020-09-28_f.jpg?ts=1601301414\" alt=\"\u0421\u041a\u0410\u041d\u0414\u0410\u041b \u0423 \u041f\u0410\u0420\u0418\u0417\u0423 \u041d\u0410 \u0402\u041e\u041a\u041e\u0412\u0418\u040b\u0415\u0412\u041e\u0408 \u041a\u041e\u041d\u0424\u0415\u0420\u0415\u041d\u0426\u0418\u0408\u0418: \u041d\u043e\u0432\u0430\u043a \u043f\u0440\u043e\u0433\u043e\u0432\u043e\u0440\u0438\u043e \u043e \u0442\u0435\u043c\u0438 \u043e \u043a\u043e\u0458\u043e\u0458 \u043d\u0438\u043a\u043e \u043d\u0435 \u043f\u0440\u0438\u0447\u0430 (\u0412\u0418\u0414\u0415\u041e)\" \/><\/p>\n<h4 class=\"image-source\">Foto AP<\/h4>\n<\/figure>\n<h4 class=\"news-description mb-0\" data-category=\"#051259\"><span style=\"color: #000080;\">KONFERENCIJA najboljeg tenisera sveta Novaka \u0110okovi\u0107a uo\u010di njegovog nastupa na Rolan Garosu naprasno je prekinuta.<\/span><\/h4>\n<h4 class=\"news-description mb-0\" data-category=\"#051259\"><span style=\"color: #000080;\">\u0110okovi\u0107 je bio upitan o o problemima sa pandemijom virusa korona i kako se nosi sa stresom jer bi ukoliko bude pozitivan PCR testu, mogao\u00a0 bi da bude diskvalifikovan.<\/span><\/h4>\n<p><!--more--><\/p>\n<\/section>\n<div class=\"single-page-wrapper\">\n<section class=\"single-news-content pb-2\">&#8211; Mislim da je to stres ako izaberete da to posmatrate kao stres. Ja sam izabrao da to ne bude slu\u010daj. U pitanju su stvari na koje ne mogu da uti\u010dem. Mogu samo da probam da sebe dovedem u situaciju da igram dobro, nadaju\u0107i se da \u0107u imati \u0161ansu da se nadme\u0107em, da budem negativan na testu, ali ako se dogodi rezultat koji nije negativan&#8230; onda &#8211; to vam je, \u0161to vam je. Treba to prihvatiti&#8230; A stvarno je tu\u017eno \u0161to su neki igra\u010di ba\u0161 tako diskvalifikovani iz glavnog dela turnira, neki i iz kvalifikacija. Voleo bih da su oni koji su bili pozitivni na testu &#8211; potom, 24 sata kasnije, jo\u0161 jednom bili testirani, kako bi se utvrdilo da li je ono bilo &#8216;la\u017eno pozitivan&#8217; rezultat, ili stvarno pozitivan. Ako je dvaput bio pozitivan rezultat, onda bi, naravno, trebalo da takav igra\u010d bude van turnira, ali ako je u pitanju la\u017eno pozitivan provobitni rezultat, trebalo bi mu dozvoliti da igra. A to nije bio slu\u010daj ovde, to nije bio slu\u010daj ni u Njujorku, ali jeste mo\u017eda na nekim drugim ATP turnirima. Zato je sve to malo zbunjuju\u0107e za nas. Nije lako ni za same organizatore turnira da iza\u0111u na kraj sa tolikom koli\u010dinom testiranja, usled velikog broja u\u010desnika, ali mislim&#8230; Bilo bi vi\u0161e fer prema igra\u010dima da imaju \u0161ansu da mo\u017eda budu u izolaciji 24 sata, pre nego \u0161to urade drugi test. Jer, mnogo je dokaza da je bilo la\u017eno pozitivnih rezultata, ne samo u tenisu, nego ina\u010de&#8220;, rekao je najbolji teniser sveta.<\/p>\n<div class=\"embed-responsive embed-responsive-16by9\">\n<p>Ve\u0107 smo \u010duli primere o diskvalifikaciji Pe\u0111e Krstina, Damira D\u017eumhura i Fernanda Verdaska, upravo zbog korona virusa, a o\u010digledno da organizatori \u017eele da izbegnu nezgodnu temu.<\/p>\n<p>Jedan od novinara nije \u010duo da voditelj poku\u0161ava da prekine konferenciju, pa je usledila konstatacija da bi ovo mogao da bude \u0110okovi\u0107ev Rolan Garos, jer je to jedini slem na kojem nema vi\u0161e od jedne titule.<\/p>\n<div class=\"banner w-100 pt-1 pt-md-0 mb-1 text-center\">\n<div class=\"container text-center\">\n<div id=\"InText_1\">\n<p><iframe loading=\"lazy\" title=\"Novak Djokovic &quot;From your mouth to the God&#039;s ears&quot; - Roland Garros 2020 (HD)\" width=\"500\" height=\"281\" src=\"https:\/\/www.youtube.com\/embed\/q2kPYOh_72Q?start=79&#038;feature=oembed\" frameborder=\"0\" allow=\"accelerometer; autoplay; clipboard-write; encrypted-media; gyroscope; picture-in-picture; web-share\" referrerpolicy=\"strict-origin-when-cross-origin\" allowfullscreen><\/iframe><\/p>\n<\/div>\n<\/div>\n<\/div>\n<p>&#8211; Znate, u mojoj zemlji se ka\u017ee &#8216;Iz va\u0161ih usta u Bo\u017eje u\u0161i&#8217;! Nadam se da \u0107e to \u0161to ste rekli &#8211; da se i ostvari, da \u0107u mo\u0107i da osvojim titulu. \u017delim to, veoma sam motivisan. Sanjao sam toliko dugo titulu na Rolan Garosu, gubio tri finala pre osvajanja trofeja 2016, \u0161to mi je bio jedan od najlep\u0161ih trenutaka u karijeri. Nadam se da \u0107e to mo\u017eda biti i ove godine. Vide\u0107emo&#8220;, rekao je \u0110okovi\u0107 pre nego \u0161to je konferencija bila prevremeno prekinuta.<\/p>\n<p>Voditelj konferencije nije objasnio zbog \u010dega je to u\u010dinjeno&#8230;<\/p>\n<p>(Mondo)<\/p>\n<\/div>\n<div class=\"recommended-news mb-2\">\n<div class=\"row bg-light py-1 py-lg-2\"><\/div>\n<\/div>\n<\/section>\n<\/div>\n<\/div>\n<\/div>\n<\/div>\n<p>&nbsp;<\/p>\n","protected":false},"excerpt":{"rendered":"<p>Pogledajte snimak , zgrozenost Dokovica i kazite je li ovo moguce .Da covjek ne povjeruje. Jeli neko samo pokusao da govori o nekoj temi koja je , tabu tema za nas obicne smrtnike , odmah ga suspenduju .Gamad na trecu . . . primjedba CK.ey Novosti online ponedeljak, 28. 09. 2020. u 15:37 Foto AP [&hellip;]<\/p>\n","protected":false},"author":2,"featured_media":0,"comment_status":"open","ping_status":"open","sticky":false,"template":"","format":"standard","meta":{"footnotes":""},"categories":[1,13],"tags":[],"_links":{"self":[{"href":"https:\/\/srcekrajine.org\/index.php?rest_route=\/wp\/v2\/posts\/23249"}],"collection":[{"href":"https:\/\/srcekrajine.org\/index.php?rest_route=\/wp\/v2\/posts"}],"about":[{"href":"https:\/\/srcekrajine.org\/index.php?rest_route=\/wp\/v2\/types\/post"}],"author":[{"embeddable":true,"href":"https:\/\/srcekrajine.org\/index.php?rest_route=\/wp\/v2\/users\/2"}],"replies":[{"embeddable":true,"href":"https:\/\/srcekrajine.org\/index.php?rest_route=%2Fwp%2Fv2%2Fcomments&post=23249"}],"version-history":[{"count":3,"href":"https:\/\/srcekrajine.org\/index.php?rest_route=\/wp\/v2\/posts\/23249\/revisions"}],"predecessor-version":[{"id":23252,"href":"https:\/\/srcekrajine.org\/index.php?rest_route=\/wp\/v2\/posts\/23249\/revisions\/23252"}],"wp:attachment":[{"href":"https:\/\/srcekrajine.org\/index.php?rest_route=%2Fwp%2Fv2%2Fmedia&parent=23249"}],"wp:term":[{"taxonomy":"category","embeddable":true,"href":"https:\/\/srcekrajine.org\/index.php?rest_route=%2Fwp%2Fv2%2Fcategories&post=23249"},{"taxonomy":"post_tag","embeddable":true,"href":"https:\/\/srcekrajine.org\/index.php?rest_route=%2Fwp%2Fv2%2Ftags&post=23249"}],"curies":[{"name":"wp","href":"https:\/\/api.w.org\/{rel}","templated":true}]}}