{"id":23293,"date":"2020-10-11T21:33:22","date_gmt":"2020-10-11T19:33:22","guid":{"rendered":"https:\/\/srcekrajine.org\/?p=23293"},"modified":"2020-11-10T13:26:43","modified_gmt":"2020-11-10T12:26:43","slug":"preminuo-bora-drljaca","status":"publish","type":"post","link":"https:\/\/srcekrajine.org\/?p=23293","title":{"rendered":"Preminuo legendarni pjeva\u010d Borislav Boro Drlja\u010da"},"content":{"rendered":"<div class=\"single-news mb-2\" data-category=\"#051259\">\n<section class=\"single-news-header\">\n<div class=\"news-info d-flex align-items-center justify-content-between\">\n<div class=\"\">\n<p class=\"date-published\">(Telegraf)11. 10. 2020. u 20:59<\/p>\n<h4>Veliko po\u0161tovanje i duboki naklon !<\/h4>\n<h4>Neka ti bude laka zemlja , kraji\u0161ni\u010de . . . tim &#8211; SrceKrajine . . .<\/h4>\n<\/div>\n<\/div>\n<\/section>\n<\/div>\n<div class=\"row\">\n<div class=\"col-12 col-lg-9 page-content-inner\">\n<div class=\"single-news\" data-category=\"#051259\">\n<section class=\"single-news-header mb-2\">\n<figure class=\"single-news-lead-img img-placeholder size-16-9\"><img decoding=\"async\" title=\"\u041f\u0440\u0435\u043c\u0438\u043d\u0443\u043e \u0411\u043e\u0440\u0430 \u0414\u0440\u0459\u0430\u0447\u0430\" src=\"https:\/\/www.novosti.rs\/data\/images\/2020-09-28\/24973_drljaca-pmilosevic_f.jpg?ts=1602442900\" alt=\"\u041f\u0440\u0435\u043c\u0438\u043d\u0443\u043e \u0411\u043e\u0440\u0430 \u0414\u0440\u0459\u0430\u0447\u0430\" \/><\/figure>\n<h3 class=\"news-description mb-0\" data-category=\"#051259\">\u0411\u043e\u0440\u0438\u0441\u043b\u0430\u0432 \u0411\u043e\u0440\u0430 \u0414\u0440\u0459\u0430\u0447\u0430 (\u0414\u043e\u045a\u0430 \u0421\u0443\u0432\u0430\u0458\u0430, 29. \u0430\u0432\u0433\u0443\u0441\u0442 1941 \u2014 \u0411\u0435\u043e\u0433\u0440\u0430\u0434, 11. \u043e\u043a\u0442\u043e\u0431\u0430\u0440 2020) \u0431\u0438\u043e \u0458\u0435 \u0441\u0440\u043f\u0441\u043a\u0438 \u0444\u043e\u043b\u043a \u043f\u0435\u0432\u0430\u0447.<!--more--><\/h3>\n<\/section>\n<div class=\"single-page-wrapper\">\n<section class=\"single-news-content pb-2\">\n<div class=\"single-page-wrapper\">\n<section class=\"single-news-content pb-2\">Folk peva\u010d je preminuo nakon nekoliko operacija.Kako se saznaje, peva\u010d je preminuo u ku\u0107i.<iframe loading=\"lazy\" title=\"Bora Drljaca - Oj Suvajo, moje rodno mesto - (Audio 1972)\" width=\"500\" height=\"281\" src=\"https:\/\/www.youtube.com\/embed\/SxlHURSKZqw?feature=oembed\" frameborder=\"0\" allow=\"accelerometer; autoplay; clipboard-write; encrypted-media; gyroscope; picture-in-picture; web-share\" referrerpolicy=\"strict-origin-when-cross-origin\" allowfullscreen><\/iframe><\/p>\n<\/section>\n<\/div>\n<p>Borislav Bora Drlja\u010da je peva\u010d narodne muzike koji je ro\u0111en 29. avgusta 1941. godine u selu Donja Suvaja, u op\u0161tini Bosanska Krupa. Borin otac Branko je bio ekonom, poslovo\u0111a u trgovini i mati\u010dar, a tako\u0111e je lepo pevao i svirao gitaru. Majka Stoja je bila ekonom i stradala je u Drugom svetskom ratu. Posle njene smrti, otac se ponovo o\u017eenio, a peva\u010du nije ostala nijedna maj\u010dina slika.<\/p>\n<p>Prema Borinim re\u010dima, najgori dani njegovog \u017eivota su bili kada su po\u010deli jugoslovenski ratovi, po\u0161to bosanska televizija nije htela da pu\u0161ta njegove pesme jer je bio Srbin, a nije htela ni srpska televizija jer je bio iz Bosne.<\/p>\n<p>Bora je zavr\u0161io osnovnu \u0161kolu u Suvaji nakon \u010dega je oti\u0161ao kod strica u Ba\u010dku Topolu. Tamo je zavr\u0161io srednju poljoprivrednu \u0161kolu. Bio je mlad kada je do\u0161ao u Beograd i po\u010deo je da peva u KUD &#8222;Branko Radi\u010devi\u0107&#8220; i &#8222;\u0160panac&#8220;. Siroma\u0161tvo je odredilo njegov put jer ga je motivisalo da postane neko i ne\u0161to u \u017eivotu. Prijavio se na audiciju za Radio Beograd koju je polo\u017eio i ubrzo je njegova muzi\u010dka karijera krenula uzlaznom putanjom.<\/p>\n<div id=\"in-article\"><\/div>\n<p><img loading=\"lazy\" decoding=\"async\" class=\"slika-article\" src=\"https:\/\/opusteno.rs\/slike\/2016\/04\/biografija-pevac-bora-drljaca-29980\/pevac-bora-drljaca-0.jpg\" alt=\"pevac bora drljaca 0\" width=\"340\" height=\"413\" \/><\/p>\n<p>Bora je bio jedan od najpopularnijih peva\u010da u Jugoslaviji. Stekao je status Istaknuti umetnik i dobio je nagradu za \u017eivotno delo. Snimio je preko 50 nosa\u010da zvuka na kojima se nalazi oko 400 pesama. Prodao je preko pet miliona plo\u010da i kaseta. Nastupao je po celom svetu, a najvi\u0161e u Americi, Kanadi, Australiji i zapadnoj Evropi. Najte\u017ei period u njegovoj karijeri bio je po\u010detak jugoslovenskih ratova kada srpska televizija nije htela da pu\u0161ta njegove pesme jer je ro\u0111en u Bosni, i obratno, bosanska televizija ga je zabranila jer je poreklom Srbin.<\/p>\n<p>Iz prvog braka, sa pokojnom suprugom Vericom, ima dva sina: Vladimira koji je magistrirao menad\u017ement u Parizu i Branislava koji je diplomirao slikarstvo u Beogradu. Bora je te\u0161ko podneo supruginu smrt jer je u pitanju samoubistvu. Verica je uzela previ\u0161e sedativa i ostavila je opro\u0161tajno pismo u kome nikoga nije krivila za to \u0161to je uradila. Sa drugom suprugom, Radomirkom Sladi\u0107, \u017eivi u Beogradu. Upoznali su se na njegovom koncertu 2007. godine i od tada su zajedno.<\/p>\n<p class=\"article-2\">Festivali<\/p>\n<p>1970. Beogradski sabor &#8211; Pozdravljam te<br \/>\n1970. Ilid\u017ea &#8211; Ljubav je radost najve\u0107a<br \/>\n1971. Beogradski sabor &#8211; Sve za ljubav ja sam dao<br \/>\n1971. Ilid\u017ea &#8211; Zaborav, zaborav<br \/>\n1972. Beogradski sabor &#8211; \u017divjeti se mora<br \/>\n1974. Beogradski sabor &#8211; Od sino\u0107 te \u010dekam<br \/>\n1975. Hit parada &#8211; Podkozarko djevojko<br \/>\n1975. Beogradski sabor &#8211; Dobar dan<br \/>\n1975. Jugoslovenski festival Pariz &#8211; Nas dvoje smo sre\u0107ni<br \/>\n1976. Hit parada &#8211; Sliku tvoju na grudima dr\u017eim<br \/>\n1976. Beogradski sabor &#8211; Nit&#8217; je kasno nit&#8217; opasno<br \/>\n1977. Hit leta &#8211; Dal&#8217; \u0107u tebi ili \u0107e\u0161 ti meni<br \/>\n1978. Hit parada &#8211; Ako jednom ljubav pro\u0111e<br \/>\n1979. Hit parada &#8211; Kume, izgore ti kesa<br \/>\n1980. Ilid\u017ea &#8211; Prijo moja kako \u0107emo<br \/>\n1980. Hit parada &#8211; Zapjevajmo veselo<br \/>\n1984. MESAM &#8211; Hej jarani, zora svi\u0107e<br \/>\n2001. Moravski biseri &#8211; Jao mala, \u0161ta nam radi\u0161 (duet sa Erom Ojdani\u0107em)<br \/>\n2002. Moravski biseri &#8211; Sve su \u017eene za promene<br \/>\n2008. Moravski biseri &#8211; Supermeni (duet sa Erom Ojdani\u0107em)<br \/>\n2009. Moravski biseri &#8211; Gre\u0161ila si u \u017eivotu<br \/>\n2011. Lira, festival nove narodne pesme &#8211; Ro\u0111en za promene<br \/>\n2011. Moravski biseri &#8211; Ja sam taj<br \/>\n2014. Miholjsko leto, \u0160abac &#8211; \u0160to me nisi \u010dekala jo\u0161 malo, nagrada za interpetaciju<br \/>\n2014. Moravski biseri &#8211; Neka tebi bude dobro, nagrada za interpretaciju<br \/>\n2015. Moravski biseri &#8211; Banja Luko pozdravi Krajinu<\/p>\n<\/section>\n<\/div>\n<\/div>\n<\/div>\n<\/div>\n<p>&nbsp;<\/p>\n","protected":false},"excerpt":{"rendered":"<p>(Telegraf)11. 10. 2020. u 20:59 Veliko po\u0161tovanje i duboki naklon ! Neka ti bude laka zemlja , kraji\u0161ni\u010de . . . tim &#8211; SrceKrajine . . . \u0411\u043e\u0440\u0438\u0441\u043b\u0430\u0432 \u0411\u043e\u0440\u0430 \u0414\u0440\u0459\u0430\u0447\u0430 (\u0414\u043e\u045a\u0430 \u0421\u0443\u0432\u0430\u0458\u0430, 29. \u0430\u0432\u0433\u0443\u0441\u0442 1941 \u2014 \u0411\u0435\u043e\u0433\u0440\u0430\u0434, 11. \u043e\u043a\u0442\u043e\u0431\u0430\u0440 2020) \u0431\u0438\u043e \u0458\u0435 \u0441\u0440\u043f\u0441\u043a\u0438 \u0444\u043e\u043b\u043a \u043f\u0435\u0432\u0430\u0447.<\/p>\n","protected":false},"author":2,"featured_media":0,"comment_status":"open","ping_status":"open","sticky":false,"template":"","format":"standard","meta":{"footnotes":""},"categories":[25],"tags":[],"_links":{"self":[{"href":"https:\/\/srcekrajine.org\/index.php?rest_route=\/wp\/v2\/posts\/23293"}],"collection":[{"href":"https:\/\/srcekrajine.org\/index.php?rest_route=\/wp\/v2\/posts"}],"about":[{"href":"https:\/\/srcekrajine.org\/index.php?rest_route=\/wp\/v2\/types\/post"}],"author":[{"embeddable":true,"href":"https:\/\/srcekrajine.org\/index.php?rest_route=\/wp\/v2\/users\/2"}],"replies":[{"embeddable":true,"href":"https:\/\/srcekrajine.org\/index.php?rest_route=%2Fwp%2Fv2%2Fcomments&post=23293"}],"version-history":[{"count":4,"href":"https:\/\/srcekrajine.org\/index.php?rest_route=\/wp\/v2\/posts\/23293\/revisions"}],"predecessor-version":[{"id":23297,"href":"https:\/\/srcekrajine.org\/index.php?rest_route=\/wp\/v2\/posts\/23293\/revisions\/23297"}],"wp:attachment":[{"href":"https:\/\/srcekrajine.org\/index.php?rest_route=%2Fwp%2Fv2%2Fmedia&parent=23293"}],"wp:term":[{"taxonomy":"category","embeddable":true,"href":"https:\/\/srcekrajine.org\/index.php?rest_route=%2Fwp%2Fv2%2Fcategories&post=23293"},{"taxonomy":"post_tag","embeddable":true,"href":"https:\/\/srcekrajine.org\/index.php?rest_route=%2Fwp%2Fv2%2Ftags&post=23293"}],"curies":[{"name":"wp","href":"https:\/\/api.w.org\/{rel}","templated":true}]}}