{"id":23308,"date":"2020-10-20T14:19:20","date_gmt":"2020-10-20T12:19:20","guid":{"rendered":"https:\/\/srcekrajine.org\/?p=23308"},"modified":"2020-10-20T14:19:20","modified_gmt":"2020-10-20T12:19:20","slug":"naslovna-strana-volstrit-internesenal-zapalila-sad-nisu-nam-zaboravili-bombe","status":"publish","type":"post","link":"https:\/\/srcekrajine.org\/?p=23308","title":{"rendered":"Naslovna strana &#8222;Volstrit interne\u0161enal&#8220; zapalila SAD: Nisu nam zaboravili bombe!"},"content":{"rendered":"<p>UTOR: <span class=\"article-author\">Tanjug; D.K. <\/span> DATUM I VREME: 20.10.2020. 13:43<\/p>\n<p class=\"lead mtb20\">Naslovna pri\u010da ameri\u010dkog magazina &#8222;Volstrit interne\u0161enal&#8220; govori o 750.000 ameri\u010dkih gra\u0111ana srpskog porekla, koji \u017eive u klju\u010dnim i prelomnim dr\u017eavama po predstoje\u0107e izbore, uklju\u010duju\u0107i Arizonu, Ohajo, Mi\u010digen, Viskonsin, Floridu i Pensilvaniju, kao i o tome kako bi njihovi glasovi mogli biti presudni na ovim izborima.<\/p>\n<div id=\"newsContent\" class=\"m-top20 twelvecol\">\n<div class=\"mceNonEditable pluginContainer imagePlugin image-safe fullWidth\" data-image-id=\"299383\">\n<figure class=\"editorPlugin\" title=\"Aleksandar Vu\u010di\u0107, Donald Tramp\" data-media=\"\/resources\/images\/0000\/299\/383\/vucic tramp01 AP Evan Vucci_400x0.jpg\" data-media440=\"\/resources\/images\/0000\/299\/383\/vucic tramp01 AP Evan Vucci_450x0.jpg\" data-media900=\"\/resources\/images\/0000\/299\/383\/vucic tramp01 AP Evan Vucci_1000x0.jpg\"><img loading=\"lazy\" decoding=\"async\" class=\"editorPlugin\" src=\"https:\/\/www.alo.rs\/resources\/images\/0000\/299\/383\/vucic tramp01 AP Evan Vucci_1000x0.jpg\" alt=\"Aleksandar Vu\u010di\u0107, Donald Tramp\" width=\"1000\" height=\"666\" \/><\/figure>\n<p><span class=\"mceEditable image-plugin-description\"><span class=\"mceEditable image-plugin-description\">Aleksandar Vu\u010di\u0107, Donald Tramp, Foto: Tanjug \/ AP<\/span><\/span><!--more--><\/p>\n<\/div>\n<p>List pi\u0161e o, kako ka\u017ee, nesre\u0107nom pona\u0161anju D\u017eoa Bajdena prema Srbiji tokom sukoba 1999. godine.<\/p>\n<p>Tokom 78 dana, avioni NATO su nemilosrdno bombardovali ciljeve \u0161irom Srbije u znak podr\u0161ke albanskim pobunjenicima, kr\u0161e\u0107i Povelju UN i bez pristanka Saveta bezbednosti Ujedinjenih nacija, navodi &#8222;<a class=\"linkInArticle\" href=\"https:\/\/wsimag.com\/economy-and-politics\/63823-can-serbs-determine-the-course-of-the-american-election\" target=\"_blank\" rel=\"noopener noreferrer\"><strong>Volstrit interne\u0161enal<\/strong><\/a>&#8222;.<\/p>\n<p>Srbi nisu zaboravili odu\u0161evljenu podr\u0161ku Bajdena kampanji bombardovanja, koja je pokrenuta uglavnom na civilne ciljeve, uzrokuju\u0107i masovne \u017ertve i te\u0161ko o\u0161te\u0107enu infrastrukturu, pi\u0161e magazin.<\/p>\n<p>Mnogi smatraju da je upotreba osiroma\u0161enog uranijuma u kasetnoj municiji i granatama u kosovskom ratu, razlog za visoke stope leukemije danas u regionu.<\/p>\n<div class=\"mceNonEditable pluginContainer imagePlugin image-safe fullWidth\" data-image-id=\"303691\">\n<figure class=\"editorPlugin\" title=\"NATO\" data-media=\"\/resources\/images\/0000\/303\/691\/03.21.2019.BombardovanjeTelop09_1000x0_400x0.jpg\" data-media440=\"\/resources\/images\/0000\/303\/691\/03.21.2019.BombardovanjeTelop09_1000x0_450x0.jpg\" data-media900=\"\/resources\/images\/0000\/303\/691\/03.21.2019.BombardovanjeTelop09_1000x0_1000x0.jpg\"><img loading=\"lazy\" decoding=\"async\" class=\"editorPlugin\" src=\"https:\/\/www.alo.rs\/resources\/images\/0000\/303\/691\/03.21.2019.BombardovanjeTelop09_1000x0_1000x0.jpg\" alt=\"NATO\" width=\"1000\" height=\"668\" \/><\/figure>\n<p><span class=\"mceEditable image-plugin-description\">NATO, Foto: Ilustracija<\/span><\/div>\n<p>I jo\u0161 gore, 2008. godine Srbija je imala najve\u0107u stopu smrtnosti od raka dojke.<\/p>\n<p>Mnogo srpsko-ameri\u010dkih gra\u0111ana videlo je politiku iz Bajdenove ere prema Srbiji kao \u0161amar, s obzirom na to da su dve dr\u017eave bile saveznice u oba svetska rata.<\/p>\n<p>List navodi da je to o\u0161tar kontrast u odnosu na 28. jul 1918. godine, kada je ameri\u010dki predsednik Vudro Vilson naredio da se zastava Srbije zavijori nad Belom ku\u0107om u znak solidarnosti Amerikanaca sa srpskim narodom tokom Prvog svetskog rata.<\/p>\n<h1>Gde je Bajden pao, tamo je Tramp uspeo<\/h1>\n<p>Do danas je samo \u0161a\u010dica zemalja imala tu \u010dast, isti\u010de &#8222;Vol stirt interne\u0161enal&#8220;.<\/p>\n<div class=\"mceNonEditable pluginContainer imagePlugin image-safe fullWidth\" data-image-id=\"303136\">\n<figure class=\"editorPlugin\" title=\"D\u017eo Bajden\" data-media=\"\/resources\/images\/0000\/303\/136\/b1_400x0.jpg\" data-media440=\"\/resources\/images\/0000\/303\/136\/b1_450x0.jpg\" data-media900=\"\/resources\/images\/0000\/303\/136\/b1_1000x0.jpg\"><img loading=\"lazy\" decoding=\"async\" class=\"editorPlugin\" src=\"https:\/\/www.alo.rs\/resources\/images\/0000\/303\/136\/b1_1000x0.jpg\" alt=\"D\u017eo Bajden\" width=\"1000\" height=\"666\" \/><\/figure>\n<p><span class=\"mceEditable image-plugin-description\">D\u017eo Bajden, Foto: Tanjug\/AP<\/span><\/div>\n<p>Tamo gde Bajden nije uspeo kod nekih Srba, ameri\u010dki predsednik Donald Tramp je uspeo kod drugih, isti\u010de list i dodaje da se posle 2008. godine, kada je srpska pokrajina Kosovo i Metohija jednostrano proglasila nezavisnost, stvorio zastoj izme\u0111u Srbije i njene odmetnute provincije, koji je prekinut pregovorima koje je Tramp vodio u Beloj ku\u0107i.<\/p>\n<p>U vezi sa zna\u010dajnim i brzim ponovnim o\u017eivljavanjem odnosa izme\u0111u Sjedinjenih Ameri\u010dkih Dr\u017eava i Srbije, neki Srbi se pitaju da li je Tramp predsednik za njih.<\/p>\n<p>Od velikog zna\u010daja za srpsko-ameri\u010dke gra\u0111ane jeste to \u0161to je u sporazumu istaknuta obaveza za\u0161tite i promovisanja slobode veroispovesti, uklju\u010duju\u0107i obnovljenu me\u0111uversku komunikaciju i za\u0161titu verskih objekata.<\/p>\n<h1>Kosovski Albanci uni\u0161tavali sve srpsko<\/h1>\n<p>Magazin &#8222;Volstrit interne\u0161enal&#8220; navodi da su mnogi njihovi sunarodnici bili svedoci plja\u010dkanja srpskih verskih mesta i skrnavljenja pravoslavnih hri\u0161\u0107anskih groblja.<\/p>\n<p>Prema Me\u0111unarodnom centru za tranzicionu pravdu, kosovski Albanci su uni\u0161tili 155 srpskih pravoslavnih crkava i manastira izme\u0111u juna 1999. i marta 2004. godine, isti\u010de list.<\/p>\n<div class=\"mceNonEditable pluginContainer imagePlugin image-safe fullWidth\" data-image-id=\"232619\">\n<figure class=\"editorPlugin\" title=\"Pri\u0161tina, Albanci, Kosovo \" data-media=\"\/resources\/images\/0000\/232\/619\/NATO samit01 EPA_400x0.jpg\" data-media440=\"\/resources\/images\/0000\/232\/619\/NATO samit01 EPA_450x0.jpg\" data-media900=\"\/resources\/images\/0000\/232\/619\/NATO samit01 EPA_1000x0.jpg\"><img loading=\"lazy\" decoding=\"async\" class=\"editorPlugin\" src=\"https:\/\/www.alo.rs\/resources\/images\/0000\/232\/619\/NATO samit01 EPA_1000x0.jpg\" alt=\"Pri\u0161tina, Albanci, Kosovo \" width=\"1000\" height=\"666\" \/><\/figure>\n<p><span class=\"mceEditable image-plugin-description\">Pri\u0161tina, Albanci, Kosovo , Foto: EPA<\/span><\/div>\n<p>Direktorka strate\u0161kog partnerstva humanitarne organizacije &#8222;28. jun&#8220; Ana Petronijevi\u0107, koja je fotografisana u Beogradu s Trampovom najmla\u0111om k\u0107erkom Tifani, izjavila je za list da bi ose\u0107aji koji se odnose na Kosovo mogli biti vodilja glasova mnogih Srba na birali\u0161tima.<\/p>\n<p>Predsednik &#8222;28. juna&#8220; Filip Filipi sla\u017ee se sa Petronijevi\u0107evom i isti\u010de da se srpsko-ameri\u010dki gra\u0111ani izuzetno dobro se\u0107aju bombardovanja njihove domovine 1999. godine i nesankcionisane agresije koju su favorizovali politi\u010dari sa obe strane, uklju\u010duju\u0107i u to vreme i D\u017eoa Bajdena.<\/p>\n<p>U polarizovanoj trci, gde \u0107e se ra\u010dunati svaki glas, za mnoge od 750.000 srpsko-ameri\u010dkih gra\u0111ana u Sjedinjenim Ameri\u010dkim Dr\u017eavama, izbor koji \u0107e imati 3. novembra nesumnjivo \u0107e biti te\u017eak, zaklju\u010duje list.<\/p>\n<\/div>\n","protected":false},"excerpt":{"rendered":"<p>UTOR: Tanjug; D.K. DATUM I VREME: 20.10.2020. 13:43 Naslovna pri\u010da ameri\u010dkog magazina &#8222;Volstrit interne\u0161enal&#8220; govori o 750.000 ameri\u010dkih gra\u0111ana srpskog porekla, koji \u017eive u klju\u010dnim i prelomnim dr\u017eavama po predstoje\u0107e izbore, uklju\u010duju\u0107i Arizonu, Ohajo, Mi\u010digen, Viskonsin, Floridu i Pensilvaniju, kao i o tome kako bi njihovi glasovi mogli biti presudni na ovim izborima. Aleksandar Vu\u010di\u0107, [&hellip;]<\/p>\n","protected":false},"author":2,"featured_media":0,"comment_status":"open","ping_status":"open","sticky":false,"template":"","format":"standard","meta":{"footnotes":""},"categories":[1],"tags":[],"_links":{"self":[{"href":"https:\/\/srcekrajine.org\/index.php?rest_route=\/wp\/v2\/posts\/23308"}],"collection":[{"href":"https:\/\/srcekrajine.org\/index.php?rest_route=\/wp\/v2\/posts"}],"about":[{"href":"https:\/\/srcekrajine.org\/index.php?rest_route=\/wp\/v2\/types\/post"}],"author":[{"embeddable":true,"href":"https:\/\/srcekrajine.org\/index.php?rest_route=\/wp\/v2\/users\/2"}],"replies":[{"embeddable":true,"href":"https:\/\/srcekrajine.org\/index.php?rest_route=%2Fwp%2Fv2%2Fcomments&post=23308"}],"version-history":[{"count":1,"href":"https:\/\/srcekrajine.org\/index.php?rest_route=\/wp\/v2\/posts\/23308\/revisions"}],"predecessor-version":[{"id":23309,"href":"https:\/\/srcekrajine.org\/index.php?rest_route=\/wp\/v2\/posts\/23308\/revisions\/23309"}],"wp:attachment":[{"href":"https:\/\/srcekrajine.org\/index.php?rest_route=%2Fwp%2Fv2%2Fmedia&parent=23308"}],"wp:term":[{"taxonomy":"category","embeddable":true,"href":"https:\/\/srcekrajine.org\/index.php?rest_route=%2Fwp%2Fv2%2Fcategories&post=23308"},{"taxonomy":"post_tag","embeddable":true,"href":"https:\/\/srcekrajine.org\/index.php?rest_route=%2Fwp%2Fv2%2Ftags&post=23308"}],"curies":[{"name":"wp","href":"https:\/\/api.w.org\/{rel}","templated":true}]}}