{"id":23429,"date":"2020-11-14T14:00:42","date_gmt":"2020-11-14T13:00:42","guid":{"rendered":"https:\/\/srcekrajine.org\/?p=23429"},"modified":"2020-11-14T14:09:41","modified_gmt":"2020-11-14T13:09:41","slug":"ranjeni-smo-u-srce-i-ostavljeni-sami","status":"publish","type":"post","link":"https:\/\/srcekrajine.org\/?p=23429","title":{"rendered":"RANjENI SMO U SRCE I OSTAVLjENI SAMI"},"content":{"rendered":"<div class=\"\">\n<p class=\"news-author\">Novosti onlajn<\/p>\n<p class=\"date-published\">14. 11. 2020. u 13:15<\/p>\n<\/div>\n<h4>Na veliku \u017ealost, Kraji\u0161nici vas razumiju i suosje\u0107aju sa vama, jer smo i sami pro\u0161li takav put. . .Nek vas Bog dragi \u010duva. . .SK.org<\/h4>\n<h2 class=\"news-title mb-3 order-2\">Na licima Jermena nemo\u0107, o\u010daj i bes nakon gubitka teritorije &#8211; pale ku\u0107e i be\u017ee!<\/h2>\n<section class=\"single-news-header mb-2\">\n<figure class=\"single-news-lead-img img-placeholder size-16-9\"><img decoding=\"async\" title=\"\u0420\u0410\u040a\u0415\u041d\u0418 \u0421\u041c\u041e \u0423 \u0421\u0420\u0426\u0415 \u0418 \u041e\u0421\u0422\u0410\u0412\u0409\u0415\u041d\u0418 \u0421\u0410\u041c\u0418: \u041d\u0430 \u043b\u0438\u0446\u0438\u043c\u0430 \u0408\u0435\u0440\u043c\u0435\u043d\u0430 \u043d\u0435\u043c\u043e\u045b, \u043e\u0447\u0430\u0458 \u0438 \u0431\u0435\u0441 \u043d\u0430\u043a\u043e\u043d \u0433\u0443\u0431\u0438\u0442\u043a\u0430 \u0442\u0435\u0440\u0438\u0442\u043e\u0440\u0438\u0458\u0435 - \u043f\u0430\u043b\u0435 \u043a\u0443\u045b\u0435 \u0438 \u0431\u0435\u0436\u0435!\" src=\"https:\/\/www.novosti.rs\/data\/images\/2020-11-14\/38346_w-56496003_f.jpg?ts=1605357139\" alt=\"\u0420\u0410\u040a\u0415\u041d\u0418 \u0421\u041c\u041e \u0423 \u0421\u0420\u0426\u0415 \u0418 \u041e\u0421\u0422\u0410\u0412\u0409\u0415\u041d\u0418 \u0421\u0410\u041c\u0418: \u041d\u0430 \u043b\u0438\u0446\u0438\u043c\u0430 \u0408\u0435\u0440\u043c\u0435\u043d\u0430 \u043d\u0435\u043c\u043e\u045b, \u043e\u0447\u0430\u0458 \u0438 \u0431\u0435\u0441 \u043d\u0430\u043a\u043e\u043d \u0433\u0443\u0431\u0438\u0442\u043a\u0430 \u0442\u0435\u0440\u0438\u0442\u043e\u0440\u0438\u0458\u0435 - \u043f\u0430\u043b\u0435 \u043a\u0443\u045b\u0435 \u0438 \u0431\u0435\u0436\u0435!\" \/><\/p>\n<p class=\"image-source\">Foto: EPA<\/p>\n<\/figure>\n<h3 class=\"news-description mb-0\" data-category=\"#051259\"><span style=\"color: #000080;\">VIDEO-BIM na kome su neprekidno prikazivani snimci jeremenskih vojnika kako se bore u Nagorno-Karabahu uklonjen je brzo i tiho. U utorak ujutro objavljena je vest o mirovnom sporazumu kojim su veliki delovi spornog regiona predati Azerbejd\u017eanu. Ubrzo potom, medije su obi\u0161li snimci kako Jermeni koji \u017eive u gradu Karva\u010dar u Nagorno-Karabahu pale svoje ku\u0107e i be\u017ee.<\/span><\/h3>\n<\/section>\n<p><!--more--><\/p>\n<div class=\"single-page-wrapper\">\n<section class=\"single-news-content pb-2\">Gra\u0111ani Jermene duboko su pogo\u0111eni ve\u0161\u0107u o mirovnom sporazumu, a nakon prvog \u0161oka usledili su neverica, o\u010daj, bespomo\u0107nost i gnev.<\/p>\n<div class=\"embed-responsive\" data-socialembed=\"twitter\">\n<div class=\"twitter-tweet twitter-tweet-rendered\"><iframe id=\"twitter-widget-0\" class=\"\" title=\"Twitter Tweet\" src=\"https:\/\/platform.twitter.com\/embed\/index.html?creatorScreenName=Novostionline&amp;dnt=false&amp;embedId=twitter-widget-0&amp;frame=false&amp;hideCard=false&amp;hideThread=false&amp;id=1326977139170799621&amp;lang=sr&amp;origin=https%3A%2F%2Fwww.novosti.rs%2Fplaneta%2Fsvet%2F935589%2Franjeni-smo-srce-ostavljeni-sami-licima-jermena-nemoc-ocaj-bes-nakon-gubitka-teritorije-pale-kuce-beze&amp;siteScreenName=Novostionline&amp;theme=light&amp;widgetsVersion=ed20a2b%3A1601588405575&amp;width=550px\" frameborder=\"0\" scrolling=\"no\" allowfullscreen=\"allowfullscreen\" data-tweet-id=\"1326977139170799621\" data-mce-fragment=\"1\"><\/iframe><\/div>\n<div>\n<p><strong>&#8222;Slomljeni&#8220;<\/strong><\/p>\n<p>&#8211; Jermeni su slomljeni, jo\u0161 su na nogama, ali su nokautirani &#8211; ka\u017ee za AFP D\u017eeni, studentkinja, koja je duboko potresena zbog gubitka teritorije u Nagorno-Karabahu, regionu Azerbejd\u017eana koji su etni\u010dki Jermeni zauzeli u ratu devedesetih godina pro\u0161log veka.<\/p>\n<p>&#8211; Pora\u017eeni smo, a ono \u0161to se dogodilo mnogo je gore od vojnog poraza. Ovo zna\u010di gubitak na\u0161e istorije, kulture, na\u0161e du\u0161e, a da ne govorimo o uzaludnom \u017ertvovanju hiljada na\u0161ih ljudi, koji su ranjeni ili ubijeni &#8211; dodaje D\u017eeni, koja bi volela \u201eda se probudi iz ovog ru\u017enog sna\u201c.<\/p>\n<div class=\"banner w-100 pt-1 pt-md-0 mb-1 text-center\">\n<div class=\"container text-center\">\n<div id=\"InText_1\"><\/div>\n<\/div>\n<\/div>\n<div class=\"banner w-100 pt-1 pt-md-0 mb-1 text-center\">\n<div class=\"container text-center\">\n<div id=\"m.InText_1\"><strong><span class=\"text-uppercase\">POGLEDAJ GALERIJU<\/span><\/strong><\/div>\n<\/div>\n<\/div>\n<div class=\"gallery-wrapper\">\n<figure class=\"position-relative mb-0\"><img decoding=\"async\" src=\"https:\/\/www.novosti.rs\/data\/images\/2020-11-14\/38347_w-56496004_f.jpg\" alt=\"\" \/><\/p>\n<p class=\"image-source\">Foto: \u0424\u043e\u0442\u043e: \u0415\u041f\u0410<\/p>\n<\/figure>\n<\/div>\n<p>Za umetnika Tenija Vardanjana ono \u0161to se desilo je \u201eu\u017easna katastrofa, koju nismo mogli da zamislimo ni u najstra\u0161nijim snovima\u201c. Premijer Nikol Pa\u0161injan uporno pravda odluku koju opisuje kao \u201eneizrecivo bolnu\u201c, ali dodaje da nije bilo izbora, jer je \u010dak i vojska, suo\u010dena sa porazom, tra\u017eila da se sukob okon\u010da.<\/p>\n<p>Gnev zbog neo\u010dekivanog razvoja doga\u0111aja ljudi su pokazali na ulici. U utorak u ranim jutarnjim satima nekoliko stotina demonstranata napalo je zgrade vlade i parlamenta, progla\u0161avaju\u0107i Pa\u0161injana \u201eizdajnikom\u201c, a nekoliko hiljada ljudi u sredu demonstriralo je u Jerevanu. Me\u0111utim, najvi\u0161e je onih koji su u \u0161oku.<\/p>\n<p>&#8211; Ranjeni smo u srce &#8211; ka\u017ee novinar Arman, opisuju\u0107i nevericu koju su njegovi najmiliji pokazali u prvi mah. Svaka porodica u Jerevanu ima brata, ro\u0111aka ili prijatelja na frontu, to je glavna tema svih razgovora u duboko patriotskoj zemlji burne istorije, koja obuhvata masovna ubistva Jermena za vreme Osmanskog carstva i u Prvom svetskom ratu.<\/p>\n<p>U poslednjih nekoliko nedelja ljudi su stalno dobijali deli\u0107e uznemiruju\u0107ih vesti preko telefona, na primer, o broju \u017ertava na dnevnom nivou, ili snimke napada azerbejd\u017eanskih dronova kako uni\u0161tavaju oklopna vozila i ubijaju vojnike u rovovima. Pad \u0160u\u0161ija (azerb. \u0160u\u0161a), drugog po veli\u010dini grada u Nagirno-Karabahu, koji ima kako simboli\u010dki, tako i strate\u0161ki zna\u010daj, nagovestio je kraj.<\/p>\n<p><strong>Ponovo sami<\/strong><\/p>\n<p>Atmosfera kakava je vladala na po\u010detku rata pre \u0161est nedelja odavno je pro\u0161la. Tada su se dobrovoljci prijavljivali za front, dok su drugi prikupljali novac i ode\u0107u. Narod se okupljao da bi pevao u slavu \u201eArcaha\u201c, kako Jermeni zovu Nagorno-Karabah, a vojska je izdavala saop\u0161tenja o pobedama. Sada su od svega ostale samo zastave istaknute na prozorima i uli\u010dnim svetiljkama.<\/p>\n<p>D\u017eeni priznaje da Pa\u0161injan nije imao mnogo izbora.<\/p>\n<p>&#8211; Spasao je \u017eivote i ono \u0161to je jo\u0161 moglo da se spase u Nagorno-Karabahu &#8211; ka\u017ee ona, a njeno mi\u0161ljenje dele i mnogi drugi u Jerevanu.<\/p>\n<p><strong><span class=\"text-uppercase\">POGLEDAJ GALERIJU<\/span><\/strong><\/p>\n<div class=\"gallery-wrapper\">\n<figure class=\"position-relative mb-0\"><img decoding=\"async\" src=\"https:\/\/www.novosti.rs\/data\/images\/2020-11-14\/38343_w-56495257_f.jpg\" alt=\"\" \/><\/p>\n<p class=\"image-source\">Foto: \u0424\u043e\u0442\u043e: \u0415\u041f\u0410<\/p>\n<\/figure>\n<\/div>\n<p>Tako\u0111e ukazuje na to da je u prekidu vatre posredovala Rusija, saveznik Jermenije. Uprkos tome, sporazum daje povoda za zabrinutost: \u0161ta \u0107e biti s manastirima u regionu? Kako \u0107e Jeremeni \u017eiveti u miru u Nagorno-Karabahu, sa azerbejd\u017eanskom vojskom u blizini?<\/p>\n<p>&#8211; Da je u pitanju drugi protivnik, mo\u017eda bismo i mogli da verujemo u mir. Ali ne verujemo Azerbejd\u017eanu &#8211; ka\u017ee vojnik koji je \u017eeleo da ostane anoniman.<\/p>\n<p>Narod je ljut na me\u0111unarodnu zajednicu.<\/p>\n<p>&#8211; Svet ni\u0161ta nije u\u010dinio za nas, samo su pri\u010dali. Istorija je jo\u0161 jednom pokazala da smo, suo\u010deni s na\u0161im neprijateljima, sami, beznade\u017eno sami &#8211; rekla je jedna \u017eena.<\/p>\n<\/div>\n<\/div>\n<\/section>\n<\/div>\n","protected":false},"excerpt":{"rendered":"<p>Novosti onlajn 14. 11. 2020. u 13:15 Na veliku \u017ealost, Kraji\u0161nici vas razumiju i suosje\u0107aju sa vama, jer smo i sami pro\u0161li takav put. . .Nek vas Bog dragi \u010duva. . .SK.org Na licima Jermena nemo\u0107, o\u010daj i bes nakon gubitka teritorije &#8211; pale ku\u0107e i be\u017ee! Foto: EPA VIDEO-BIM na kome su neprekidno prikazivani [&hellip;]<\/p>\n","protected":false},"author":2,"featured_media":0,"comment_status":"open","ping_status":"open","sticky":false,"template":"","format":"standard","meta":{"footnotes":""},"categories":[1],"tags":[],"_links":{"self":[{"href":"https:\/\/srcekrajine.org\/index.php?rest_route=\/wp\/v2\/posts\/23429"}],"collection":[{"href":"https:\/\/srcekrajine.org\/index.php?rest_route=\/wp\/v2\/posts"}],"about":[{"href":"https:\/\/srcekrajine.org\/index.php?rest_route=\/wp\/v2\/types\/post"}],"author":[{"embeddable":true,"href":"https:\/\/srcekrajine.org\/index.php?rest_route=\/wp\/v2\/users\/2"}],"replies":[{"embeddable":true,"href":"https:\/\/srcekrajine.org\/index.php?rest_route=%2Fwp%2Fv2%2Fcomments&post=23429"}],"version-history":[{"count":3,"href":"https:\/\/srcekrajine.org\/index.php?rest_route=\/wp\/v2\/posts\/23429\/revisions"}],"predecessor-version":[{"id":23432,"href":"https:\/\/srcekrajine.org\/index.php?rest_route=\/wp\/v2\/posts\/23429\/revisions\/23432"}],"wp:attachment":[{"href":"https:\/\/srcekrajine.org\/index.php?rest_route=%2Fwp%2Fv2%2Fmedia&parent=23429"}],"wp:term":[{"taxonomy":"category","embeddable":true,"href":"https:\/\/srcekrajine.org\/index.php?rest_route=%2Fwp%2Fv2%2Fcategories&post=23429"},{"taxonomy":"post_tag","embeddable":true,"href":"https:\/\/srcekrajine.org\/index.php?rest_route=%2Fwp%2Fv2%2Ftags&post=23429"}],"curies":[{"name":"wp","href":"https:\/\/api.w.org\/{rel}","templated":true}]}}