{"id":23457,"date":"2020-11-25T16:01:16","date_gmt":"2020-11-25T15:01:16","guid":{"rendered":"https:\/\/srcekrajine.org\/?p=23457"},"modified":"2020-12-09T14:43:29","modified_gmt":"2020-12-09T13:43:29","slug":"zasto-drzave-sute-zasto-vlade-sute-zasto-svi-sute","status":"publish","type":"post","link":"https:\/\/srcekrajine.org\/?p=23457","title":{"rendered":"ZA\u0160TO DR\u017dAVE \u0160UTE . . . ZA\u0160TO VLADE \u0160UTE . . .ZA\u0160TO SVI \u0160UTE . . ."},"content":{"rendered":"<p><span style=\"color: #000080;\"><strong>SK.org &#8211; 25.11.2020<\/strong><\/span><\/p>\n<p>Za\u0161to dr\u017eave i vlade \u0161ute ?<\/p>\n<p>Za\u0161to vojni vrh \u0161uti ? Dva penzionisana pilota izvr\u0161ila samoubistva .<\/p>\n<p>Za\u0161to ?<\/p>\n<p><iframe loading=\"lazy\" title=\"KO SA BATAJNICE VOZI AVIONE KOJI NAS UBIJAJU?  Nikola Aleksi\u0107\" width=\"500\" height=\"281\" src=\"https:\/\/www.youtube.com\/embed\/xr0H1OplStE?feature=oembed\" frameborder=\"0\" allow=\"accelerometer; autoplay; clipboard-write; encrypted-media; gyroscope; picture-in-picture; web-share\" referrerpolicy=\"strict-origin-when-cross-origin\" allowfullscreen><\/iframe><\/p>\n<p><!--more--><\/p>\n<p>Za\u0161to Vu\u010di\u0107 \u0161uti i ni\u0161ta ne poduzima ?Ili je mo\u017eda umjesan u ne\u010diste radnje ?<\/p>\n<p>Gradimo auto-puteve a Vojvodina bez pitke vode . . .<\/p>\n<p>\u0160ta se ovo zbiva ?<\/p>\n<p><iframe loading=\"lazy\" title=\"\u0414\u0440\u0430\u0433\u0430\u043d \u0412\u0443\u0458\u0438\u0447\u0438\u045b: \u041a\u043e\u0440\u043e\u043d\u0430 \u0432\u0438\u0448\u0435 \u043d\u0438\u0458\u0435 \u0437\u0430 \u043b\u0435\u043a\u0430\u0440\u0435, \u0432\u0435\u045b \u0437\u0430 \u043e\u0437\u0431\u0438\u0459\u043d\u0443 \u043a\u0440\u0438\u043c\u0438\u043d\u0430\u043b\u0438\u0441\u0442\u0438\u0447\u043a\u0443 \u0438\u0441\u0442\u0440\u0430\u0433\u0443\" width=\"500\" height=\"281\" src=\"https:\/\/www.youtube.com\/embed\/boK_L8EaNnk?feature=oembed\" frameborder=\"0\" allow=\"accelerometer; autoplay; clipboard-write; encrypted-media; gyroscope; picture-in-picture; web-share\" referrerpolicy=\"strict-origin-when-cross-origin\" allowfullscreen><\/iframe><\/p>\n<p>&nbsp;<\/p>\n","protected":false},"excerpt":{"rendered":"<p>SK.org &#8211; 25.11.2020 Za\u0161to dr\u017eave i vlade \u0161ute ? Za\u0161to vojni vrh \u0161uti ? Dva penzionisana pilota izvr\u0161ila samoubistva . Za\u0161to ?<\/p>\n","protected":false},"author":2,"featured_media":0,"comment_status":"open","ping_status":"open","sticky":false,"template":"","format":"standard","meta":{"footnotes":""},"categories":[1,12,33],"tags":[],"_links":{"self":[{"href":"https:\/\/srcekrajine.org\/index.php?rest_route=\/wp\/v2\/posts\/23457"}],"collection":[{"href":"https:\/\/srcekrajine.org\/index.php?rest_route=\/wp\/v2\/posts"}],"about":[{"href":"https:\/\/srcekrajine.org\/index.php?rest_route=\/wp\/v2\/types\/post"}],"author":[{"embeddable":true,"href":"https:\/\/srcekrajine.org\/index.php?rest_route=\/wp\/v2\/users\/2"}],"replies":[{"embeddable":true,"href":"https:\/\/srcekrajine.org\/index.php?rest_route=%2Fwp%2Fv2%2Fcomments&post=23457"}],"version-history":[{"count":1,"href":"https:\/\/srcekrajine.org\/index.php?rest_route=\/wp\/v2\/posts\/23457\/revisions"}],"predecessor-version":[{"id":23458,"href":"https:\/\/srcekrajine.org\/index.php?rest_route=\/wp\/v2\/posts\/23457\/revisions\/23458"}],"wp:attachment":[{"href":"https:\/\/srcekrajine.org\/index.php?rest_route=%2Fwp%2Fv2%2Fmedia&parent=23457"}],"wp:term":[{"taxonomy":"category","embeddable":true,"href":"https:\/\/srcekrajine.org\/index.php?rest_route=%2Fwp%2Fv2%2Fcategories&post=23457"},{"taxonomy":"post_tag","embeddable":true,"href":"https:\/\/srcekrajine.org\/index.php?rest_route=%2Fwp%2Fv2%2Ftags&post=23457"}],"curies":[{"name":"wp","href":"https:\/\/api.w.org\/{rel}","templated":true}]}}