{"id":23543,"date":"2020-12-29T15:05:15","date_gmt":"2020-12-29T14:05:15","guid":{"rendered":"https:\/\/srcekrajine.org\/?p=23543"},"modified":"2020-12-29T15:34:17","modified_gmt":"2020-12-29T14:34:17","slug":"srbija-spremna-da-pomogne-hrvatskoj","status":"publish","type":"post","link":"https:\/\/srcekrajine.org\/?p=23543","title":{"rendered":"Srbija spremna da pomogne Hrvatskoj"},"content":{"rendered":"<section class=\"single-news-header mb-2\">\n<figure>\n<div class=\"\">\n<p class=\"news-author\">Tanjug<\/p>\n<p class=\"date-published\">29. 12. 2020. u 13:59<\/p>\n<\/div>\n<\/figure>\n<figure class=\"single-news-lead-img img-placeholder size-16-9\"><img decoding=\"async\" title=\"\u0412\u0423\u0427\u0418\u040b \u041f\u041e\u0420\u0423\u0427\u0418\u041e: \u0421\u0440\u0431\u0438\u0458\u0430 \u0441\u043f\u0440\u0435\u043c\u043d\u0430 \u0434\u0430 \u043f\u043e\u043c\u043e\u0433\u043d\u0435 \u0425\u0440\u0432\u0430\u0442\u0441\u043a\u043e\u0458\" src=\"https:\/\/www.novosti.rs\/data\/images\/2020-12-09\/45730_capture_f.jpg?ts=1609247186\" alt=\"\u0412\u0423\u0427\u0418\u040b \u041f\u041e\u0420\u0423\u0427\u0418\u041e: \u0421\u0440\u0431\u0438\u0458\u0430 \u0441\u043f\u0440\u0435\u043c\u043d\u0430 \u0434\u0430 \u043f\u043e\u043c\u043e\u0433\u043d\u0435 \u0425\u0440\u0432\u0430\u0442\u0441\u043a\u043e\u0458\" \/>Foto: Printskrin<\/figure>\n<h3 class=\"news-description mb-0\" data-category=\"#051259\">PREDSEDNIK Srbije Aleksandar Vu\u010di\u0107 rekao je da je Srbija spremna da pomogne Hrvatskoj, i tehni\u010dki i finansijski, i da se nada da je zemljotres pro\u0161ao uz minimalne \u017ertve.<\/h3>\n<\/section>\n<p><!--more--><\/p>\n<div class=\"single-page-wrapper\">\n<section class=\"single-news-content pb-2\">\u0084Spremni smo da pru\u017eimo svaku vrstu pomo\u0107i. \u017delim da se Hrvatska brzo oporavi, da brzo obnovi sve objekte\u0093 &#8211; naglasio je on.Vu\u010di\u0107 je rekao da ako bilo \u0161ta mo\u017ee Srbija da pomogne to \u0107e uraditi.<\/p>\n<p>\u0084Veoma mi je \u017eao i spremni smo da pru\u017eimo svaku vrstu tehni\u010dke i finansijske pomo\u0107i\u0093 &#8211; dodao je on.<\/p>\n<\/section>\n<\/div>\n","protected":false},"excerpt":{"rendered":"<p>Tanjug 29. 12. 2020. u 13:59 Foto: Printskrin PREDSEDNIK Srbije Aleksandar Vu\u010di\u0107 rekao je da je Srbija spremna da pomogne Hrvatskoj, i tehni\u010dki i finansijski, i da se nada da je zemljotres pro\u0161ao uz minimalne \u017ertve.<\/p>\n","protected":false},"author":2,"featured_media":0,"comment_status":"open","ping_status":"open","sticky":false,"template":"","format":"standard","meta":{"footnotes":""},"categories":[32],"tags":[],"_links":{"self":[{"href":"https:\/\/srcekrajine.org\/index.php?rest_route=\/wp\/v2\/posts\/23543"}],"collection":[{"href":"https:\/\/srcekrajine.org\/index.php?rest_route=\/wp\/v2\/posts"}],"about":[{"href":"https:\/\/srcekrajine.org\/index.php?rest_route=\/wp\/v2\/types\/post"}],"author":[{"embeddable":true,"href":"https:\/\/srcekrajine.org\/index.php?rest_route=\/wp\/v2\/users\/2"}],"replies":[{"embeddable":true,"href":"https:\/\/srcekrajine.org\/index.php?rest_route=%2Fwp%2Fv2%2Fcomments&post=23543"}],"version-history":[{"count":2,"href":"https:\/\/srcekrajine.org\/index.php?rest_route=\/wp\/v2\/posts\/23543\/revisions"}],"predecessor-version":[{"id":23550,"href":"https:\/\/srcekrajine.org\/index.php?rest_route=\/wp\/v2\/posts\/23543\/revisions\/23550"}],"wp:attachment":[{"href":"https:\/\/srcekrajine.org\/index.php?rest_route=%2Fwp%2Fv2%2Fmedia&parent=23543"}],"wp:term":[{"taxonomy":"category","embeddable":true,"href":"https:\/\/srcekrajine.org\/index.php?rest_route=%2Fwp%2Fv2%2Fcategories&post=23543"},{"taxonomy":"post_tag","embeddable":true,"href":"https:\/\/srcekrajine.org\/index.php?rest_route=%2Fwp%2Fv2%2Ftags&post=23543"}],"curies":[{"name":"wp","href":"https:\/\/api.w.org\/{rel}","templated":true}]}}