{"id":23578,"date":"2021-01-18T12:58:40","date_gmt":"2021-01-18T11:58:40","guid":{"rendered":"https:\/\/srcekrajine.org\/?p=23578"},"modified":"2021-01-18T12:58:52","modified_gmt":"2021-01-18T11:58:52","slug":"preziveli-smo-strahote-rata-i-ovu-cemo-muku-pobediti","status":"publish","type":"post","link":"https:\/\/srcekrajine.org\/?p=23578","title":{"rendered":"Pre\u017eiveli smo strahote rata, i ovu \u0107emo muku pobediti"},"content":{"rendered":"<div class=\"col-12 col-lg-9 page-content-inner\">\n<div class=\"single-news\" data-category=\"#051259\" data-news-id=\"955663\">\n<section class=\"single-news-header mb-2\">\n<figure>\n<div class=\"\">\n<p class=\"news-author\">Sr\u0111an MI\u0160LjENOVI\u0106 \/ 18. 01. 2021. u 12:00<\/p>\n<\/div>\n<\/figure>\n<figure class=\"single-news-lead-img img-placeholder size-16-9\"><img decoding=\"async\" title=\"\u201c\u041d\u041e\u0412\u041e\u0421\u0422\u0418\u201d \u0421\u0410 \u0421\u0420\u0411\u0418\u041c\u0410 \u0423 \u041a\u041e\u0421\u0422\u0410\u0408\u041d\u0418\u0426\u0418: \u041f\u0440\u0435\u0436\u0438\u0432\u0435\u043b\u0438 \u0441\u043c\u043e \u0441\u0442\u0440\u0430\u0445\u043e\u0442\u0435 \u0440\u0430\u0442\u0430, \u0438 \u043e\u0432\u0443 \u045b\u0435\u043c\u043e \u043c\u0443\u043a\u0443 \u043f\u043e\u0431\u0435\u0434\u0438\u0442\u0438\" src=\"https:\/\/www.novosti.rs\/data\/images\/2021-01-17\/56903_radovan-trivundza-3_f.jpg?ts=1610915521\" alt=\"\u201c\u041d\u041e\u0412\u041e\u0421\u0422\u0418\u201d \u0421\u0410 \u0421\u0420\u0411\u0418\u041c\u0410 \u0423 \u041a\u041e\u0421\u0422\u0410\u0408\u041d\u0418\u0426\u0418: \u041f\u0440\u0435\u0436\u0438\u0432\u0435\u043b\u0438 \u0441\u043c\u043e \u0441\u0442\u0440\u0430\u0445\u043e\u0442\u0435 \u0440\u0430\u0442\u0430, \u0438 \u043e\u0432\u0443 \u045b\u0435\u043c\u043e \u043c\u0443\u043a\u0443 \u043f\u043e\u0431\u0435\u0434\u0438\u0442\u0438\" \/><\/p>\n<p class=\"image-source\"><strong>TAJ 29. decembar pro\u0161le godine osta\u0107e crnim slovima upisan u istoriju op\u0161tine Kostajnica, u Republici Srpskoj. Zemljotres koji je pogodio susednu Petrinju, u Hrvatskoj, udaljenu oko tridesetak kilometara, uni\u0161tio je u Kostajnici stotine objekata. Zvani\u010dno, oko 600 objekata je pretrpelo \u0161tetu, a 45 ku\u0107a mora biti \u0161to pre sru\u0161eno jer je \u0161teta totalna.<\/strong><\/p>\n<p><!--more--><\/figure>\n<\/section>\n<div class=\"single-page-wrapper\">\n<section class=\"single-news-content pb-2\">\n<div class=\"banner w-100 mb-1 mb-lg-2 banner-p-2\">\n<div class=\"container text-center\">\n<div id=\"leaderboard_top\">Stotine ljudi su napustile ku\u0107e i nalaze se kod rodbine i prijatelja. Na prvi pogled kada se u\u0111e u grad, osim nekoliko \u017eutih traka oko nekoliko ku\u0107a i nekoliko, golim okom vidljivih o\u0161te\u0107enja na zidovima, nisu pravi dokaz u\u017easa koji su pro\u017eiveli me\u0161tani Kostajnice. Na njihovim licima, dok razgovaraju sa reporterima &#8222;Novosti&#8220;, vide se gr\u010d i strah. I sam prolazak kamiona i stvaranje buke odmah bude asocijaciju na zemljotres.<\/div>\n<\/div>\n<\/div>\n<p>&#8211; Mnoge ku\u0107e u Kostajnici jo\u0161 su \u010ditave i nisu se sru\u0161ile jer ih dr\u017ee fasade. U samom gradu mo\u017ee\u0161 videti samo nekolicinu dimnjaka, svi ostali su poru\u0161eni &#8211; po\u010dinju pri\u010du porodice \u010dije su ku\u0107e totalno uni\u0161tene.<\/p>\n<p>Me\u0111u njima su i Trivund\u017ee i Samci. Ostali bez ku\u0107a. Novi dom su im kontejneri&#8230;<\/p>\n<p>&#8211; Pre dve godine smo kupili ku\u0107u. Podigli kredite i supruga i \u0107erka i ja. Sada, dve godine kasnije, imam ru\u0161evinu u centru grada, koja ne znam ni sam kako jo\u0161 stoji &#8211; govori nam Goran Samac.<\/p>\n<p>U ku\u0107i &#8211; popucali svi zidovi. O\u0161te\u0107enja vidljiva na zidovima u svim sobama. Popucali i nose\u0107i zidovi. \u017duta traka je oko ku\u0107e, uz natpis za ru\u0161enje objekta.<\/p>\n<p>&#8211; Umesto toplog doma, sada boravimo u kontejneru. Tamo smo sme\u0161teni supruga i ja. \u0106erka radi u Novom Gradu, pa nam je lak\u0161e bar zbog nje. Nadam se da \u0107emo \u0161to pre ponovo biti u svojoj ku\u0107i &#8211; pri\u010da Goran.<\/p>\n<p>Porodica Radovana Trivund\u017ee, nakon golgote i izbegli\u0161tva iz Hrvatske, skrasila se u Kostajnici. Menjali su za to vreme desetak ku\u0107a, sve dok pro\u0161le godine nisu kupili svoju. Na ku\u0107u su stavili novu stolariju. Spremili se da na prole\u0107e urade i fasadu.<\/p>\n<p>&#8211; Sve je sru\u0161eno! Na ku\u0107i je ostala samo nova stolarija. Nema \u010ditavog zida. U trenutku zemljotresa u ku\u0107i su bili \u017eena Radojka, sin Dalibor i majka mi Radenka. Ni oni sami ne znaju kako su uspeli da pobegnu &#8211; ka\u017ee Radovan.<\/p>\n<div class=\"gallery-wrapper\">\n<figure class=\"position-relative mb-0\"><img decoding=\"async\" src=\"https:\/\/www.novosti.rs\/data\/images\/2021-01-17\/56902_radovan-trivundza-2_f.jpg\" alt=\"\" \/><\/p>\n<p class=\"image-source\">\u041c\u0435\u0448\u0442\u0430\u043d\u0438 \u043e\u0432\u0435 \u0432\u0430\u0440\u043e\u0448\u0438\u0446\u0435 \u0437\u0430\u0431\u0440\u0438\u043d\u0443\u0442\u0438 \u0437\u0431\u043e\u0433 \u043f\u0430\u043d\u0434\u0435\u043c\u0438\u0458\u0435 \u0438 \u043f\u043e\u0442\u0440\u0435\u0441\u0430Foto: \u0424\u043e\u0442\u043e \u0421. \u041c\u0438\u0448\u0459\u0435\u043d\u043e\u0432\u0438\u045b<\/p>\n<\/figure>\n<p class=\"display-gallery d-flex align-items-center \"><span class=\"text-uppercase\">POGLEDAJ GALERIJU<\/span><\/p>\n<\/div>\n<p>&#8211; Pre\u017eiveli smo sve, pa i ovo \u0107emo, ali da je te\u0161ko, jeste. Bi\u0107emo sada neko vreme u kontejneru &#8211; ka\u017ee Radojka.<\/p>\n<p>Od tog 29. decembra sve no\u0107i su neprespavane za novog na\u010delnika Kostajnice Nikolu Janjetovi\u0107a:<\/p>\n<p>&#8211; \u0160teta je ogromna. Jo\u0161 se utvr\u0111uje ta\u010dno stanje. I zgrada op\u0161tine ima ogromna o\u0161te\u0107enja. Popucala je na svakom spratu, ali \u0161ta je tu je, moramo sad podi\u0107i na\u0161 grad &#8211; isti\u010de na\u010delnik Nikola.<\/p>\n<p>U zemljotresu su o\u0161te\u0107eni i objekat srednje \u0161kole, vrti\u0107a i parohijski dom. Zgrada parohijskog doma je stara 140 godina i izdr\u017eala je mnoga te\u0161ka vremena, ali zemljotres je naneo ogromnu \u0161tetu u unutra\u0161njosti. Petar Makari\u0107, kostajni\u010dki paroh, ka\u017ee da ostaje sa popadijom u parohijskom domu i sa narodom.<\/p>\n<p>&#8211; Zavladala je apatija me\u0111u ljudima. Veliki strah je prisutan. Ipak, nadamo se uz Bo\u017eju volju i dobre ljude, da \u0107emo prevazi\u0107i i ova te\u0161ka vremena &#8211; govori nam paroh Petar.<\/p>\n<p>Ovda\u0161nji omiljeni glas, Marija Adamovi\u0107, urednica i voditelj na Radio Kostajnici, ka\u017ee da i nakon dvadeset dana od zemljotresa jo\u0161 uvek ose\u0107a strah \u010dim \u010duje neku buku.<\/p>\n<p>&#8211; Kada je zemljotres zaljuljao, sve je popucalo u na\u0161em studiju. Sru\u0161ili se i antena i dimnjak &#8211; prise\u0107a se Marija.<\/p>\n<p>Dva dana je trebalo ekipi sa radija da se ponovo uspostavi program. Prvo javljanje imala je ba\u0161 Marija. &#8222;Zadovoljstvo mi je \u0161to sam opet sa vama&#8220;, rekla je i briznula u pla\u010d u \u017eivom programu Marija Adamovi\u0107.<\/p>\n<p>&#8211; Ba\u0161 mi je bilo te\u0161ko u tom trenutku. Mnogo lo\u0161ih stvari je ovaj narod pregurao, pa sad i zemljotres na sve muke &#8211; ka\u017ee Marija.<\/p>\n<p>Tlo se jo\u0161 ne smiruje, gra\u0111ani su bili na novim mukama 6, 9, pa 15. januara, kad je zemljotres ponovo ja\u010de &#8222;udario&#8220; na Petrinju&#8230;<\/p>\n<\/section>\n<\/div>\n<\/div>\n<\/div>\n<p>&nbsp;<\/p>\n","protected":false},"excerpt":{"rendered":"<p>Sr\u0111an MI\u0160LjENOVI\u0106 \/ 18. 01. 2021. u 12:00 TAJ 29. decembar pro\u0161le godine osta\u0107e crnim slovima upisan u istoriju op\u0161tine Kostajnica, u Republici Srpskoj. Zemljotres koji je pogodio susednu Petrinju, u Hrvatskoj, udaljenu oko tridesetak kilometara, uni\u0161tio je u Kostajnici stotine objekata. Zvani\u010dno, oko 600 objekata je pretrpelo \u0161tetu, a 45 ku\u0107a mora biti \u0161to [&hellip;]<\/p>\n","protected":false},"author":2,"featured_media":0,"comment_status":"open","ping_status":"open","sticky":false,"template":"","format":"standard","meta":{"footnotes":""},"categories":[39,26],"tags":[],"_links":{"self":[{"href":"https:\/\/srcekrajine.org\/index.php?rest_route=\/wp\/v2\/posts\/23578"}],"collection":[{"href":"https:\/\/srcekrajine.org\/index.php?rest_route=\/wp\/v2\/posts"}],"about":[{"href":"https:\/\/srcekrajine.org\/index.php?rest_route=\/wp\/v2\/types\/post"}],"author":[{"embeddable":true,"href":"https:\/\/srcekrajine.org\/index.php?rest_route=\/wp\/v2\/users\/2"}],"replies":[{"embeddable":true,"href":"https:\/\/srcekrajine.org\/index.php?rest_route=%2Fwp%2Fv2%2Fcomments&post=23578"}],"version-history":[{"count":1,"href":"https:\/\/srcekrajine.org\/index.php?rest_route=\/wp\/v2\/posts\/23578\/revisions"}],"predecessor-version":[{"id":23579,"href":"https:\/\/srcekrajine.org\/index.php?rest_route=\/wp\/v2\/posts\/23578\/revisions\/23579"}],"wp:attachment":[{"href":"https:\/\/srcekrajine.org\/index.php?rest_route=%2Fwp%2Fv2%2Fmedia&parent=23578"}],"wp:term":[{"taxonomy":"category","embeddable":true,"href":"https:\/\/srcekrajine.org\/index.php?rest_route=%2Fwp%2Fv2%2Fcategories&post=23578"},{"taxonomy":"post_tag","embeddable":true,"href":"https:\/\/srcekrajine.org\/index.php?rest_route=%2Fwp%2Fv2%2Ftags&post=23578"}],"curies":[{"name":"wp","href":"https:\/\/api.w.org\/{rel}","templated":true}]}}