{"id":23580,"date":"2021-01-18T13:52:36","date_gmt":"2021-01-18T12:52:36","guid":{"rendered":"https:\/\/srcekrajine.org\/?p=23580"},"modified":"2021-01-18T13:52:36","modified_gmt":"2021-01-18T12:52:36","slug":"povodom-optuzbi-za-zlostavljanje-upucenih-miroslavu-aleksicu","status":"publish","type":"post","link":"https:\/\/srcekrajine.org\/?p=23580","title":{"rendered":"Povodom optu\u017ebi za zlostavljanje upu\u0107enih Miroslavu Aleksi\u0107u"},"content":{"rendered":"<div class=\"\">\n<p class=\"news-author\">Novosti online \/ 18. 01. 2021. u 11:55<\/p>\n<\/div>\n<div class=\"row\">\n<div class=\"col-12 col-lg-9 page-content-inner\">\n<div class=\"single-news\" data-category=\"#051259\" data-news-id=\"955794\">\n<section class=\"single-news-header mb-2\">\n<figure class=\"single-news-lead-img img-placeholder size-16-9\"><img decoding=\"async\" title=\"\u0421\u0410 \u0424\u0414\u0423 \u041f\u041e\u0421\u041b\u0410\u041b\u0418 \u041f\u0418\u0421\u041c\u041e \u0408\u0410\u0412\u041d\u041e\u0421\u0422\u0418: \u0415\u0432\u043e \u0448\u0442\u0430 \u0441\u0443 \u0440\u0435\u043a\u043b\u0438 \u043f\u043e\u0432\u043e\u0434\u043e\u043c \u043e\u043f\u0442\u0443\u0436\u0431\u0438 \u0437\u0430 \u0437\u043b\u043e\u0441\u0442\u0430\u0432\u0459\u0430\u045a\u0435 \u0443\u043f\u0443\u045b\u0435\u043d\u0438\u0445 \u041c\u0438\u0440\u043e\u0441\u043b\u0430\u0432\u0443 \u0410\u043b\u0435\u043a\u0441\u0438\u045b\u0443\" src=\"https:\/\/www.novosti.rs\/data\/images\/2021-01-17\/56814_233_f.jpg?ts=1610967537\" alt=\"\u0421\u0410 \u0424\u0414\u0423 \u041f\u041e\u0421\u041b\u0410\u041b\u0418 \u041f\u0418\u0421\u041c\u041e \u0408\u0410\u0412\u041d\u041e\u0421\u0422\u0418: \u0415\u0432\u043e \u0448\u0442\u0430 \u0441\u0443 \u0440\u0435\u043a\u043b\u0438 \u043f\u043e\u0432\u043e\u0434\u043e\u043c \u043e\u043f\u0442\u0443\u0436\u0431\u0438 \u0437\u0430 \u0437\u043b\u043e\u0441\u0442\u0430\u0432\u0459\u0430\u045a\u0435 \u0443\u043f\u0443\u045b\u0435\u043d\u0438\u0445 \u041c\u0438\u0440\u043e\u0441\u043b\u0430\u0432\u0443 \u0410\u043b\u0435\u043a\u0441\u0438\u045b\u0443\" \/><\/p>\n<h3 class=\"news-description mb-0\" data-category=\"#051259\">FAKULTET Dramsih umetnosti oglasio se povodom navoda glumice Milene Radulovi\u0107 da je bila \u017ertva nasilja i seksualnog uznemiravanja od strane u\u010ditelja glume Miroslava Aleksi\u0107a.<\/h3>\n<p><!--more--><\/figure>\n<\/section>\n<div class=\"single-page-wrapper\">\n<section class=\"single-news-content pb-2\"><strong>Njihovo saop\u0161tenje prenosimo u celosti.<\/strong><\/p>\n<p>Fakultet dramskih umetnosti, bezrezervno i odlu\u010dno, pru\u017ea podr\u0161ku mladoj glumici i nekada\u0161njoj studentkinji na\u0161e \u0161kole, Mileni Radulovi\u0107, u njenoj borbi da se svaki oblik seksualnog zlostavljanja i uznemiravanja procesuira i kazni na adekvatni na\u010din.<\/p>\n<p>Neophodno je da razumemo koliko je te\u0161ko progovoriti o ovakvom problemu, posebno iz pozicije \u017ertve. Zato smo ponosni \u0161to je na\u0161a biv\u0161a studentkinja imala snage da otvoreno i direktno progovori o tome i podeli svoje dramati\u010dno iskustvo, \u010dime ohrabruje i osna\u017euje sve one koji su bili izlo\u017eeni razli\u010ditim oblicima seksualnog zlostavljanja, uznemiravanja i nasilja da o tome progovore.<\/p>\n<div class=\"recommended-news mb-2\">\n<div class=\"row bg-light py-1 py-lg-2\">\n<div class=\"col-12 col-sm-6 mb-0 mb-sm-2\">\n<article class=\"news-item pb-1 mb-1\" data-category=\"#ED2324\"><a class=\"news-item-img mb-1 img-placeholder size-16-9\" title=\"OGLASILA SE BOJANA MALjEVI\u0106: Evo \u0161ta je rekla o svom prijatelju Miki Aleksi\u0107u (FOTO)\" href=\"https:\/\/www.novosti.rs\/vesti\/drustvo\/955675\/oglasila-bojana-maljevic-evo-sta-rekla-svom-prijatelju-miki-aleksicu-foto\"> <img decoding=\"async\" title=\"OGLASILA SE BOJANA MALjEVI\u0106: Evo \u0161ta je rekla o svom prijatelju Miki Aleksi\u0107u (FOTO)\" src=\"https:\/\/www.novosti.rs\/data\/images\/2020-12-19\/48749_supernova-02102019-0010_t.jpg?ts=1610917144\" alt=\"OGLASILA SE BOJANA MALjEVI\u0106: Evo \u0161ta je rekla o svom prijatelju Miki Aleksi\u0107u (FOTO)\" \/> <\/a><\/p>\n<div class=\"news-item-data\">\n<h3 class=\"news-item-title mb-0\"><a class=\"d-block\" title=\"OGLASILA SE BOJANA MALjEVI\u0106: Evo \u0161ta je rekla o svom prijatelju Miki Aleksi\u0107u (FOTO)\" href=\"https:\/\/www.novosti.rs\/vesti\/drustvo\/955675\/oglasila-bojana-maljevic-evo-sta-rekla-svom-prijatelju-miki-aleksicu-foto\"> OGLASILA SE BOJANA MALjEVI\u0106: Evo \u0161ta je rekla o svom prijatelju Miki Aleksi\u0107u (FOTO) <\/a><\/h3>\n<\/div>\n<\/article>\n<\/div>\n<div class=\"col-12 col-sm-6 mb-0 mb-sm-2\">\n<article class=\"news-item pb-1 mb-1\" data-category=\"#ED2324\"><a class=\"news-item-img mb-1 img-placeholder size-16-9\" title=\"SRAMOTAN TVIT REDITELjA: Dragojevi\u0107u za silovanje Milene krivo - srpsko dru\u0161tvo?!\" href=\"https:\/\/www.novosti.rs\/vesti\/drustvo\/955568\/sramotan-tvit-reditelja-dragojevicu-silovanje-milene-krivo-srpsko-drustvo\"> <img decoding=\"async\" title=\"SRAMOTAN TVIT REDITELjA: Dragojevi\u0107u za silovanje Milene krivo - srpsko dru\u0161tvo?!\" src=\"https:\/\/www.novosti.rs\/data\/images\/2021-01-17\/56808_srdjandragojevic27052015-4-_t.jpg?ts=1610910711\" alt=\"SRAMOTAN TVIT REDITELjA: Dragojevi\u0107u za silovanje Milene krivo - srpsko dru\u0161tvo?!\" \/> <\/a><\/p>\n<div class=\"news-item-data\">\n<h3 class=\"news-item-title mb-0\"><a class=\"d-block\" title=\"SRAMOTAN TVIT REDITELjA: Dragojevi\u0107u za silovanje Milene krivo - srpsko dru\u0161tvo?!\" href=\"https:\/\/www.novosti.rs\/vesti\/drustvo\/955568\/sramotan-tvit-reditelja-dragojevicu-silovanje-milene-krivo-srpsko-drustvo\"> SRAMOTAN TVIT REDITELjA: Dragojevi\u0107u za silovanje Milene krivo &#8211; srpsko dru\u0161tvo?! <\/a><\/h3>\n<\/div>\n<\/article>\n<\/div>\n<div class=\"col-12 col-sm-6 mb-0 mb-sm-2\">\n<article class=\"news-item pb-1 mb-1\" data-category=\"#ED2324\"><a class=\"news-item-img mb-1 img-placeholder size-16-9\" title=\"STARIJI PONOVO NA KOMBINOVANOJ NASTAVI: Po\u010dinje drugo polugodi\u0161te po modelu iz septembra\" href=\"https:\/\/www.novosti.rs\/vesti\/drustvo\/955685\/stariji-ponovo-kombinovanoj-nastavi-pocinje-drugo-polugodiste-modelu-septembra\"> <img decoding=\"async\" title=\"STARIJI PONOVO NA KOMBINOVANOJ NASTAVI: Po\u010dinje drugo polugodi\u0161te po modelu iz septembra\" src=\"https:\/\/www.novosti.rs\/data\/images\/2020-10-26\/33188_italija-rim-srednjaskola-nastava-ucionica-ucenici-djaci-ilustracija08092020-1-_t.jpg?ts=1610918418\" alt=\"STARIJI PONOVO NA KOMBINOVANOJ NASTAVI: Po\u010dinje drugo polugodi\u0161te po modelu iz septembra\" \/> <\/a><\/p>\n<div class=\"news-item-data\">\n<h3 class=\"news-item-title mb-0\"><a class=\"d-block\" title=\"STARIJI PONOVO NA KOMBINOVANOJ NASTAVI: Po\u010dinje drugo polugodi\u0161te po modelu iz septembra\" href=\"https:\/\/www.novosti.rs\/vesti\/drustvo\/955685\/stariji-ponovo-kombinovanoj-nastavi-pocinje-drugo-polugodiste-modelu-septembra\"> STARIJI PONOVO NA KOMBINOVANOJ NASTAVI: Po\u010dinje drugo polugodi\u0161te po modelu iz septembra <\/a><\/h3>\n<\/div>\n<\/article>\n<\/div>\n<div class=\"col-12 col-sm-6 mb-0 mb-sm-2\">\n<article class=\"news-item pb-1 mb-1\" data-category=\"#ED2324\"><a class=\"news-item-img mb-1 img-placeholder size-16-9\" title=\"DANAS PO\u010cINjE \u0160KOLA: Evo kakva pravila va\u017ee u drugom polugodi\u0161tu - ko prati nastavu od ku\u0107e, a ko iz u\u010dionice?\" href=\"https:\/\/www.novosti.rs\/vesti\/drustvo\/955727\/danas-pocinje-skola-evo-kakva-pravila-vaze-drugom-polugodistu-prati-nastavu-kuce-ucionice\"> <img decoding=\"async\" title=\"DANAS PO\u010cINjE \u0160KOLA: Evo kakva pravila va\u017ee u drugom polugodi\u0161tu - ko prati nastavu od ku\u0107e, a ko iz u\u010dionice?\" src=\"https:\/\/www.novosti.rs\/data\/images\/2021-01-18\/56954_skola-9_t.jpg?ts=1610956038\" alt=\"DANAS PO\u010cINjE \u0160KOLA: Evo kakva pravila va\u017ee u drugom polugodi\u0161tu - ko prati nastavu od ku\u0107e, a ko iz u\u010dionice?\" \/> <\/a><\/p>\n<div class=\"news-item-data\">\n<h3 class=\"news-item-title mb-0\"><a class=\"d-block\" title=\"DANAS PO\u010cINjE \u0160KOLA: Evo kakva pravila va\u017ee u drugom polugodi\u0161tu - ko prati nastavu od ku\u0107e, a ko iz u\u010dionice?\" href=\"https:\/\/www.novosti.rs\/vesti\/drustvo\/955727\/danas-pocinje-skola-evo-kakva-pravila-vaze-drugom-polugodistu-prati-nastavu-kuce-ucionice\"> DANAS PO\u010cINjE \u0160KOLA: Evo kakva pravila va\u017ee u drugom polugodi\u0161tu &#8211; ko prati nastavu od ku\u0107e, a ko iz u\u010dionice? <\/a><\/h3>\n<\/div>\n<\/article>\n<\/div>\n<\/div>\n<\/div>\n<p>\u017delimo da podsetimo da Miroslav Aleksic\u0301 nikada nije radio na Fakultetu dramskih umetnosti, niti je na bilo koji na\u010din bio uklju\u010den u procese edukacije i rada sa na\u0161im studentima i studentkinjama. Njegove radionice poha\u0111ala su i deca koja nisu nastavila sa obrazovanjem u polju glume i dramskih umetnosti. Ovo je va\u017eno naglasiti zato \u0161to je problem seksualnog zlostavljanja i zloupotrebe pozicije mo\u0107i problem ne jedne struke, ve\u0107 mo\u017ee biti prisutno u bilo kojoj dru\u0161tvenoj i profesionalnoj strukturi, dok je krivica za svaki \u010din pojedina\u010dna i isklju\u010divo na po\u010diniocu.<\/p>\n<p>Fakultet dramskih umetnosti se, tokom vi\u0161e od 70 godina rada, trudio da studentima i studentkinjama stvori siguran, podr\u017eavaju\u0107i prostor za njihovo obrazovanje, usavr\u0161avanje, li\u010dno i umetni\u010dko sazrevanje. Bezbednost, po\u0161tovanje i li\u010dni integritet su vrednosti koje bez izuzetka moramo da garantujemo na\u0161im studentima i studentkinjama. Uprava fakulteta ima stalnu komunikaciju sa predstavnicima Studentskog parlamenta i sigurni smo da \u0107e studenti i studentkinje, ukoliko ose\u0107aju da su izlo\u017eeni bilo kakvom obliku psiholo\u0161kog, verbalnog ili fizi\u010dkog uznemiravanja tokom rada na Fakultetu, to odmah prijaviti nadle\u017enim slu\u017ebama kako bi, po hitnom postupku, svako odstupanje od o\u010dekivanih normi i profesionalnih standarda bilo sankcionisano.<\/p>\n<p><strong>Za sada takvih prijava nije bilo.<\/strong><\/p>\n<p>Od nadle\u017enih slu\u017ebi o\u010dekujemo efikasnu reakciju koja \u0107e spre\u010diti da se sli\u010dne radnje ponove na nekim novim \u017ertvama, kao \u0161to o\u010dekujemo da po\u010dinioci budu adekvatno procesuirani i ka\u017enjeni.<\/p>\n<p>Fakultet dramskih umetnosti podse\u0107a i na to da \u0107e tokom narednih dana na\u010din izve\u0161tavanja medija o ovom i sli\u010dnim slu\u010dajevima biti od ogromne va\u017enosti. Zato na njih apelujemo da profesionalnim, proverenim i odgovornim sadr\u017eajima, te isklju\u010divo oslanjanjem na \u010dinjenice onemogu\u0107e sekundarnu viktimizaciju \u017ertava, kao i kolektivizaciju krivice i neosnovane povrede integriteta i profesionalnog ugleda pojedinaca koji su posredno ili neposredno povezani sa ovim slu\u010dajem.<\/p>\n<p>Imamo potpuno poverenje u istra\u017ene organe i verujemo da \u0107e svoj posao obaviti krajnje profesionalno, u \u0161to kra\u0107em vremenu.<\/p>\n<p><strong>Ovim povodom oglasio se i Studentski\u00a0parlament\u00a0FDU.<\/strong><\/p>\n<p>&#8211; Studentski parlament Fakulteta dramskih umetnosti pru\u017ea potpunu podr\u0161ku Mileni Radulovi\u0107, koja je u broju Blica za 16. januar 2021. godine iznela ispovest o zlostavljanju i seksualnom nasilju koje je nad njom i nad drugim devoj\u010dicama godinama sprovodio Miroslav Mika Aleksi\u0107, vlasnik i u\u010ditelj privatne \u0161kole glume. Podr\u017eavamo i saose\u0107amo se sa svim devojkama koje su pretrpele seksualno nasilje i seksualno uznemiravanje i beskompromisno stojimo uz njih u njihovoj hrabroj borbi za pravdu.<\/p>\n<p>&#8211; Smatramo da je \u010din silovanja i svakog drugog seksualnog zlostavljanja i uznemiravanja potpuno neprihvatljiv u svakom smislu. Kada je re\u010d o institucijama kao \u0161to je ova, najbitnije je da u nju imamo poverenje. O\u010dekujemo i zahtevamo da ovakav zlo\u010din &#8211; psihi\u010dko i seksualno zlostavljanje, silovanje i zloupotreba polo\u017eaja budu najo\u0161trije ka\u017enjeni &#8211; navode iz parlamenta.<\/p>\n<p>&#8211; \u017delimo da damo do znanja svim devojkama koje su pro\u017eivele ovakvo iskustvo da svi \u010dlanovi studentskog parlamenta \u017eele da pomognu i pru\u017ee podr\u0161ku, uz garanciju na\u0161e apsolutne diskretnosti, te da nam se slobodno obrate. Znamo koliko je te\u0161ko iza\u0107i u javnost i svedo\u010diti o ovakvom nasilju kada su u pitanju ugledne li\u010dnosti koje su nam pritom bile i va\u017ene mentorske figure u koje smo mi, na\u0161i roditelji i okolina imali poverenje. Zato se divimo snazi, hrabrosti i odlu\u010dnosti Milene Radulovi\u0107 i svih drugih devojaka i \u017eena koje su istupile u ovoj borbi i zahvaljujemo im se \u0161to su to u\u010dinile za bezbednost sve druge dece. Ova borba je ve\u0107a od svih nas, predstavlja vid pravde i daje primer svima &#8211; dodaje se u pismu podr\u0161ke Studentskog parlamenta FDU.<\/p>\n<\/section>\n<\/div>\n<\/div>\n<\/div>\n<\/div>\n","protected":false},"excerpt":{"rendered":"<p>Novosti online \/ 18. 01. 2021. u 11:55 FAKULTET Dramsih umetnosti oglasio se povodom navoda glumice Milene Radulovi\u0107 da je bila \u017ertva nasilja i seksualnog uznemiravanja od strane u\u010ditelja glume Miroslava Aleksi\u0107a.<\/p>\n","protected":false},"author":2,"featured_media":0,"comment_status":"open","ping_status":"open","sticky":false,"template":"","format":"standard","meta":{"footnotes":""},"categories":[1,12,32],"tags":[],"_links":{"self":[{"href":"https:\/\/srcekrajine.org\/index.php?rest_route=\/wp\/v2\/posts\/23580"}],"collection":[{"href":"https:\/\/srcekrajine.org\/index.php?rest_route=\/wp\/v2\/posts"}],"about":[{"href":"https:\/\/srcekrajine.org\/index.php?rest_route=\/wp\/v2\/types\/post"}],"author":[{"embeddable":true,"href":"https:\/\/srcekrajine.org\/index.php?rest_route=\/wp\/v2\/users\/2"}],"replies":[{"embeddable":true,"href":"https:\/\/srcekrajine.org\/index.php?rest_route=%2Fwp%2Fv2%2Fcomments&post=23580"}],"version-history":[{"count":1,"href":"https:\/\/srcekrajine.org\/index.php?rest_route=\/wp\/v2\/posts\/23580\/revisions"}],"predecessor-version":[{"id":23581,"href":"https:\/\/srcekrajine.org\/index.php?rest_route=\/wp\/v2\/posts\/23580\/revisions\/23581"}],"wp:attachment":[{"href":"https:\/\/srcekrajine.org\/index.php?rest_route=%2Fwp%2Fv2%2Fmedia&parent=23580"}],"wp:term":[{"taxonomy":"category","embeddable":true,"href":"https:\/\/srcekrajine.org\/index.php?rest_route=%2Fwp%2Fv2%2Fcategories&post=23580"},{"taxonomy":"post_tag","embeddable":true,"href":"https:\/\/srcekrajine.org\/index.php?rest_route=%2Fwp%2Fv2%2Ftags&post=23580"}],"curies":[{"name":"wp","href":"https:\/\/api.w.org\/{rel}","templated":true}]}}