{"id":23612,"date":"2021-02-01T14:58:47","date_gmt":"2021-02-01T13:58:47","guid":{"rendered":"https:\/\/srcekrajine.org\/?p=23612"},"modified":"2021-02-01T15:07:27","modified_gmt":"2021-02-01T14:07:27","slug":"nonin-beogradski-poljubac","status":"publish","type":"post","link":"https:\/\/srcekrajine.org\/?p=23612","title":{"rendered":"Nonin beogradski poljubac"},"content":{"rendered":"<p>AUTOR: <span class=\"article-author\">Alo.rs\/Rudan.info\/S.R.<\/span><\/p>\n<p class=\"lead mtb20\"><strong>Hrvatska spisateljica Vedrana Rudan objavila je na svom blogu da se vakcinisala u Srbiji<\/strong><\/p>\n<div id=\"newsContent\" class=\"m-top20 twelvecol\">\n<div class=\"mceNonEditable pluginContainer imagePlugin image-safe fullWidth\" data-image-id=\"221194\">\n<figure class=\"editorPlugin\" title=\"Vedrana Rudan\" data-media=\"\/resources\/images\/0000\/221\/194\/Screenshot_1_400x0.png\" data-media440=\"\/resources\/images\/0000\/221\/194\/Screenshot_1_450x0.png\" data-media900=\"\/resources\/images\/0000\/221\/194\/Screenshot_1_1000x0.png\"><img decoding=\"async\" class=\"editorPlugin\" src=\"https:\/\/www.alo.rs\/resources\/images\/0000\/221\/194\/Screenshot_1_1000x0.png\" alt=\"Vedrana Rudan\" \/><\/figure>\n<p><em><span class=\"mceEditable image-plugin-description\">Vedrana Rudan, Foto: PrintScreen<\/span><\/em><\/p>\n<\/div>\n<p><strong>Njen tekst prenosimo u celosti:<\/strong><\/p>\n<p>Zaklju\u010dana sam ve\u0107 mesecima, ovo malo dana \u0161to mi je preostalo tro\u0161ila sam na \u010dekanje cepiva. Unuka ne smem poljubiti ni preko maske. \u010cekala sam, \u010dekala i \u010dekala.<\/p>\n<p><!--more--><\/p>\n<p>Nazvala je na\u0161a beogradska prijateljica Tanja. Rekla mi je da ja kao \u201eumetnica\u201c kojoj se igra predstava u Beogradu i autorka mnogih knjiga objavljenih u Srbiji imam pravo na cepivo protiv korone. \u201eKad dolazite?\u201c Lu\u0111i predlog u \u017eivotu nisam \u010dula. Ipak, zahvalila sam Tanji kao da je \u017eena normalna.<\/p>\n<p>Kako joj mo\u017ee pasti na pamet da Evropljanima nudi cepivo na Balkanu? U zemlji koju jedan od na\u0161ih najpoznatijih kolumnista zove \u201eposlovi\u010dno dobro organizovanom\u201c s naglaskom na navodnicima? Ej, Tanja? Hrvatska je Evropa, mi nismo \u201eposlovi\u010dno dobro organizovani\u201c, mi smo poslovi\u010dno, dobro organizovani. Volim Tanju iako je, sirota, slepa pored zdravih o\u010diju.<\/p>\n<p>Kad\u2026 Nema cepiva za Evropu. Njeni su vo\u0111e otkrili ne\u0161to neverovatno. Cepivo je roba koja \u017eivot zna\u010di, dobi\u0107e je ko da vi\u0161e. Na primer Izrael. Na primer Amerika. I Ma\u0111arska. A Ma\u0111arska u EU?!<\/p>\n<p>Shvatila sam. Mo\u0107i \u0107u birati izme\u0111u smrti od korone i do\u017eivotnog zatvora. \u201eLjubavi\u201c, rekla sam mu\u017eu, nekako stidljivo i nekako s nelagodom, \u201ea da nazove\u0161 Tanju\u2026\u201c<\/p>\n<p>Oti\u0161li smo na testiranje, dobili potvrdu da nismo bolesni, seli u auto i krenuli u avanturu. U hotel smo u\u0161li s maskom na licu, svi oko nas su je nosili. No\u0107 je bila ko\u0161mar. Ho\u0107emo li zaista dobiti cepivo? Nazvala sam prijateljicu, ro\u0111enu Rije\u010danku koja godinama \u017eivi u Beogradu. Objasnila nam je da se vakcinisala i ona i svi oko nje. Mo\u017ee se vakcinisati ko god ho\u0107e, ljudima preko mobilnog telefona javljaju termin i mesto vakcinisanja.<\/p>\n<p>Idu\u0107eg jutra smo u pratnji gospo\u0111e koja nas je pratila na vakcinisanje saznali da u Srbiji imaju prednost stariji ljudi, lekari, vojska, policija, novinari i umetnici. Za\u0161to umetnici? Zato jer je umetnost hrana za du\u0161u ili tako nekako. Dodu\u0161e, rekla nam je onako usput, ve\u0107 je vakcinisano 4000\u00a0ljudi, mo\u017ee se i birati cepivo. Kinesko, rusko,\u00a0Fajzer\u00a0i jo\u0161 neko, zaboravila sam mu ime.<\/p>\n<p>\u0106utali smo. \u0160to je ovo? U Srbiji \u0161vedski sto pun cepiva?<\/p>\n<div class=\"\">\n<p class=\"news-author\">\n<\/div>\n<div class=\"col-12 col-lg-9 page-content-inner\">\n<div class=\"single-news\" data-category=\"#051259\" data-news-id=\"960453\">\n<section class=\"single-news-header mb-2\">\n<figure class=\"single-news-lead-img img-placeholder size-16-9\"><img decoding=\"async\" title=\"\u0412\u0415\u0414\u0420\u0410\u041d\u0410 \u0420\u0423\u0414\u0410\u041d \u0412\u0410\u041a\u0426\u0418\u041d\u0418\u0421\u0410\u041d\u0410 \u0423 \u0411\u0415\u041e\u0413\u0420\u0410\u0414\u0423! \u0428\u0442\u0430 \u0458\u0435 \u043e\u0432\u043e, \u0443 \u0421\u0440\u0431\u0438\u0458\u0438 \u0448\u0432\u0435\u0434\u0441\u043a\u0438 \u0441\u0442\u043e \u043a\u0440\u0446\u0430\u0442 \u0446\u0435\u043f\u0438\u0432\u0438\u043c\u0430? \u0410 \u0425\u0440\u0432\u0430\u0442\u0441\u043a\u0430 \u0441\u0435\u0434\u0438...\" src=\"https:\/\/www.novosti.rs\/data\/images\/2021-02-01\/61459_asd_f.jpg?ts=1612187613\" alt=\"\u0412\u0415\u0414\u0420\u0410\u041d\u0410 \u0420\u0423\u0414\u0410\u041d \u0412\u0410\u041a\u0426\u0418\u041d\u0418\u0421\u0410\u041d\u0410 \u0423 \u0411\u0415\u041e\u0413\u0420\u0410\u0414\u0423! \u0428\u0442\u0430 \u0458\u0435 \u043e\u0432\u043e, \u0443 \u0421\u0440\u0431\u0438\u0458\u0438 \u0448\u0432\u0435\u0434\u0441\u043a\u0438 \u0441\u0442\u043e \u043a\u0440\u0446\u0430\u0442 \u0446\u0435\u043f\u0438\u0432\u0438\u043c\u0430? \u0410 \u0425\u0440\u0432\u0430\u0442\u0441\u043a\u0430 \u0441\u0435\u0434\u0438...\" \/><\/figure>\n<\/section>\n<\/div>\n<\/div>\n<p>Odlu\u010dili smo se za Sinofarm, kinesko cepivo. Svetski geneti\u010dar Miroslav Radman nedavno je izjavio da veruje u \u201estara\u201c cepiva, i on bi se za njega odlu\u010dio. U telo ti uvale mrtvi virus. Bo\u010dicu ne treba \u010duvati u fri\u017eideru na minus sedamdeset ili osamdeset.<\/p>\n<p>Vakcinisali smo se na Sajmi\u0161tu. Videli smo stotine maskiranih ljudi kako \u010dekaju u redu. Stekla sam utisak da svi misle kako je to normalno. Otkriti rame, primiti iglu u telo, sa\u010dekati petnaest minuta, za slu\u010daj, ne daj bo\u017ee, i oti\u0107i ku\u0107i. Lekari i lekarke ljubazni, sestre strpljive. Ubod jedva da sam osetila. Na povratku u hotel napravili smo test na koronu bez koga nam ulazak u Hrvatsku ne bi bio jednostavan. Nalaz smo dobili na mobilni telefon u roku od dva sata.<\/p>\n<p>Malo je re\u0107i da smo ludi od sre\u0107e pro\u0161etali Knez Mihajlovom. \u0160to je ovo? Kafi\u0107i? Kafi\u0107i! Otvoreni kafi\u0107i?! U\u0161li smo u jedan. Popili smo kafu kao ljudi nakon ko zna koliko vremena. Koji ose\u0107aj! Biti sa ljudima. U Srbiji nema vi\u0161e mrtvih zato jer se kafa pije tamo gde bi se trebala piti.<\/p>\n<p>Knez Mihajlovom kretale su se horde ljudi. Ve\u0107ina je nosila maske. Na prekrasnoj fasadi ugledali smo hrvatsko ime. Izlo\u017eba Vlahe Bukovca, \u201eSlikarstvo neprolazne lepote\u201c. U\u0161li smo nakon tre\u0107eg poku\u0161aja, zbog korone je broj posetilaca ograni\u010den. Ulaz besplatan, do\u017eivljaj neponovljiv. Izlo\u017ebu je ve\u0107 posetilo nekoliko hiljada ljudi.<\/p>\n<p>Sre\u0107a, sre\u0107a, sre\u0107a, sre\u0107a. A onda te uhvati neka tuga. Vrati\u0107emo se u zaklju\u010dani grad, u zaklju\u010danu zemlju, me\u0111u ljude koji su od svojih politi\u010dara i Evrope o\u010dekivali spas, a dobili\u2026<\/p>\n<p>Ovde u Hrvatskoj se za Srbiju ka\u017ee da \u201esedi na nekoliko stolica\u201c, \u201e\u0161uruje\u201c, govorim o cepivu, sa Kinezima, Rusima i svima od kojih mogu kupiti cepivo. Za razliku od Hrvatske koja ne \u201e\u0161uruje\u201c ni sa kim. Hrvatska ne sedi ni na jednoj stolici, Hrvatska sedi na guzici i uko\u010dena bulji \u010dekaju\u0107i milost svojih gospodara. Ovih je dana zapanjuju\u0107e jasno, uzalud.<\/p>\n<p>Za tri nedelje kre\u0107emo po drugu dozu. Opet \u0107emo slobodni piti kafu, me\u0111u neznancima ili sa prijateljima. Da je Vlaho Bukovac \u017eiv i on bi se cepio u Beogradu.<\/p>\n<p>Slinava sam? Ba\u0161 me briga. Ako do\u017eivim drugo cepivo, skinu\u0107u masku, poljubiti unuka i re\u0107i mu, ovo ti je nonin beogradski poljubac.<\/p>\n<\/div>\n","protected":false},"excerpt":{"rendered":"<p>AUTOR: Alo.rs\/Rudan.info\/S.R. Hrvatska spisateljica Vedrana Rudan objavila je na svom blogu da se vakcinisala u Srbiji Vedrana Rudan, Foto: PrintScreen Njen tekst prenosimo u celosti: Zaklju\u010dana sam ve\u0107 mesecima, ovo malo dana \u0161to mi je preostalo tro\u0161ila sam na \u010dekanje cepiva. Unuka ne smem poljubiti ni preko maske. \u010cekala sam, \u010dekala i \u010dekala.<\/p>\n","protected":false},"author":2,"featured_media":0,"comment_status":"open","ping_status":"open","sticky":false,"template":"","format":"standard","meta":{"footnotes":""},"categories":[1,32],"tags":[],"_links":{"self":[{"href":"https:\/\/srcekrajine.org\/index.php?rest_route=\/wp\/v2\/posts\/23612"}],"collection":[{"href":"https:\/\/srcekrajine.org\/index.php?rest_route=\/wp\/v2\/posts"}],"about":[{"href":"https:\/\/srcekrajine.org\/index.php?rest_route=\/wp\/v2\/types\/post"}],"author":[{"embeddable":true,"href":"https:\/\/srcekrajine.org\/index.php?rest_route=\/wp\/v2\/users\/2"}],"replies":[{"embeddable":true,"href":"https:\/\/srcekrajine.org\/index.php?rest_route=%2Fwp%2Fv2%2Fcomments&post=23612"}],"version-history":[{"count":3,"href":"https:\/\/srcekrajine.org\/index.php?rest_route=\/wp\/v2\/posts\/23612\/revisions"}],"predecessor-version":[{"id":23617,"href":"https:\/\/srcekrajine.org\/index.php?rest_route=\/wp\/v2\/posts\/23612\/revisions\/23617"}],"wp:attachment":[{"href":"https:\/\/srcekrajine.org\/index.php?rest_route=%2Fwp%2Fv2%2Fmedia&parent=23612"}],"wp:term":[{"taxonomy":"category","embeddable":true,"href":"https:\/\/srcekrajine.org\/index.php?rest_route=%2Fwp%2Fv2%2Fcategories&post=23612"},{"taxonomy":"post_tag","embeddable":true,"href":"https:\/\/srcekrajine.org\/index.php?rest_route=%2Fwp%2Fv2%2Ftags&post=23612"}],"curies":[{"name":"wp","href":"https:\/\/api.w.org\/{rel}","templated":true}]}}