{"id":23649,"date":"2021-02-18T19:40:14","date_gmt":"2021-02-18T18:40:14","guid":{"rendered":"https:\/\/srcekrajine.org\/?p=23649"},"modified":"2021-02-18T19:42:56","modified_gmt":"2021-02-18T18:42:56","slug":"novi-poglavar-spc-se-obratio-vernicima","status":"publish","type":"post","link":"https:\/\/srcekrajine.org\/?p=23649","title":{"rendered":"\u041d\u043e\u0432\u0438 \u043f\u043e\u0433\u043b\u0430\u0432\u0430\u0440 \u0421\u041f\u0426 \u0441\u0435 \u043e\u0431\u0440\u0430\u0442\u0438\u043e \u0432\u0435\u0440\u043d\u0438\u0446\u0438\u043c\u0430"},"content":{"rendered":"<div class=\"\">\n<p class=\"news-author\">Novosti online<\/p>\n<p class=\"date-published\">18. 02. 2021. \u0443 18:38<\/p>\n<\/div>\n<div class=\"col-12 col-lg-9 page-content-inner\">\n<div class=\"single-news\" data-category=\"#051259\" data-news-id=\"966419\">\n<section class=\"single-news-header mb-2\">\n<figure class=\"single-news-lead-img img-placeholder size-16-9\"><img decoding=\"async\" title=\"\u041f\u0420\u0412\u0410 \u0418\u0417\u0408\u0410\u0412\u0410 \u041f\u0410\u0422\u0420\u0418\u0408\u0410\u0420\u0425\u0410 \u041f\u041e\u0420\u0424\u0418\u0420\u0418\u0408\u0410: \u041d\u043e\u0432\u0438 \u043f\u043e\u0433\u043b\u0430\u0432\u0430\u0440 \u0421\u041f\u0426 \u0441\u0435 \u043e\u0431\u0440\u0430\u0442\u0438\u043e \u0432\u0435\u0440\u043d\u0438\u0446\u0438\u043c\u0430 (\u0412\u0418\u0414\u0415\u041e)\" src=\"https:\/\/www.novosti.rs\/data\/images\/2021-02-18\/66976_capture_f.jpg?ts=1613670097\" alt=\"\u041f\u0420\u0412\u0410 \u0418\u0417\u0408\u0410\u0412\u0410 \u041f\u0410\u0422\u0420\u0418\u0408\u0410\u0420\u0425\u0410 \u041f\u041e\u0420\u0424\u0418\u0420\u0418\u0408\u0410: \u041d\u043e\u0432\u0438 \u043f\u043e\u0433\u043b\u0430\u0432\u0430\u0440 \u0421\u041f\u0426 \u0441\u0435 \u043e\u0431\u0440\u0430\u0442\u0438\u043e \u0432\u0435\u0440\u043d\u0438\u0446\u0438\u043c\u0430 (\u0412\u0418\u0414\u0415\u041e)\" \/><\/p>\n<p class=\"image-source\">\u0424\u043e\u0442\u043e: \u0422\u0412 \u0425\u0440\u0430\u043c<\/p>\n<\/figure>\n<h2 class=\"news-description mb-0\" data-category=\"#051259\"><span style=\"color: #000080;\">\u041f\u0410\u0422\u0420\u0418\u0408\u0410\u0420\u0425 \u041f\u043e\u0440\u0444\u0438\u0440\u0438\u0458\u0435 \u043e\u0431\u0440\u0430\u0442\u0438\u043e \u0441\u0435 \u0432\u0435\u0440\u043d\u0438\u0446\u0438\u043c\u0430 \u043f\u0440\u0432\u0438 \u043f\u0443\u0442 \u043d\u0430\u043a\u043e\u043d \u0441\u0442\u0443\u043f\u0430\u045a\u0430 \u043d\u0430 \u043c\u0435\u0441\u0442\u043e \u043f\u043e\u0433\u043b\u0430\u0432\u0430\u0440\u0430 \u0421\u0440\u043f\u0441\u043a\u0435 \u043f\u0440\u0430\u0432\u043e\u0441\u043b\u0430\u0432\u0435 \u0446\u0440\u043a\u0432\u0435.<\/span><\/h2>\n<p><!--more--><\/p>\n<p><span style=\"color: #000080;\">Ro\u0111en je 22. jula 1961. godine u Be\u010deju. Prvo je od troje dece Radivoja i Radojke Peri\u0107, koji su se, posle Drugog svetskog rata, iz sela Osinje kraj Dervente u Bosni i Hercegovini doselili u Vojvodinu.<\/span><\/p>\n<p><span style=\"color: #000080;\">Na kr\u0161tenju je dobio ime Prvoslav. Osnovno\u0161kolsko obrazovanje stekao je u \u010curugu, a gimnaziju Jovan Jovanovi\u0107 Zmaj zavr\u0161io je u Novom Sadu 1980. godine.<\/span><\/p>\n<p><span style=\"color: #000080;\">Poha\u0111ao je studije arheologije na Filozofskom fakultetu Univerziteta u Beogradu. Ubrzo je po\u010deo da studira i na Bogoslovskom fakultetu Srpske Pravoslavne Crkve, na kojem je i diplomirao 1987. godine.<\/span><\/p>\n<p><span style=\"color: #000080;\">Pre toga zamona\u0161en je u manastiru De\u010dani,a po zavr\u0161etku fakulteta oti\u0161ao je na postdiplomske studije u Atinu gde je ostao do 1990. godine.<\/span><\/p>\n<p><span style=\"color: #000080;\">Po blagoslovu episkopa ba\u010dkog Irineja, 6. oktobra 1990, oti\u0161ao je u manastir Kovilj. Tamo je 21. novembra 1990. godine rukopolo\u017een u \u010din jeromonaha.<\/span><\/p>\n<p><span style=\"color: #000080;\">Sveti arhijerejski sabor Srpske pravoslavne crkve ga je na svom redovnom zasedanju 14. maja 1999. izabrao za vikarnog episkopa jegarskog pri Eparhiji ba\u010dkoj.<\/span><\/p>\n<p><span style=\"color: #000080;\">Odbranio je doktorsku disertaciju \u201cMogu\u0107nost poznanja Boga kod apostola Pavla po tuma\u010denju Svetog Jovana Zlatousta\u201d na Bogoslovskom fakultetu Univerziteta u Atini (2004).<\/span><\/p>\n<p><span style=\"color: #000080;\">Savet Republi\u010dke radiodifuzne agencije (RRA) ga je izabrao 29. jula 2008. za svog predsednika.<\/span><\/p>\n<p><span style=\"color: #000080;\">U periodu 2010\u20142011. bio je episkop vojni, a zatim koordinator za saradnju Srpske pravoslavne crkve i Vojske Srbije.<\/span><\/p>\n<p><span style=\"color: #000080;\">Sveti arhijerejski sabor Srpske pravoslavne crkve ga je na svom redovnom majskom zasedanju 24. maja 2014. izabrao za mitropolita zagreba\u010dko-ljubljanskog.<\/span><\/p>\n<\/section>\n<div class=\"single-page-wrapper\">\n<section class=\"single-news-content pb-2\">\n<div class=\"banner w-100 mb-1 mb-lg-2 banner-p-2\">\n<div class=\"container text-center\">\n<div id=\"m.box_1\">&#8211; \u0414\u0430\u043d\u0430\u0441 \u043f\u0440\u0438\u0437\u0438\u0432\u0430\u0458\u0443\u045b\u0438 \u0431\u043b\u0430\u0433\u043e\u0441\u043b\u043e\u0432 \u0411\u043e\u0436\u0438\u0458\u0438 \u043d\u0430 \u0441\u0432\u0443 \u0431\u0440\u0430\u045b\u0443 \u0438 \u0441\u0435\u0441\u0442\u0440\u0435, \u0434\u0435\u0446\u0443 \u043d\u0430\u0448\u0435 \u0441\u0432\u0435\u0442\u043e\u0441\u0430\u0432\u0441\u043a\u0435 \u0446\u0440\u043a\u0432\u0435 \u0438 \u043d\u0430 \u0441\u0432\u0435 \u0459\u0443\u0434\u0435 \u0434\u043e\u0431\u0440\u0435 \u0432\u043e\u0459\u0435 \u0438 \u043d\u0430 \u0447\u0438\u0442\u0430\u0446 \u0441\u0432\u0435\u0442 \u043c\u043e\u043b\u0438\u043c \u0441\u0432\u0435 \u0434\u0430 \u0441\u0435 \u043c\u043e\u043b\u0435 \u0411\u043e\u0433\u0443 \u0437\u0430 \u043c\u043e\u0458\u0443 \u043c\u0430\u043b\u0435\u043d\u043a\u043e\u0441\u0442, \u0434\u0430 \u0437\u0430\u0458\u0435\u0434\u043d\u043e, \u0438\u0434\u0443\u045b\u0438 \u043f\u0443\u0442\u0435\u043c \u043a\u043e\u0458\u0438 \u0441\u0443 \u043f\u0440\u043e\u043f\u0443\u0442\u0438\u043b\u0438 \u043d\u0430\u0448\u0438 \u0441\u0432\u0435\u0442\u0438 \u043f\u0440\u0435\u0434\u0430\u0446\u0438 \u0443\u0434\u043e\u0441\u0442\u043e\u0458\u0438\u043c\u043e \u0441\u0435 \u0446\u0430\u0440\u0441\u0442\u0432\u0430 \u043d\u0435\u0431\u0435\u0441\u043a\u043e\u0433 &#8211; \u0440\u0435\u043a\u0430\u043e \u0458\u0435 \u043f\u0430\u0442\u0440\u0438\u0458\u0430\u0440\u0445.<\/div>\n<\/div>\n<\/div>\n<div class=\"embed-responsive embed-responsive-16by9\">\n<div class=\"video-container\"><iframe loading=\"lazy\" src=\"https:\/\/www.youtube.com\/embed\/o0erohL1smE\" width=\"560\" height=\"315\" frameborder=\"0\" allowfullscreen=\"allowfullscreen\" data-mce-fragment=\"1\"><\/iframe><\/div>\n<div>\n<div class=\"single-news mb-2\" data-category=\"#051259\">\n<section class=\"single-news-header\">\n<div class=\"news-info d-flex align-items-center justify-content-between\">\n<div class=\"social-sharing d-flex align-items-center\">\n<div class=\"add-reaction\" data-news-id=\"966368\">\n<div class=\"addthis_inline_share_toolbox addthis_inline_share_toolbox_ijtd\" data-url=\"https:\/\/www.novosti.rs\/c\/vesti\/drustvo\/966368\/nakon-sto-odabran-patrijarha-porfirije-upisao-jednu-knjigu-obisao-grob-irineja-foto\" data-title=\"\u041d\u0410\u041a\u041e\u041d \u0428\u0422\u041e \u0408\u0415 \u041e\u0414\u0410\u0411\u0420\u0410\u041d \u0417\u0410 \u041f\u0410\u0422\u0420\u0418\u0408\u0410\u0420\u0425\u0410: \u041f\u043e\u0440\u0444\u0438\u0440\u0438\u0458\u0435 \u0441\u0435 \u0443\u043f\u0438\u0441\u0430\u043e \u0443 \u0458\u0435\u0434\u043d\u0443 \u043a\u045a\u0438\u0433\u0443 \u0438 \u043e\u0431\u0438\u0448\u0430\u043e \u0433\u0440\u043e\u0431 \u0418\u0440\u0438\u043d\u0435\u0458\u0430 (\u0424\u041e\u0422\u041e)\" data-description=\"\u0421\u0420\u041f\u0421\u041a\u0410 \u043f\u0440\u0430\u0432\u043e\u0441\u043b\u0430\u0432\u043d\u0430 \u0446\u0440\u043a\u0432\u0430 \u0434\u043e\u0431\u0438\u043b\u0430 \u0458\u0435 \u0441\u0432\u043e\u0433 46. \u043f\u043e\u0433\u043b\u0430\u0432\u0430\u0440\u0430 \u0443 \u0441\u0432\u043e\u0458\u043e\u0458 \u0438\u0441\u0442\u043e\u0440\u0438\u0458\u0438 \u0430 \u0443 \u043f\u0438\u0442\u0430\u045a\u0443 \u0458\u0435 \u043c\u0438\u0442\u0440\u043e\u043f\u043e\u043b\u0438\u0442 \u0437\u0430\u0433\u0440\u0435\u0431\u0430\u0447\u043a\u043e-\u0459\u0443\u0431\u0459\u0430\u043d\u0441\u043a\u0438 \u041f\u043e\u0440\u0444\u0438\u0440\u0438\u0458\u0435.\">\n<div id=\"atstbx2\" class=\"at-share-tbx-element addthis-smartlayers addthis-animated at4-show\" role=\"region\" aria-labelledby=\"at-a6cd6d6e-f996-4b43-a421-6fe0a4c57fc0\">\n<div class=\"at-share-btn-elements\"><\/div>\n<\/div>\n<\/div>\n<\/div>\n<\/div>\n<\/div>\n<\/section>\n<\/div>\n<div class=\"row\">\n<div class=\"col-12 col-lg-9 page-content-inner\">\n<div class=\"single-news\" data-category=\"#051259\" data-news-id=\"966368\">\n<section class=\"single-news-header mb-2\">\n<figure class=\"single-news-lead-img img-placeholder size-16-9\"><img decoding=\"async\" title=\"\u041d\u0410\u041a\u041e\u041d \u0428\u0422\u041e \u0408\u0415 \u041e\u0414\u0410\u0411\u0420\u0410\u041d \u0417\u0410 \u041f\u0410\u0422\u0420\u0418\u0408\u0410\u0420\u0425\u0410: \u041f\u043e\u0440\u0444\u0438\u0440\u0438\u0458\u0435 \u0441\u0435 \u0443\u043f\u0438\u0441\u0430\u043e \u0443 \u0458\u0435\u0434\u043d\u0443 \u043a\u045a\u0438\u0433\u0443 \u0438 \u043e\u0431\u0438\u0448\u0430\u043e \u0433\u0440\u043e\u0431 \u0418\u0440\u0438\u043d\u0435\u0458\u0430 (\u0424\u041e\u0422\u041e)\" src=\"https:\/\/www.novosti.rs\/data\/images\/2021-02-18\/66934_dst-3126w_f.jpg?ts=1613664055\" alt=\"\u041d\u0410\u041a\u041e\u041d \u0428\u0422\u041e \u0408\u0415 \u041e\u0414\u0410\u0411\u0420\u0410\u041d \u0417\u0410 \u041f\u0410\u0422\u0420\u0418\u0408\u0410\u0420\u0425\u0410: \u041f\u043e\u0440\u0444\u0438\u0440\u0438\u0458\u0435 \u0441\u0435 \u0443\u043f\u0438\u0441\u0430\u043e \u0443 \u0458\u0435\u0434\u043d\u0443 \u043a\u045a\u0438\u0433\u0443 \u0438 \u043e\u0431\u0438\u0448\u0430\u043e \u0433\u0440\u043e\u0431 \u0418\u0440\u0438\u043d\u0435\u0458\u0430 (\u0424\u041e\u0422\u041e)\" \/><\/p>\n<h2 class=\"image-source\">\u0424\u043e\u0442\u043e: \u0421\u041f\u0426<\/h2>\n<\/figure>\n<h2 class=\"news-description mb-0\" data-category=\"#051259\"><span style=\"color: #000080;\">\u0421\u0420\u041f\u0421\u041a\u0410 \u043f\u0440\u0430\u0432\u043e\u0441\u043b\u0430\u0432\u043d\u0430 \u0446\u0440\u043a\u0432\u0430 \u0434\u043e\u0431\u0438\u043b\u0430 \u0458\u0435 \u0441\u0432\u043e\u0433 46. \u043f\u043e\u0433\u043b\u0430\u0432\u0430\u0440\u0430 \u0443 \u0441\u0432\u043e\u0458\u043e\u0458 \u0438\u0441\u0442\u043e\u0440\u0438\u0458\u0438 \u0430 \u0443 \u043f\u0438\u0442\u0430\u045a\u0443 \u0458\u0435 \u043c\u0438\u0442\u0440\u043e\u043f\u043e\u043b\u0438\u0442 \u0437\u0430\u0433\u0440\u0435\u0431\u0430\u0447\u043a\u043e-\u0459\u0443\u0431\u0459\u0430\u043d\u0441\u043a\u0438 \u041f\u043e\u0440\u0444\u0438\u0440\u0438\u0458\u0435.<\/span><\/h2>\n<\/section>\n<div class=\"single-page-wrapper\">\n<section class=\"single-news-content pb-2\">\u041e\u0434\u043c\u0430\u0445 \u043d\u0430\u043a\u043e\u043d \u043f\u0440\u043e\u0433\u043b\u0430\u0448\u0435\u045a\u0430, \u041f\u043e\u0440\u0444\u0438\u0440\u0438\u0458\u0435 \u0458\u0435 \u043f\u043e\u0441\u0435\u0442\u0438\u043e \u0433\u0440\u043e\u0431 \u0443\u043f\u043e\u043a\u043e\u0458\u0435\u043d\u043e\u0433 \u041f\u0430\u0442\u0440\u0438\u0458\u0430\u0440\u0445\u0430 \u0418\u0440\u0438\u043d\u0435\u0458\u0430, \u043a\u043e\u0458\u0438 \u0441\u0435 \u043d\u0430\u043b\u0430\u0437\u0438 \u0443 \u043a\u0440\u0438\u043f\u0442\u0438 \u0425\u0440\u0430\u043c\u0430 \u0421\u0432\u0435\u0442\u043e\u0433 \u0421\u0430\u0432\u0435 \u043d\u0430 \u0412\u0440\u0430\u0447\u0430\u0440\u0443.\u0422\u0430\u043a\u043e\u0452\u0435, \u0443\u043f\u0438\u0441\u0430\u043e \u0441\u0435 \u0443 \u0421\u043f\u043e\u043c\u0435\u043d \u043a\u045a\u0438\u0433\u0443 \u0443 \u043a\u043e\u0458\u0443 \u0441\u0435 \u0443\u043f\u0438\u0441\u0443\u0458\u0443 \u043f\u043e\u043a\u043b\u043e\u043d\u0438\u0446\u0438 \u0433\u0440\u043e\u0431\u0430 \u043f\u0430\u0442\u0440\u0438\u0458\u0430\u0440\u0445\u0430 \u0418\u0440\u0438\u043d\u0435\u0458\u0430.<\/p>\n<div class=\"gallery-wrapper\">\n<figure class=\"position-relative mb-0\"><img decoding=\"async\" src=\"https:\/\/www.novosti.rs\/data\/images\/2021-02-18\/66926_dst-3136w_f.jpg\" alt=\"\" \/><\/p>\n<p class=\"image-source\">Foto: \u0424\u043e\u0442\u043e: \u0421\u041f\u0426<\/p>\n<\/figure>\n<p class=\"display-gallery d-flex align-items-center \"><span class=\"text-uppercase\">POGLEDAJ GALERIJU<\/span><\/p>\n<\/div>\n<div class=\"embed-responsive embed-responsive-16by9\">\n<div class=\"video-container\"><\/div>\n<\/div>\n<\/section>\n<\/div>\n<\/div>\n<\/div>\n<\/div>\n<div class=\"embed-responsive embed-responsive-16by9\">\n<div class=\"video-container\"><\/div>\n<\/div>\n<div class=\"recommended-news mb-2\">\n<div class=\"row bg-light py-1 py-lg-2\">\n<div class=\"col-12 col-sm-6 mb-0 mb-sm-2\">\n<article class=\"news-item pb-1 mb-1\" data-category=\"#ED2324\"><a class=\"news-item-img mb-1 img-placeholder size-16-9\" title=\"\u041f\u041e\u0420\u0424\u0418\u0420\u0418\u0408\u0415 \u041d\u041e\u0412\u0418 \u041f\u0410\u0422\u0420\u0418\u0408\u0410\u0420\u0425 \u0421\u041f\u0426!\" href=\"https:\/\/www.novosti.rs\/c\/vesti\/drustvo\/966315\/porfirije-novi-patrijarh-spc\"> <img decoding=\"async\" title=\"\u041f\u041e\u0420\u0424\u0418\u0420\u0418\u0408\u0415 \u041d\u041e\u0412\u0418 \u041f\u0410\u0422\u0420\u0418\u0408\u0410\u0420\u0425 \u0421\u041f\u0426!\" src=\"https:\/\/www.novosti.rs\/data\/images\/2021-02-18\/66905_aaaa_t.jpg?ts=1613661143\" alt=\"\u041f\u041e\u0420\u0424\u0418\u0420\u0418\u0408\u0415 \u041d\u041e\u0412\u0418 \u041f\u0410\u0422\u0420\u0418\u0408\u0410\u0420\u0425 \u0421\u041f\u0426!\" \/> <\/a><\/p>\n<div class=\"news-item-data\">\n<h3 class=\"news-item-title mb-0\"><a class=\"d-block\" title=\"\u041f\u041e\u0420\u0424\u0418\u0420\u0418\u0408\u0415 \u041d\u041e\u0412\u0418 \u041f\u0410\u0422\u0420\u0418\u0408\u0410\u0420\u0425 \u0421\u041f\u0426!\" href=\"https:\/\/www.novosti.rs\/c\/vesti\/drustvo\/966315\/porfirije-novi-patrijarh-spc\"> \u041f\u041e\u0420\u0424\u0418\u0420\u0418\u0408\u0415 \u041d\u041e\u0412\u0418 \u041f\u0410\u0422\u0420\u0418\u0408\u0410\u0420\u0425 \u0421\u041f\u0426! <\/a><\/h3>\n<\/div>\n<\/article>\n<\/div>\n<div class=\"col-12 col-sm-6 mb-0 mb-sm-2\">\n<article class=\"news-item pb-1 mb-1\" data-category=\"#ED2324\"><a class=\"news-item-img mb-1 img-placeholder size-16-9\" title=\"\u041f\u0420\u0412\u0415 \u0424\u041e\u0422\u041e\u0413\u0420\u0410\u0424\u0418\u0408\u0415 \u041f\u041e\u0420\u0424\u0418\u0420\u0418\u0408\u0410 \u041a\u0410\u041e \u041f\u0410\u0422\u0420\u0418\u0408\u0410\u0420\u0425\u0410: \u041f\u043e\u0433\u043b\u0435\u0434\u0430\u0458\u0442\u0435 \u0442\u0440\u0435\u043d\u0443\u0442\u0430\u043a \u043a\u0430\u0434\u0430 \u0458\u0435 \u0438\u0437\u0430\u0431\u0440\u0430\u043d \u0443 \u0425\u0440\u0430\u043c\u0443 \u0421\u0432\u0435\u0442\u043e\u0433 \u0421\u0430\u0432\u0435 (\u0424\u041e\u0422\u041e)\" href=\"https:\/\/www.novosti.rs\/c\/vesti\/drustvo\/966364\/prve-fotografije-porfirija-kao-patrijarha-pogledajte-trenutak-kada-izabran-hramu-svetog-save-foto\"> <img decoding=\"async\" title=\"\u041f\u0420\u0412\u0415 \u0424\u041e\u0422\u041e\u0413\u0420\u0410\u0424\u0418\u0408\u0415 \u041f\u041e\u0420\u0424\u0418\u0420\u0418\u0408\u0410 \u041a\u0410\u041e \u041f\u0410\u0422\u0420\u0418\u0408\u0410\u0420\u0425\u0410: \u041f\u043e\u0433\u043b\u0435\u0434\u0430\u0458\u0442\u0435 \u0442\u0440\u0435\u043d\u0443\u0442\u0430\u043a \u043a\u0430\u0434\u0430 \u0458\u0435 \u0438\u0437\u0430\u0431\u0440\u0430\u043d \u0443 \u0425\u0440\u0430\u043c\u0443 \u0421\u0432\u0435\u0442\u043e\u0433 \u0421\u0430\u0432\u0435 (\u0424\u041e\u0422\u041e)\" src=\"https:\/\/www.novosti.rs\/data\/images\/2021-02-18\/66922_dst-3074_t.jpg?ts=1613663367\" alt=\"\u041f\u0420\u0412\u0415 \u0424\u041e\u0422\u041e\u0413\u0420\u0410\u0424\u0418\u0408\u0415 \u041f\u041e\u0420\u0424\u0418\u0420\u0418\u0408\u0410 \u041a\u0410\u041e \u041f\u0410\u0422\u0420\u0418\u0408\u0410\u0420\u0425\u0410: \u041f\u043e\u0433\u043b\u0435\u0434\u0430\u0458\u0442\u0435 \u0442\u0440\u0435\u043d\u0443\u0442\u0430\u043a \u043a\u0430\u0434\u0430 \u0458\u0435 \u0438\u0437\u0430\u0431\u0440\u0430\u043d \u0443 \u0425\u0440\u0430\u043c\u0443 \u0421\u0432\u0435\u0442\u043e\u0433 \u0421\u0430\u0432\u0435 (\u0424\u041e\u0422\u041e)\" \/> <\/a><\/p>\n<div class=\"news-item-data\">\n<h3 class=\"news-item-title mb-0\"><a class=\"d-block\" title=\"\u041f\u0420\u0412\u0415 \u0424\u041e\u0422\u041e\u0413\u0420\u0410\u0424\u0418\u0408\u0415 \u041f\u041e\u0420\u0424\u0418\u0420\u0418\u0408\u0410 \u041a\u0410\u041e \u041f\u0410\u0422\u0420\u0418\u0408\u0410\u0420\u0425\u0410: \u041f\u043e\u0433\u043b\u0435\u0434\u0430\u0458\u0442\u0435 \u0442\u0440\u0435\u043d\u0443\u0442\u0430\u043a \u043a\u0430\u0434\u0430 \u0458\u0435 \u0438\u0437\u0430\u0431\u0440\u0430\u043d \u0443 \u0425\u0440\u0430\u043c\u0443 \u0421\u0432\u0435\u0442\u043e\u0433 \u0421\u0430\u0432\u0435 (\u0424\u041e\u0422\u041e)\" href=\"https:\/\/www.novosti.rs\/c\/vesti\/drustvo\/966364\/prve-fotografije-porfirija-kao-patrijarha-pogledajte-trenutak-kada-izabran-hramu-svetog-save-foto\"> \u041f\u0420\u0412\u0415 \u0424\u041e\u0422\u041e\u0413\u0420\u0410\u0424\u0418\u0408\u0415 \u041f\u041e\u0420\u0424\u0418\u0420\u0418\u0408\u0410 \u041a\u0410\u041e \u041f\u0410\u0422\u0420\u0418\u0408\u0410\u0420\u0425\u0410: \u041f\u043e\u0433\u043b\u0435\u0434\u0430\u0458\u0442\u0435 \u0442\u0440\u0435\u043d\u0443\u0442\u0430\u043a \u043a\u0430\u0434\u0430 \u0458\u0435 \u0438\u0437\u0430\u0431\u0440\u0430\u043d \u0443 \u0425\u0440\u0430\u043c\u0443 \u0421\u0432\u0435\u0442\u043e\u0433 \u0421\u0430\u0432\u0435 (\u0424\u041e\u0422\u041e) <\/a><\/h3>\n<\/div>\n<\/article>\n<\/div>\n<div class=\"col-12 col-sm-6 mb-0 mb-sm-2\">\n<article class=\"news-item pb-1 mb-1\" data-category=\"#ED2324\"><a class=\"news-item-img mb-1 img-placeholder size-16-9\" title=\"\u0417\u0412\u0410\u041d\u0418\u0427\u041d\u041e \u0421\u0410\u041e\u041f\u0428\u0422\u0415\u040a\u0415 \u0421\u041f\u0426: \u041e\u0431\u0458\u0430\u0432\u0459\u0435\u043d \u0442\u0435\u043a\u0441\u0442 \u043e \u043d\u043e\u0432\u043e\u043c \u043f\u0430\u0442\u0440\u0438\u0458\u0430\u0440\u0445\u0443 \u041f\u043e\u0440\u0444\u0438\u0440\u0438\u0458\u0443\" href=\"https:\/\/www.novosti.rs\/c\/vesti\/drustvo\/966352\/zvanicno-saopstenje-spc-objavljen-tekst-novom-patrijarhu-porfiriju\"> <img decoding=\"async\" title=\"\u0417\u0412\u0410\u041d\u0418\u0427\u041d\u041e \u0421\u0410\u041e\u041f\u0428\u0422\u0415\u040a\u0415 \u0421\u041f\u0426: \u041e\u0431\u0458\u0430\u0432\u0459\u0435\u043d \u0442\u0435\u043a\u0441\u0442 \u043e \u043d\u043e\u0432\u043e\u043c \u043f\u0430\u0442\u0440\u0438\u0458\u0430\u0440\u0445\u0443 \u041f\u043e\u0440\u0444\u0438\u0440\u0438\u0458\u0443\" src=\"https:\/\/www.novosti.rs\/data\/images\/2021-02-18\/66916_capture_t.jpg?ts=1613661718\" alt=\"\u0417\u0412\u0410\u041d\u0418\u0427\u041d\u041e \u0421\u0410\u041e\u041f\u0428\u0422\u0415\u040a\u0415 \u0421\u041f\u0426: \u041e\u0431\u0458\u0430\u0432\u0459\u0435\u043d \u0442\u0435\u043a\u0441\u0442 \u043e \u043d\u043e\u0432\u043e\u043c \u043f\u0430\u0442\u0440\u0438\u0458\u0430\u0440\u0445\u0443 \u041f\u043e\u0440\u0444\u0438\u0440\u0438\u0458\u0443\" \/> <\/a><\/p>\n<div class=\"news-item-data\">\n<h3 class=\"news-item-title mb-0\"><a class=\"d-block\" title=\"\u0417\u0412\u0410\u041d\u0418\u0427\u041d\u041e \u0421\u0410\u041e\u041f\u0428\u0422\u0415\u040a\u0415 \u0421\u041f\u0426: \u041e\u0431\u0458\u0430\u0432\u0459\u0435\u043d \u0442\u0435\u043a\u0441\u0442 \u043e \u043d\u043e\u0432\u043e\u043c \u043f\u0430\u0442\u0440\u0438\u0458\u0430\u0440\u0445\u0443 \u041f\u043e\u0440\u0444\u0438\u0440\u0438\u0458\u0443\" href=\"https:\/\/www.novosti.rs\/c\/vesti\/drustvo\/966352\/zvanicno-saopstenje-spc-objavljen-tekst-novom-patrijarhu-porfiriju\"> \u0417\u0412\u0410\u041d\u0418\u0427\u041d\u041e \u0421\u0410\u041e\u041f\u0428\u0422\u0415\u040a\u0415 \u0421\u041f\u0426: \u041e\u0431\u0458\u0430\u0432\u0459\u0435\u043d \u0442\u0435\u043a\u0441\u0442 \u043e \u043d\u043e\u0432\u043e\u043c \u043f\u0430\u0442\u0440\u0438\u0458\u0430\u0440\u0445\u0443 \u041f\u043e\u0440\u0444\u0438\u0440\u0438\u0458\u0443 <\/a><\/h3>\n<\/div>\n<\/article>\n<\/div>\n<div class=\"col-12 col-sm-6 mb-0 mb-sm-2\">\n<article class=\"news-item pb-1 mb-1\" data-category=\"#005B8C\"><a class=\"news-item-img mb-1 img-placeholder size-16-9\" title=\"\u041c\u041d\u041e\u0413\u041e \u041b\u0415\u0422\u0410, \u0412\u0410\u0428\u0410 \u0421\u0412\u0415\u0422\u041e\u0421\u0422\u0418: \u0418\u0437\u0431\u043e\u0440 \u0437\u0430 \u043d\u043e\u0432\u043e\u0433 \u043f\u0430\u0442\u0440\u0438\u0458\u0430\u0440\u0445\u0430 \u0438\u0441\u043f\u0440\u0430\u045b\u0435\u043d \u0438 \u0443 \u0425\u0440\u0432\u0430\u0442\u0441\u043a\u043e\u0458 - \u043e\u0433\u043b\u0430\u0441\u0438\u043b\u0430 \u0441\u0435 \u041c\u0438\u0442\u0440\u043e\u043f\u043e\u043b\u0438\u0458\u0430\" href=\"https:\/\/www.novosti.rs\/c\/planeta\/region\/966346\/mnogo-leta-vasa-svetosti-izbor-novog-patrijarha-ispracen-hrvatskoj-oglasila-mitropolija\"> <img decoding=\"async\" title=\"\u041c\u041d\u041e\u0413\u041e \u041b\u0415\u0422\u0410, \u0412\u0410\u0428\u0410 \u0421\u0412\u0415\u0422\u041e\u0421\u0422\u0418: \u0418\u0437\u0431\u043e\u0440 \u0437\u0430 \u043d\u043e\u0432\u043e\u0433 \u043f\u0430\u0442\u0440\u0438\u0458\u0430\u0440\u0445\u0430 \u0438\u0441\u043f\u0440\u0430\u045b\u0435\u043d \u0438 \u0443 \u0425\u0440\u0432\u0430\u0442\u0441\u043a\u043e\u0458 - \u043e\u0433\u043b\u0430\u0441\u0438\u043b\u0430 \u0441\u0435 \u041c\u0438\u0442\u0440\u043e\u043f\u043e\u043b\u0438\u0458\u0430\" src=\"https:\/\/www.novosti.rs\/data\/images\/2021-02-18\/66908_viber-image-2021-02-18-15-58-52_t.jpg?ts=1613661711\" alt=\"\u041c\u041d\u041e\u0413\u041e \u041b\u0415\u0422\u0410, \u0412\u0410\u0428\u0410 \u0421\u0412\u0415\u0422\u041e\u0421\u0422\u0418: \u0418\u0437\u0431\u043e\u0440 \u0437\u0430 \u043d\u043e\u0432\u043e\u0433 \u043f\u0430\u0442\u0440\u0438\u0458\u0430\u0440\u0445\u0430 \u0438\u0441\u043f\u0440\u0430\u045b\u0435\u043d \u0438 \u0443 \u0425\u0440\u0432\u0430\u0442\u0441\u043a\u043e\u0458 - \u043e\u0433\u043b\u0430\u0441\u0438\u043b\u0430 \u0441\u0435 \u041c\u0438\u0442\u0440\u043e\u043f\u043e\u043b\u0438\u0458\u0430\" \/> <\/a><\/p>\n<div class=\"news-item-data\">\n<h3 class=\"news-item-title mb-0\"><a class=\"d-block\" title=\"\u041c\u041d\u041e\u0413\u041e \u041b\u0415\u0422\u0410, \u0412\u0410\u0428\u0410 \u0421\u0412\u0415\u0422\u041e\u0421\u0422\u0418: \u0418\u0437\u0431\u043e\u0440 \u0437\u0430 \u043d\u043e\u0432\u043e\u0433 \u043f\u0430\u0442\u0440\u0438\u0458\u0430\u0440\u0445\u0430 \u0438\u0441\u043f\u0440\u0430\u045b\u0435\u043d \u0438 \u0443 \u0425\u0440\u0432\u0430\u0442\u0441\u043a\u043e\u0458 - \u043e\u0433\u043b\u0430\u0441\u0438\u043b\u0430 \u0441\u0435 \u041c\u0438\u0442\u0440\u043e\u043f\u043e\u043b\u0438\u0458\u0430\" href=\"https:\/\/www.novosti.rs\/c\/planeta\/region\/966346\/mnogo-leta-vasa-svetosti-izbor-novog-patrijarha-ispracen-hrvatskoj-oglasila-mitropolija\"> &#8222;\u041c\u041d\u041e\u0413\u041e \u041b\u0415\u0422\u0410, \u0412\u0410\u0428\u0410 \u0421\u0412\u0415\u0422\u041e\u0421\u0422\u0418&#8220;: \u0418\u0437\u0431\u043e\u0440 \u0437\u0430 \u043d\u043e\u0432\u043e\u0433 \u043f\u0430\u0442\u0440\u0438\u0458\u0430\u0440\u0445\u0430 \u0438\u0441\u043f\u0440\u0430\u045b\u0435\u043d \u0438 \u0443 \u0425\u0440\u0432\u0430\u0442\u0441\u043a\u043e\u0458 &#8211; \u043e\u0433\u043b\u0430\u0441\u0438\u043b\u0430 \u0441\u0435 \u041c\u0438\u0442\u0440\u043e\u043f\u043e\u043b\u0438\u0458\u0430 <\/a><\/h3>\n<\/div>\n<\/article>\n<\/div>\n<\/div>\n<\/div>\n<div class=\"mobile-app bg-light d-flex flex-wrap justify-content-between p-3 align-items-center\">\n<p class=\"mb-0 text-center\">\n<\/div>\n<\/div>\n<\/div>\n<div class=\"recommended-news mb-2\">\n<div class=\"row bg-light py-1 py-lg-2\"><\/div>\n<\/div>\n<\/section>\n<\/div>\n<\/div>\n<\/div>\n<p>&nbsp;<\/p>\n","protected":false},"excerpt":{"rendered":"<p>Novosti online 18. 02. 2021. \u0443 18:38 \u0424\u043e\u0442\u043e: \u0422\u0412 \u0425\u0440\u0430\u043c \u041f\u0410\u0422\u0420\u0418\u0408\u0410\u0420\u0425 \u041f\u043e\u0440\u0444\u0438\u0440\u0438\u0458\u0435 \u043e\u0431\u0440\u0430\u0442\u0438\u043e \u0441\u0435 \u0432\u0435\u0440\u043d\u0438\u0446\u0438\u043c\u0430 \u043f\u0440\u0432\u0438 \u043f\u0443\u0442 \u043d\u0430\u043a\u043e\u043d \u0441\u0442\u0443\u043f\u0430\u045a\u0430 \u043d\u0430 \u043c\u0435\u0441\u0442\u043e \u043f\u043e\u0433\u043b\u0430\u0432\u0430\u0440\u0430 \u0421\u0440\u043f\u0441\u043a\u0435 \u043f\u0440\u0430\u0432\u043e\u0441\u043b\u0430\u0432\u0435 \u0446\u0440\u043a\u0432\u0435.<\/p>\n","protected":false},"author":2,"featured_media":0,"comment_status":"open","ping_status":"open","sticky":false,"template":"","format":"standard","meta":{"footnotes":""},"categories":[24,34,32],"tags":[],"_links":{"self":[{"href":"https:\/\/srcekrajine.org\/index.php?rest_route=\/wp\/v2\/posts\/23649"}],"collection":[{"href":"https:\/\/srcekrajine.org\/index.php?rest_route=\/wp\/v2\/posts"}],"about":[{"href":"https:\/\/srcekrajine.org\/index.php?rest_route=\/wp\/v2\/types\/post"}],"author":[{"embeddable":true,"href":"https:\/\/srcekrajine.org\/index.php?rest_route=\/wp\/v2\/users\/2"}],"replies":[{"embeddable":true,"href":"https:\/\/srcekrajine.org\/index.php?rest_route=%2Fwp%2Fv2%2Fcomments&post=23649"}],"version-history":[{"count":3,"href":"https:\/\/srcekrajine.org\/index.php?rest_route=\/wp\/v2\/posts\/23649\/revisions"}],"predecessor-version":[{"id":23652,"href":"https:\/\/srcekrajine.org\/index.php?rest_route=\/wp\/v2\/posts\/23649\/revisions\/23652"}],"wp:attachment":[{"href":"https:\/\/srcekrajine.org\/index.php?rest_route=%2Fwp%2Fv2%2Fmedia&parent=23649"}],"wp:term":[{"taxonomy":"category","embeddable":true,"href":"https:\/\/srcekrajine.org\/index.php?rest_route=%2Fwp%2Fv2%2Fcategories&post=23649"},{"taxonomy":"post_tag","embeddable":true,"href":"https:\/\/srcekrajine.org\/index.php?rest_route=%2Fwp%2Fv2%2Ftags&post=23649"}],"curies":[{"name":"wp","href":"https:\/\/api.w.org\/{rel}","templated":true}]}}