{"id":23662,"date":"2021-02-20T14:31:35","date_gmt":"2021-02-20T13:31:35","guid":{"rendered":"https:\/\/srcekrajine.org\/?p=23662"},"modified":"2021-02-20T14:32:06","modified_gmt":"2021-02-20T13:32:06","slug":"general-bratislav-dikic-prva-ispovest-posle-zatvora","status":"publish","type":"post","link":"https:\/\/srcekrajine.org\/?p=23662","title":{"rendered":"General Bratislav Dikic prva ispovest posle zatvora!"},"content":{"rendered":"<div class=\"col-12 col-lg-9 page-content-inner\">\n<div class=\"single-news\" data-category=\"#051259\" data-news-id=\"966905\">\n<section class=\"single-news-header mb-2\">\n<figure class=\"single-news-lead-img img-placeholder size-16-9\">\n<p class=\"image-source\"><strong><em>Pripremio &#8211; S.K.org \/ Novosti \/ Heppy TV<\/em><\/strong><\/p>\n<\/figure>\n<h2 class=\"news-description mb-0\" data-category=\"#051259\">PENZIONISANI general Bratislav Diki\u0107 gostovao je u Jutarnjem programu Hepi TV.<\/h2>\n<p><iframe loading=\"lazy\" title=\"EKSKLUZIVA SVIH EKSKLUZIVA - General Bratislav Dikic otvorio dusu! Prva ispovest posle zatvora!\" width=\"500\" height=\"281\" src=\"https:\/\/www.youtube.com\/embed\/kMKVd89lX8Y?feature=oembed\" frameborder=\"0\" allow=\"accelerometer; autoplay; clipboard-write; encrypted-media; gyroscope; picture-in-picture; web-share\" referrerpolicy=\"strict-origin-when-cross-origin\" allowfullscreen><\/iframe><\/p>\n<\/section>\n<div class=\"single-page-wrapper\">\n<section class=\"single-news-content pb-2\">&#8211; Posle \u010detiri godine i \u010detiri meseca, 1583 dana u Crnoj Gori, od toga 1571 dan u samici i kona\u010dno je do\u0161lo vreme za malo pravde za mene i dugo o\u010dekivana sloboda zahvaljuju\u0107i sudijama Apelacionog suda koji su doneli pravednu i zakonitu odluku &#8211; po\u010deo je general Diki\u0107.<!--more--><\/p>\n<figure class=\"single-news-img\"><img decoding=\"async\" src=\"https:\/\/www.novosti.rs\/data\/images\/2021-02-20\/67555_151744378-177843403813628-9213362460865272328-n_iff.jpg?1613808145\" \/><\/p>\n<p class=\"image-source\">Foto: Printskrin<\/p>\n<\/figure>\n<p>On ka\u017ee da je afera &#8222;dr\u017eavni udar&#8220; obi\u010dna farsa i da se sve zasnivalo na la\u017enoj\u00a0izjavi svedoka saradnika.<\/p>\n<p>&#8211; Meni je pri\u0161ao \u010d\u010dovek u civilu i predstavio se da je policajac i rekao da ima naredbu da me odvede u Centar bezbednosti. Meni to nije predstavljao problem. Ja nisam znao \u0161ta me \u010deka, nisam imao pojma o \u010demu se radi. Do\u0161ao sam turisti\u010dki, privatno u Crnu Goru. Da sam planirao da ne\u0161to radim, do\u0161ao bih preko brda.\u00a0U Centru bezbednosti me je sa\u010dekao Milivoje Katni\u0107 i ponu\u0111eno mi je da to ve\u010de budem oslobo\u0111en, ali da optu\u017eim SPC, neke Ruse, DF i njihove lidere, sa posebnim akcentom na Andriju Mandi\u0107a, a kasnije u januaru je tra\u017eeno da optu\u017eim i Nenada Popovi\u0107a kao &#8222;finansijera&#8220;. Tra\u017eili su da ka\u017eem da je Aleksandar Vu\u010di\u0107 znao za sve i da sam oti\u0161ao po njegovom nalogu u Crnu Goru. Odmah sam to odbio. Katni\u0107 mi je pretio da \u0107e mi &#8222;spakovati&#8220; 15 godina zatvora &#8211; rekao je Diki\u0107.<\/p>\n<div class=\"recommended-news mb-2\">\n<div class=\"row bg-light py-1 py-lg-2\">\n<div class=\"col-12 col-sm-6 mb-0 mb-sm-2\">\n<article class=\"news-item pb-1 mb-1\" data-category=\"#6C6D68\"><a class=\"news-item-img mb-1 img-placeholder size-16-9\" title=\"GENERAL BRATISLAV DIKI\u0106 OTVORIO DU\u0160U: Tra\u017eili su da optu\u017eim Srbiju, Amfilohije mi je bio velika podr\u0161ka\" href=\"https:\/\/www.novosti.rs\/crna-gora\/vesti\/965915\/general-bratislav-dikic-otvorio-dusu-trazili-optuzim-srbiju-amfilohije-bio-velika-podrska\"> <img decoding=\"async\" title=\"GENERAL BRATISLAV DIKI\u0106 OTVORIO DU\u0160U: Tra\u017eili su da optu\u017eim Srbiju, Amfilohije mi je bio velika podr\u0161ka\" src=\"https:\/\/www.novosti.rs\/data\/images\/2021-02-17\/66483_get-thumbs-on-fly-7_t.jpg?ts=1613572512\" alt=\"GENERAL BRATISLAV DIKI\u0106 OTVORIO DU\u0160U: Tra\u017eili su da optu\u017eim Srbiju, Amfilohije mi je bio velika podr\u0161ka\" \/> <\/a><\/p>\n<div class=\"news-item-data\">\n<h3 class=\"news-item-title mb-0\"><a class=\"d-block\" title=\"GENERAL BRATISLAV DIKI\u0106 OTVORIO DU\u0160U: Tra\u017eili su da optu\u017eim Srbiju, Amfilohije mi je bio velika podr\u0161ka\" href=\"https:\/\/www.novosti.rs\/crna-gora\/vesti\/965915\/general-bratislav-dikic-otvorio-dusu-trazili-optuzim-srbiju-amfilohije-bio-velika-podrska\"> GENERAL BRATISLAV DIKI\u0106 OTVORIO DU\u0160U: &#8222;Tra\u017eili su da optu\u017eim Srbiju, Amfilohije mi je bio velika podr\u0161ka&#8220; <\/a><\/h3>\n<\/div>\n<\/article>\n<\/div>\n<div class=\"col-12 col-sm-6 mb-0 mb-sm-2\">\n<article class=\"news-item pb-1 mb-1\" data-category=\"#ED2324\"><a class=\"news-item-img mb-1 img-placeholder size-16-9\" title=\"GENERAL DIKI\u0106 PONOVO U SRBIJI: Na Dan dr\u017eavnosti stigao u otad\u017ebinu!\" href=\"https:\/\/www.novosti.rs\/vesti\/politika\/965405\/general-dikic-ponovo-srbiji-dan-drzavnosti-stigao-otadzbinu\"> <img decoding=\"async\" title=\"GENERAL DIKI\u0106 PONOVO U SRBIJI: Na Dan dr\u017eavnosti stigao u otad\u017ebinu!\" src=\"https:\/\/www.novosti.rs\/data\/images\/2021-02-05\/62703_dikic_t.jpg?ts=1613417923\" alt=\"GENERAL DIKI\u0106 PONOVO U SRBIJI: Na Dan dr\u017eavnosti stigao u otad\u017ebinu!\" \/> <\/a><\/p>\n<div class=\"news-item-data\">\n<h3 class=\"news-item-title mb-0\"><a class=\"d-block\" title=\"GENERAL DIKI\u0106 PONOVO U SRBIJI: Na Dan dr\u017eavnosti stigao u otad\u017ebinu!\" href=\"https:\/\/www.novosti.rs\/vesti\/politika\/965405\/general-dikic-ponovo-srbiji-dan-drzavnosti-stigao-otadzbinu\"> GENERAL DIKI\u0106 PONOVO U SRBIJI: Na Dan dr\u017eavnosti stigao u otad\u017ebinu! <\/a><\/h3>\n<\/div>\n<\/article>\n<\/div>\n<div class=\"col-12 col-sm-6 mb-0 mb-sm-2\">\n<article class=\"news-item pb-1 mb-1\" data-category=\"#6C6D68\"><a class=\"news-item-img mb-1 img-placeholder size-16-9\" title=\"BRATISLAV DIKI\u0106 NA SLOBODI: Prva fotografija srpskog generala\" href=\"https:\/\/www.novosti.rs\/crna-gora\/vesti\/962021\/bratislav-dikic-slobodi-prva-fotografija-srpskog-generala\"> <img decoding=\"async\" title=\"BRATISLAV DIKI\u0106 NA SLOBODI: Prva fotografija srpskog generala\" src=\"https:\/\/www.novosti.rs\/data\/images\/2021-02-05\/62708_viber-image-2021-02-05-16-37-57_t.jpg?ts=1612540570\" alt=\"BRATISLAV DIKI\u0106 NA SLOBODI: Prva fotografija srpskog generala\" \/> <\/a><\/p>\n<div class=\"news-item-data\">\n<h3 class=\"news-item-title mb-0\"><a class=\"d-block\" title=\"BRATISLAV DIKI\u0106 NA SLOBODI: Prva fotografija srpskog generala\" href=\"https:\/\/www.novosti.rs\/crna-gora\/vesti\/962021\/bratislav-dikic-slobodi-prva-fotografija-srpskog-generala\"> BRATISLAV DIKI\u0106 NA SLOBODI: Prva fotografija srpskog generala <\/a><\/h3>\n<\/div>\n<\/article>\n<\/div>\n<div class=\"col-12 col-sm-6 mb-0 mb-sm-2\">\n<article class=\"news-item pb-1 mb-1\" data-category=\"#EA571F\"><a class=\"news-item-img mb-1 img-placeholder size-16-9\" title=\"AFERE MILA \u0110UKANOVI\u0106A: Na vlasti je 30 godina, a ove intrige obele\u017eile su njegovu politi\u010dku karijeru (VIDE)\" href=\"https:\/\/www.novosti.rs\/izbori-u-cg\/vesti\/966790\/afere-mila-djukanovica-vlasti-30-godina-ove-intrige-obelezile-njegovu-politicku-karijeru-vide\"> <img decoding=\"async\" title=\"AFERE MILA \u0110UKANOVI\u0106A: Na vlasti je 30 godina, a ove intrige obele\u017eile su njegovu politi\u010dku karijeru (VIDE)\" src=\"https:\/\/www.novosti.rs\/data\/images\/2020-09-21\/23158_01092020milodjukanovicintervju-2-_t.jpg?ts=1613761219\" alt=\"AFERE MILA \u0110UKANOVI\u0106A: Na vlasti je 30 godina, a ove intrige obele\u017eile su njegovu politi\u010dku karijeru (VIDE)\" \/> <\/a><\/p>\n<div class=\"news-item-data\">\n<h3 class=\"news-item-title mb-0\"><a class=\"d-block\" title=\"AFERE MILA \u0110UKANOVI\u0106A: Na vlasti je 30 godina, a ove intrige obele\u017eile su njegovu politi\u010dku karijeru (VIDE)\" href=\"https:\/\/www.novosti.rs\/izbori-u-cg\/vesti\/966790\/afere-mila-djukanovica-vlasti-30-godina-ove-intrige-obelezile-njegovu-politicku-karijeru-vide\"> AFERE MILA \u0110UKANOVI\u0106A: Na vlasti je 30 godina, a ove intrige obele\u017eile su njegovu politi\u010dku karijeru (VIDE) <\/a><\/h3>\n<\/div>\n<\/article>\n<\/div>\n<\/div>\n<\/div>\n<p>On ka\u017ee da je vlast Mila \u0110ukanovi\u0107a u Crnoj Gori htela da manipuli\u0161e starijim porukama predsednika Vu\u010di\u0107a upu\u0107enim njemu.<\/p>\n<p>&#8211; Tra\u017eio sam poligrafsko testiranje odmah, sem u momentu kad su pretnje pre\u0161le granicu i kad mi je porodica bila napdnuta. Tada sam optu\u017eivao, ali uglavnom sebe, da bih za\u0161titio druge. To je bilo prvih mesec dana. Stupio sam i u \u0161trajk gla\u0111u i \u017ee\u0111u, a bio sam bolestan od raka &#8211; izjavio je general Diki\u0107.<\/p>\n<p>On je najavio da \u0107e napisati i knjigu o aferi &#8222;dr\u017eavni udar&#8220;.<\/p>\n<div class=\"banner w-100 pt-1 pt-md-0 mb-1 text-center\">\n<div class=\"container text-center\">\n<div id=\"InText_1\"><\/div>\n<\/div>\n<\/div>\n<div class=\"banner w-100 pt-1 pt-md-0 mb-1 text-center\">\n<div class=\"container text-center\">\n<div id=\"m.InText_1\"><\/div>\n<\/div>\n<\/div>\n<p>&#8211; Bla\u017eenopo\u010div\u0161i mitropolit Amfilohije je do\u0161ao da me poseti i hvala mu zbog toga. Tu smo imali jedan dobar razgovor, dao mi je veliku podr\u0161ku i dao mi je savet kog sam se pridr\u017eavao i dr\u017eao. Rekao mi je da govorim istinu, samo istinu i da \u0107e me Bog nagraditi pravdom. To je bilo na\u0161 poslednji susret. Nakon nedelju dana po\u010dinje tortura. Obedovao sam stoje\u0107i, du\u0161ek je bio kao sa deponije, sav pocepan. \u017diveo sam bez ikakvih higijenskih uslova, bilo\u00a0 je zabranjeno drugima da komuniciraju sa mnom. Policajcima je bilo \u017eao, pa ponekad ne\u0161to ka\u017eu. Prozor nije dihtovao, grejanja nije bilo. Prvih mesec dana mi nisu dali da se kupam &#8211; ispri\u010dao je Diki\u0107 na ivici suza.<\/p>\n<figure class=\"single-news-img\"><img decoding=\"async\" src=\"https:\/\/www.novosti.rs\/data\/images\/2021-02-20\/67557_151754224-1201526880249886-7025239464956647945-n_iff.jpg?1613809294\" \/><\/p>\n<p class=\"image-source\">Foto: Hepi TV printskrin<\/p>\n<\/figure>\n<p>General navodi da su mu nudili i novac kada su videli da nije pristao na dogovor kojim je trebalo da optu\u017ei nevine ljude u zamenu za svoju slobodu.<\/p>\n<p>&#8211; Nudili su mi 50.000 evra odmah, mojoj porodici da isplate u Srbiji, a ako je potrebno rekli su da \u0107e dati jo\u0161. Nisam prihvatio novac, a onda su po\u010dele pretnje. Govorili su mi da moja porodica nije bezbedna ni u Srbiji. Mojoj \u0107erki je nepoznati mu\u0161karac pri\u0161ao sa le\u0111a, po\u010dupao je za kosu i pretio da moram sara\u0111ivati sa crnogorskim tu\u017eila\u0161tvom. Kada bi mi porodica dolazila u posetu, govorili su da se paze jer Mora\u010da ima mnogo krivina &#8211; ispri\u010dao je Diki\u0107.<\/p>\n<p>On je posebno istakao re\u010di tu\u017eioca Katni\u0107a koji je rekao da \u0107e sve Srbe proterati iz Crne Gore.<\/p>\n<p>&#8211; Taj Katni\u0107 mi je rekao &#8211; Ti brani\u0161 Srbe ovde, ali sve \u0107emo mi njih u autoobuse i proterati pravac u Srbiju kao i svi drugi \u0161to su uradili &#8211; rekao je Diki\u0107.<\/p>\n<\/section>\n<\/div>\n<\/div>\n<\/div>\n","protected":false},"excerpt":{"rendered":"<p>Pripremio &#8211; S.K.org \/ Novosti \/ Heppy TV PENZIONISANI general Bratislav Diki\u0107 gostovao je u Jutarnjem programu Hepi TV. &#8211; Posle \u010detiri godine i \u010detiri meseca, 1583 dana u Crnoj Gori, od toga 1571 dan u samici i kona\u010dno je do\u0161lo vreme za malo pravde za mene i dugo o\u010dekivana sloboda zahvaljuju\u0107i sudijama Apelacionog suda [&hellip;]<\/p>\n","protected":false},"author":2,"featured_media":0,"comment_status":"open","ping_status":"open","sticky":false,"template":"","format":"standard","meta":{"footnotes":""},"categories":[27,12,34,32,36],"tags":[],"_links":{"self":[{"href":"https:\/\/srcekrajine.org\/index.php?rest_route=\/wp\/v2\/posts\/23662"}],"collection":[{"href":"https:\/\/srcekrajine.org\/index.php?rest_route=\/wp\/v2\/posts"}],"about":[{"href":"https:\/\/srcekrajine.org\/index.php?rest_route=\/wp\/v2\/types\/post"}],"author":[{"embeddable":true,"href":"https:\/\/srcekrajine.org\/index.php?rest_route=\/wp\/v2\/users\/2"}],"replies":[{"embeddable":true,"href":"https:\/\/srcekrajine.org\/index.php?rest_route=%2Fwp%2Fv2%2Fcomments&post=23662"}],"version-history":[{"count":2,"href":"https:\/\/srcekrajine.org\/index.php?rest_route=\/wp\/v2\/posts\/23662\/revisions"}],"predecessor-version":[{"id":23664,"href":"https:\/\/srcekrajine.org\/index.php?rest_route=\/wp\/v2\/posts\/23662\/revisions\/23664"}],"wp:attachment":[{"href":"https:\/\/srcekrajine.org\/index.php?rest_route=%2Fwp%2Fv2%2Fmedia&parent=23662"}],"wp:term":[{"taxonomy":"category","embeddable":true,"href":"https:\/\/srcekrajine.org\/index.php?rest_route=%2Fwp%2Fv2%2Fcategories&post=23662"},{"taxonomy":"post_tag","embeddable":true,"href":"https:\/\/srcekrajine.org\/index.php?rest_route=%2Fwp%2Fv2%2Ftags&post=23662"}],"curies":[{"name":"wp","href":"https:\/\/api.w.org\/{rel}","templated":true}]}}