{"id":23708,"date":"2021-03-22T16:11:49","date_gmt":"2021-03-22T15:11:49","guid":{"rendered":"https:\/\/srcekrajine.org\/?p=23708"},"modified":"2021-03-22T16:11:49","modified_gmt":"2021-03-22T15:11:49","slug":"zapecacena-sudbina-mike-aleksica-vestaci-izneli-sud","status":"publish","type":"post","link":"https:\/\/srcekrajine.org\/?p=23708","title":{"rendered":"Zape\u010da\u0107ena sudbina Mike Aleksi\u0107a, ve\u0161taci izneli sud"},"content":{"rendered":"<p>AUTOR: <span class=\"article-author\">Alo.rs\/Tanjug\/I.L. <\/span> DATUM I VREME: 22.03.2021. 14:14<\/p>\n<p class=\"lead mtb20\"><strong>Ve\u0161ta\u010denja devet glumica, \u017ertava vlasnika \u0161kole glume Miroslava Mike Aleksi\u0107a (68) zavr\u0161ena su i potvr\u0111uju verodostojnost i validnost njihovih iskaza u kojima su ga optu\u017eile da ih je silovao ili polno uznemiravao, rekao je Tanjugu punomo\u0107nik nekoliko \u017ertava advokat Jugoslav Tintor.<\/strong><\/p>\n<div id=\"newsContent\" class=\"m-top20 twelvecol\">\n<div class=\"mceNonEditable pluginContainer imagePlugin image-safe fullWidth\" data-image-id=\"328804\">\n<figure class=\"editorPlugin\" title=\"Miroslav Mika Aleksi\u0107\" data-media=\"\/resources\/images\/0000\/328\/804\/asasasasasa_400x0.png\" data-media440=\"\/resources\/images\/0000\/328\/804\/asasasasasa_450x0.png\" data-media900=\"\/resources\/images\/0000\/328\/804\/asasasasasa_1000x0.png\"><img loading=\"lazy\" decoding=\"async\" class=\"editorPlugin\" src=\"https:\/\/www.alo.rs\/resources\/images\/0000\/328\/804\/asasasasasa_1000x0.png\" alt=\"Miroslav Mika Aleksi\u0107\" width=\"1000\" height=\"576\" \/><\/figure>\n<p><span class=\"mceEditable image-plugin-description\">Miroslav Mika Aleksi\u0107, Foto: screenshot<\/span><\/div>\n<p><strong><a class=\"linkInArticle\" href=\"https:\/\/www.alo.rs\/vesti\/hronika\/miki-aleksicu-preti-15-godina-robije-zbog-zlostavljanja-devojaka\/397034\/vest\" target=\"_blank\" rel=\"noopener\">On je ukazao da je \u017ertve ve\u0161ta\u010dila komisija ve\u0161taka neuropsihijatara i prihologa, koja je zaklju\u010dila da su one trpele &#8222;psihi\u010dke patnje visokog itenziteta&#8220;.<\/a><\/strong><\/p>\n<p><!--more--><\/p>\n<p><strong>Aleksi\u0107 se tereti za 19 krivi\u010dnih dela, 11 su polno uznemiravanje i osam silovanja izvr\u0161enih od 2008. do 2020. godine na \u0161tetu ukupno devet o\u0161te\u0107enih, od kojih je jedna bila maloletna.<\/strong><\/p>\n<p>&#8211; Dobili smo nalaze i mi\u0161ljenja, koja se razlikuju od \u017ertve do \u017ertve, ali u su\u0161tini potvr\u0111uju njihove iskaze i poja\u010davaju optu\u017ebu protiv okrivljenog &#8211; naglasio je Tintor, koji zastupa i glumicu Milenu Radulovi\u0107.<\/p>\n<p>Radulovi\u0107 je Aleksi\u0107a prva prijavila policiji u januaru, nakon \u010dega je on uhap\u0161en i od tada se nalazi u pritvoru, a ubrzo su se i druge devojke osmelile da ga prijave. Prema nalazu ve\u0161taka, iskazi devojaka o tome \u0161ta su pre\u017eivele od Aleksi\u0107a, a koje u procesu imaju status o\u0161te\u0107enih, se mogu smatrati potpuno validnim.<\/p>\n<p>Iz ve\u0161ta\u010denja proizlazi da se pona\u0161aju iskreno, da kod njih nema konfalublacije, poreme\u0107anja, mitomanije, pseudologije fantastike&#8230;.<\/p>\n<p>Ukoliko tu\u017eila\u0161tvo ne bude tra\u017eilo izvo\u0111enje jo\u0161 nekih dokaza, istraga bi ovim ve\u0161ta\u010denjem mogla da se okon\u010da, a potom da usledi odluka o podizanju optu\u017enice.<\/p>\n<p>Aleksi\u0107 se tereti za silovanje i polno uznemiravanje devet polaznica te \u0161kole u periodu od 2008. do 2020. godine.<\/p>\n<p>Nalazi se u pritvoru koji mu je produ\u017een 12. marta da ne bi u kratkom roku ponovio krivi\u010dno delo.<\/p>\n<p>Protiv njega je sredinom januara pokrenuta istraga nakon prijave \u0161est devojaka, a u me\u0111uvremenu je dva puta pro\u0161irena po prijavi jo\u0161 tri devojke.<\/p>\n<p><strong>Aleksi\u0107 se tereti za 19 krivi\u010dnih dela, 11 su polno uznemiravanje i osam silovanja izvr\u0161enih od 2008. do 2020. godine na \u0161tetu ukupno devet o\u0161te\u0107enih, od kojih je jedna bila maloletna.<\/strong><\/p>\n<p>Ostale devojke je, kako one tvrde, napadao i dok su bile maloletne i nakon punoletstva.<\/p>\n<p>Aleksi\u0107 je do sada negirao da je seksualno napastvovao u\u010denice glume u svojoj \u0161koli.<\/p>\n<\/div>\n","protected":false},"excerpt":{"rendered":"<p>AUTOR: Alo.rs\/Tanjug\/I.L. DATUM I VREME: 22.03.2021. 14:14 Ve\u0161ta\u010denja devet glumica, \u017ertava vlasnika \u0161kole glume Miroslava Mike Aleksi\u0107a (68) zavr\u0161ena su i potvr\u0111uju verodostojnost i validnost njihovih iskaza u kojima su ga optu\u017eile da ih je silovao ili polno uznemiravao, rekao je Tanjugu punomo\u0107nik nekoliko \u017ertava advokat Jugoslav Tintor. Miroslav Mika Aleksi\u0107, Foto: screenshot On je [&hellip;]<\/p>\n","protected":false},"author":2,"featured_media":0,"comment_status":"open","ping_status":"open","sticky":false,"template":"","format":"standard","meta":{"footnotes":""},"categories":[27,32],"tags":[],"_links":{"self":[{"href":"https:\/\/srcekrajine.org\/index.php?rest_route=\/wp\/v2\/posts\/23708"}],"collection":[{"href":"https:\/\/srcekrajine.org\/index.php?rest_route=\/wp\/v2\/posts"}],"about":[{"href":"https:\/\/srcekrajine.org\/index.php?rest_route=\/wp\/v2\/types\/post"}],"author":[{"embeddable":true,"href":"https:\/\/srcekrajine.org\/index.php?rest_route=\/wp\/v2\/users\/2"}],"replies":[{"embeddable":true,"href":"https:\/\/srcekrajine.org\/index.php?rest_route=%2Fwp%2Fv2%2Fcomments&post=23708"}],"version-history":[{"count":1,"href":"https:\/\/srcekrajine.org\/index.php?rest_route=\/wp\/v2\/posts\/23708\/revisions"}],"predecessor-version":[{"id":23709,"href":"https:\/\/srcekrajine.org\/index.php?rest_route=\/wp\/v2\/posts\/23708\/revisions\/23709"}],"wp:attachment":[{"href":"https:\/\/srcekrajine.org\/index.php?rest_route=%2Fwp%2Fv2%2Fmedia&parent=23708"}],"wp:term":[{"taxonomy":"category","embeddable":true,"href":"https:\/\/srcekrajine.org\/index.php?rest_route=%2Fwp%2Fv2%2Fcategories&post=23708"},{"taxonomy":"post_tag","embeddable":true,"href":"https:\/\/srcekrajine.org\/index.php?rest_route=%2Fwp%2Fv2%2Ftags&post=23708"}],"curies":[{"name":"wp","href":"https:\/\/api.w.org\/{rel}","templated":true}]}}