{"id":23792,"date":"2021-08-04T08:32:37","date_gmt":"2021-08-04T06:32:37","guid":{"rendered":"https:\/\/srcekrajine.org\/?p=23792"},"modified":"2021-08-04T08:40:51","modified_gmt":"2021-08-04T06:40:51","slug":"preminuo-miroslav-lazanski-srce-izdalo-srpskog-ambasadora","status":"publish","type":"post","link":"https:\/\/srcekrajine.org\/?p=23792","title":{"rendered":"\u041f\u0420\u0415\u041c\u0418\u041d\u0423\u041e \u041c\u0418\u0420\u041e\u0421\u041b\u0410\u0412 \u041b\u0410\u0417\u0410\u041d\u0421\u041a\u0418: \u0421\u0440\u0446\u0435 \u0438\u0437\u0434\u0430\u043b\u043e \u0441\u0440\u043f\u0441\u043a\u043e\u0433 \u0430\u043c\u0431\u0430\u0441\u0430\u0434\u043e\u0440\u0430"},"content":{"rendered":"<figure class=\"single-news-lead-img img-placeholder size-16-9\">\n<h2 class=\"news-description pb-3 pt-1 pt-mb-3\">\u0410\u041c\u0411\u0410\u0421\u0410\u0414\u041e\u0420 \u0421\u0440\u0431\u0438\u0458\u0435 \u0443 \u0420\u0443\u0441\u0438\u0458\u0438 \u041c\u0438\u0440\u043e\u0441\u043b\u0430\u0432 \u041b\u0430\u0437\u0430\u043d\u0441\u043a\u0438 \u0438\u0437\u043d\u0435\u043d\u0430\u0434\u0430 \u0458\u0435 \u043f\u0440\u0435\u043c\u0438\u043d\u0443\u043e \u0443 \u0441\u0432\u043e\u0458\u043e\u0458 71. \u0433\u043e\u0434\u0438\u043d\u0438.<\/h2>\n<\/figure>\n<div class=\"banner w-100 mb-1 mb-lg-2 banner-p-2\">\n<div class=\"container text-center\">\n<div class=\"mbox1\">\n<div id=\"m.box_1\">\n<div class=\"banner pt-1 pt-md-0 mb-2 text-center w-100\">\n<div class=\"b1-cls\">\n<div class=\"leaderboard_top\">\n<div id=\"leaderboard_top\">\n<div class=\"single-news mb-3 mt-3\" data-category=\"#051259\">\n<section class=\"single-news-header\">\n<div class=\"news-info d-flex align-items-center justify-content-between mt-lg-3 mb-lg-3 mt-1 mb-1\">\n<div class=\"\">\n<p class=\"date-published\">CK.org &#8211; 03. 08. 2021. \u0443 20:38<\/p>\n<\/div>\n<\/div>\n<\/section>\n<\/div>\n<\/div>\n<\/div>\n<\/div>\n<\/div>\n<div class=\"content\">\n<div class=\"row\">\n<div class=\"col-md-8\">\n<article class=\"single-news\" data-category=\"#FF0000\">\n<div class=\"single-news-header\">\n<figure class=\"single-news-lead-img img-holder mb-1\"><img loading=\"lazy\" decoding=\"async\" class=\"attachment-full size-full wp-post-image\" src=\"https:\/\/objektiv.rs\/wp-content\/uploads\/2021\/08\/miroslav-lazanski.jpg\" sizes=\"(max-width: 1064px) 100vw, 1064px\" srcset=\"https:\/\/objektiv.rs\/wp-content\/uploads\/2021\/08\/miroslav-lazanski.jpg 1064w, https:\/\/objektiv.rs\/wp-content\/uploads\/2021\/08\/miroslav-lazanski-300x221.jpg 300w, https:\/\/objektiv.rs\/wp-content\/uploads\/2021\/08\/miroslav-lazanski-800x590.jpg 800w, https:\/\/objektiv.rs\/wp-content\/uploads\/2021\/08\/miroslav-lazanski-768x567.jpg 768w, https:\/\/objektiv.rs\/wp-content\/uploads\/2021\/08\/miroslav-lazanski-407x300.jpg 407w\" alt=\"\" width=\"1064\" height=\"785\" \/><\/figure>\n<\/div>\n<\/article>\n<\/div>\n<\/div>\n<\/div>\n<\/div>\n<\/div>\n<\/div>\n<\/div>\n<p>\u041b\u0430\u0437\u0430\u043d\u0441\u043a\u0438 \u0458\u0435 \u043f\u0440\u0435\u043c\u0438\u043d\u0443\u043e \u0443 \u0441\u0432\u043e\u043c \u0434\u043e\u043c\u0443 \u0443 \u0411\u0435\u043e\u0433\u0440\u0430\u0434\u0443 \u043e\u0434, \u043a\u0430\u043a\u043e \u043d\u0435\u0437\u0432\u0430\u043d\u0438\u0447\u043d\u043e \u0441\u0430\u0437\u043d\u0430\u0458\u0435\u043c\u043e, \u043f\u043e\u0441\u043b\u0435\u0434\u0438\u0446\u0430 \u0441\u0440\u0447\u0430\u043d\u043e\u0433 \u0443\u0434\u0430\u0440\u0430.<!--more--><\/p>\n<div id=\"primary\" class=\"content-area grid-parent mobile-grid-100 grid-75 tablet-grid-75\"><main id=\"main\" class=\"site-main\"><\/p>\n<article id=\"post-752499\" class=\"post-752499 post type-post status-publish format-standard has-post-thumbnail hentry category-drustvo category-vesti tag-ambasador-srbije-u-rusiji tag-beograd tag-miroslav-lazanski tag-smrt tag-uzrok-smrti widget-news-alo fokus-slajder-fokus widget-news-blic-blic-sidebar widget-news-novosti-novosti feedrss-aklamator-blic\">\n<div class=\"inside-article\">\n<div class=\"entry-content\">\n<p>Ambasador Srbije u Rusiji Miroslav Lazanski iznenada je preminuo u svojoj 71. godini.<\/p>\n<p>Lazanski je preminuo u svom domu u Beogradu od posledica sr\u010danog udara.<\/p>\n<p>Lazanski je ro\u0111en u Karlovcu 1950. godine.<\/p>\n<p>Diplomirao na Pravnom fakultetu u Zagrebu, gde je i zapo\u010deo novinarsku karijeru, prvo u \u201ePolet\u201c-u, kasnije u \u201eVjesniku\u201c, \u201eStartu\u201c, \u201eDanas\u201c-u, \u201ePolitici ekspres\u201c, \u201eNIN-u\u201c, \u201eVe\u010dernjim novostima\u201c (1996-2001). Godine 1991. Lazanski prelazi u \u201ePolitiku\u201c.<\/p>\n<p>Izve\u0161tavao iz Sirije, Somalije, sa Krima, tako\u0111e izve\u0161tavao o ratovima u Avganistanu, \u010ce\u010deniji, Kongu, Iraku, Iranu, Libanu, Jemenu i Libiji\u2026<\/p>\n<\/div>\n<\/div>\n<\/article>\n<p><\/main><\/div>\n","protected":false},"excerpt":{"rendered":"<p>\u0410\u041c\u0411\u0410\u0421\u0410\u0414\u041e\u0420 \u0421\u0440\u0431\u0438\u0458\u0435 \u0443 \u0420\u0443\u0441\u0438\u0458\u0438 \u041c\u0438\u0440\u043e\u0441\u043b\u0430\u0432 \u041b\u0430\u0437\u0430\u043d\u0441\u043a\u0438 \u0438\u0437\u043d\u0435\u043d\u0430\u0434\u0430 \u0458\u0435 \u043f\u0440\u0435\u043c\u0438\u043d\u0443\u043e \u0443 \u0441\u0432\u043e\u0458\u043e\u0458 71. \u0433\u043e\u0434\u0438\u043d\u0438. CK.org &#8211; 03. 08. 2021. \u0443 20:38 \u041b\u0430\u0437\u0430\u043d\u0441\u043a\u0438 \u0458\u0435 \u043f\u0440\u0435\u043c\u0438\u043d\u0443\u043e \u0443 \u0441\u0432\u043e\u043c \u0434\u043e\u043c\u0443 \u0443 \u0411\u0435\u043e\u0433\u0440\u0430\u0434\u0443 \u043e\u0434, \u043a\u0430\u043a\u043e \u043d\u0435\u0437\u0432\u0430\u043d\u0438\u0447\u043d\u043e \u0441\u0430\u0437\u043d\u0430\u0458\u0435\u043c\u043e, \u043f\u043e\u0441\u043b\u0435\u0434\u0438\u0446\u0430 \u0441\u0440\u0447\u0430\u043d\u043e\u0433 \u0443\u0434\u0430\u0440\u0430.<\/p>\n","protected":false},"author":2,"featured_media":0,"comment_status":"open","ping_status":"open","sticky":false,"template":"","format":"standard","meta":{"footnotes":""},"categories":[37,32],"tags":[],"_links":{"self":[{"href":"https:\/\/srcekrajine.org\/index.php?rest_route=\/wp\/v2\/posts\/23792"}],"collection":[{"href":"https:\/\/srcekrajine.org\/index.php?rest_route=\/wp\/v2\/posts"}],"about":[{"href":"https:\/\/srcekrajine.org\/index.php?rest_route=\/wp\/v2\/types\/post"}],"author":[{"embeddable":true,"href":"https:\/\/srcekrajine.org\/index.php?rest_route=\/wp\/v2\/users\/2"}],"replies":[{"embeddable":true,"href":"https:\/\/srcekrajine.org\/index.php?rest_route=%2Fwp%2Fv2%2Fcomments&post=23792"}],"version-history":[{"count":4,"href":"https:\/\/srcekrajine.org\/index.php?rest_route=\/wp\/v2\/posts\/23792\/revisions"}],"predecessor-version":[{"id":23797,"href":"https:\/\/srcekrajine.org\/index.php?rest_route=\/wp\/v2\/posts\/23792\/revisions\/23797"}],"wp:attachment":[{"href":"https:\/\/srcekrajine.org\/index.php?rest_route=%2Fwp%2Fv2%2Fmedia&parent=23792"}],"wp:term":[{"taxonomy":"category","embeddable":true,"href":"https:\/\/srcekrajine.org\/index.php?rest_route=%2Fwp%2Fv2%2Fcategories&post=23792"},{"taxonomy":"post_tag","embeddable":true,"href":"https:\/\/srcekrajine.org\/index.php?rest_route=%2Fwp%2Fv2%2Ftags&post=23792"}],"curies":[{"name":"wp","href":"https:\/\/api.w.org\/{rel}","templated":true}]}}