{"id":24,"date":"2009-04-17T06:33:41","date_gmt":"2009-04-17T04:33:41","guid":{"rendered":"http:\/\/37.251.99.59:5000\/?p=24"},"modified":"2009-04-17T06:33:41","modified_gmt":"2009-04-17T04:33:41","slug":"uhapen-srbin-povratnikglas-srpske","status":"publish","type":"post","link":"https:\/\/srcekrajine.org\/?p=24","title":{"rendered":"Uhap\u0161en Srbin povratnikGlas Srpske"},"content":{"rendered":"<p>Glas Srpske<\/p>\n<p>BEOGRAD &#8211; Hrvatska policije uhapsila je Srbina Bo\u0161ka Pokrajca, zbog sumnje da je navodno za vrijeme rata u Hrvatskoj u op\u0161tini Drni\u0161 ubio starca hrvatske nacionalnosti, rekao je Srni Savo \u0160trbac, direktor beogradskog Dokumentaciono-informativnog centra &#8222;Veritas&#8220;.<\/p>\n<p><img decoding=\"async\" src=\"http:\/\/www.glassrpske.com\/slika\/20253\/200\/130\" border=\"0\" \/> <!--more--> <\/p>\n<p>Pokrajac je uhap\u0161en 2. aprila na grani\u010dnom prelazu Batrovci po povratku iz Hrvatske, nakon \u010dega je preba\u010den u \u0160ibenik, gdje mu je istra\u017eni sudija odredio pritvor, zbog sumnji da je po\u010dinio ratni zlo\u010din protiv civila. <\/p>\n<p>Bo\u0161ko Pokrajac, iz drni\u0161kog sela Pokrajci, sumnji\u010di se da je ubio Hrvata Ivana Duvan\u010di\u0107a, ro\u0111enog 1914. godine, iz susjednog sela Razro\u0111e, a potjernica za njim je raspisana krajem marta ove godine dok je boravio u svom selu, a samo nekoliko dana prije nego \u0161to je uhap\u0161en.<\/p>\n<p>\u0160trbac navodi da je Pokrajac \u010desto odlazio u Hrvatsku, a da je prije hap\u0161enja javio svojim sinovima Sa\u0161i i Slobodanu da je kona\u010dno dobio rje\u0161enje za obnovu ku\u0107e.<\/p>\n<p>\u0160trbac navodi da se Bo\u0161ko Pokrajac nije nalazio ni na jednom spisku osumnji\u010denih, koje tra\u017ei hrvatsko pravosu\u0111e i da je indikativno \u0161to je uhap\u0161en nakon \u0161to je dobio rje\u0161enje za obnovu ku\u0107e, \u0161to zna\u010di da se namjeravao vratiti.<\/p>\n","protected":false},"excerpt":{"rendered":"<p>Glas Srpske BEOGRAD &#8211; Hrvatska policije uhapsila je Srbina Bo\u0161ka Pokrajca, zbog sumnje da je navodno za vrijeme rata u Hrvatskoj u op\u0161tini Drni\u0161 ubio starca hrvatske nacionalnosti, rekao je Srni Savo \u0160trbac, direktor beogradskog Dokumentaciono-informativnog centra &#8222;Veritas&#8220;.<\/p>\n","protected":false},"author":1,"featured_media":0,"comment_status":"open","ping_status":"open","sticky":false,"template":"","format":"standard","meta":{"footnotes":""},"categories":[1],"tags":[],"_links":{"self":[{"href":"https:\/\/srcekrajine.org\/index.php?rest_route=\/wp\/v2\/posts\/24"}],"collection":[{"href":"https:\/\/srcekrajine.org\/index.php?rest_route=\/wp\/v2\/posts"}],"about":[{"href":"https:\/\/srcekrajine.org\/index.php?rest_route=\/wp\/v2\/types\/post"}],"author":[{"embeddable":true,"href":"https:\/\/srcekrajine.org\/index.php?rest_route=\/wp\/v2\/users\/1"}],"replies":[{"embeddable":true,"href":"https:\/\/srcekrajine.org\/index.php?rest_route=%2Fwp%2Fv2%2Fcomments&post=24"}],"version-history":[{"count":0,"href":"https:\/\/srcekrajine.org\/index.php?rest_route=\/wp\/v2\/posts\/24\/revisions"}],"wp:attachment":[{"href":"https:\/\/srcekrajine.org\/index.php?rest_route=%2Fwp%2Fv2%2Fmedia&parent=24"}],"wp:term":[{"taxonomy":"category","embeddable":true,"href":"https:\/\/srcekrajine.org\/index.php?rest_route=%2Fwp%2Fv2%2Fcategories&post=24"},{"taxonomy":"post_tag","embeddable":true,"href":"https:\/\/srcekrajine.org\/index.php?rest_route=%2Fwp%2Fv2%2Ftags&post=24"}],"curies":[{"name":"wp","href":"https:\/\/api.w.org\/{rel}","templated":true}]}}