{"id":27,"date":"2009-04-21T10:00:29","date_gmt":"2009-04-21T08:00:29","guid":{"rendered":"http:\/\/37.251.99.59:5000\/?p=27"},"modified":"2009-04-21T10:00:29","modified_gmt":"2009-04-21T08:00:29","slug":"optunica-za-zloine-nad-srbima","status":"publish","type":"post","link":"https:\/\/srcekrajine.org\/?p=27","title":{"rendered":"Optu\u017enica za zlo\u010dine nad Srbima"},"content":{"rendered":"<p>Dr\u017eavno tu\u017eila\u0161tvo Bosne i Hercegovine podiglo je optu\u017enicu protiv biv\u0161ih pripadniak Petog korpusa BiH za zlo\u010dine nad srpskim civilima. Optu\u017enica ih tereti za ne\u010dove\u010dno postupanje s ratnim zarobljenicima na podru\u010dju Biha\u0107a, Cazina i Bosanskog Petrovca.<\/p>\n<p> <!--more--> <\/p>\n<p>Dr\u017eavno tu\u017eila\u0161tvo podiglo je optu\u017enicu protiv Mehura Selimovi\u0107a, Adila Ru\u017edi\u0107a i Emira Mustafi\u0107a zbog ratnog zlo\u010dina nad srpskim civilima i zarobljenicima u Biha\u0107u, Cazinu i Bosanskom Petrovcu. <\/p>\n<p>Selimovi\u0107, Ru\u017edi\u0107 i Mustafi\u0107, biv\u0161i pripadnici Petog korpusa, optu\u017eeni su da su od 1994. do 1996. godine po\u010dinili zlo\u010din nad zarobljenim civilima srpske nacionalnosti u vi\u0161e objekata na podru\u010dju Biha\u0107a, Cazina i Bosanskog Petrovca. <\/p>\n<p>Prema navodima optu\u017enice, oni su za vreme rata, pod komandom Atifa Dudakovi\u0107a, ne\u010dove\u010dno postupali, namerno nanosili sna\u017eni telesni i du\u0161evni bol ratnim zarobljenicima.<\/p>\n<p>Ratni zarobljenici i civili su, smatra Tu\u017eila\u0161tvo, u ne\u010dove\u010dnim uslovima dr\u017eani u logorima u kasarni &#8222;Adil Be\u0161i\u0107&#8220; i prostorijama civilnog zatvora &#8222;Luke&#8220; u Biha\u0107u, u autoservisu &#8222;Rad&#8220; u Cazinu, kao i drugim objektima, gde su prisiljavani i na &#8222;slu\u017ebu u neprijateljskim oru\u017eanim snagama&#8220;. <\/p>\n<p>U periodu od 1994. do\u00a01996. godine Selimovi\u0107 je bio referent za kontraobave\u0161tajne poslove i zamenik na\u010delnika Odeljenja Slu\u017ebe vojne bezbednosti komande Petog korupsa Armije BiH. Ru\u017eni\u0107 je bio pomo\u0107nik komandanta za bezbednost i operativac Odeljenja slu\u017ebe vojne bezbednosti, dok je Mustafi\u0107 bio vojni policajac pri Petom korpusu Armije BiH. <\/p>\n<p>Selimovi\u0107a, Ru\u017eni\u0107a i Mustafi\u0107a, pripadnici Dr\u017eavne agencije za istrage i za\u0161titu uhapsili su 8. aprila pro\u0161le godine a tri dana kasnije Sud BiH pustio ih je da se brane sa slobode.<\/p>\n<p>Peti korpus Armije BiH bio je jedan od ukupno sedam korpusa te armije. Formiran je na jesen 1992. kod Biha\u0107a a tokom rata borbe je vodio protiv srpskih snaga kao i protiv snaga Fikreta Abdi\u0107a.<\/p>\n<p>PTC-19.\u00a0apr\u00a02009 <\/p>\n<p>\u00a0<\/p>\n","protected":false},"excerpt":{"rendered":"<p>Dr\u017eavno tu\u017eila\u0161tvo Bosne i Hercegovine podiglo je optu\u017enicu protiv biv\u0161ih pripadniak Petog korpusa BiH za zlo\u010dine nad srpskim civilima. Optu\u017enica ih tereti za ne\u010dove\u010dno postupanje s ratnim zarobljenicima na podru\u010dju Biha\u0107a, Cazina i Bosanskog Petrovca.<\/p>\n","protected":false},"author":1,"featured_media":0,"comment_status":"open","ping_status":"open","sticky":false,"template":"","format":"standard","meta":{"footnotes":""},"categories":[1],"tags":[],"_links":{"self":[{"href":"https:\/\/srcekrajine.org\/index.php?rest_route=\/wp\/v2\/posts\/27"}],"collection":[{"href":"https:\/\/srcekrajine.org\/index.php?rest_route=\/wp\/v2\/posts"}],"about":[{"href":"https:\/\/srcekrajine.org\/index.php?rest_route=\/wp\/v2\/types\/post"}],"author":[{"embeddable":true,"href":"https:\/\/srcekrajine.org\/index.php?rest_route=\/wp\/v2\/users\/1"}],"replies":[{"embeddable":true,"href":"https:\/\/srcekrajine.org\/index.php?rest_route=%2Fwp%2Fv2%2Fcomments&post=27"}],"version-history":[{"count":0,"href":"https:\/\/srcekrajine.org\/index.php?rest_route=\/wp\/v2\/posts\/27\/revisions"}],"wp:attachment":[{"href":"https:\/\/srcekrajine.org\/index.php?rest_route=%2Fwp%2Fv2%2Fmedia&parent=27"}],"wp:term":[{"taxonomy":"category","embeddable":true,"href":"https:\/\/srcekrajine.org\/index.php?rest_route=%2Fwp%2Fv2%2Fcategories&post=27"},{"taxonomy":"post_tag","embeddable":true,"href":"https:\/\/srcekrajine.org\/index.php?rest_route=%2Fwp%2Fv2%2Ftags&post=27"}],"curies":[{"name":"wp","href":"https:\/\/api.w.org\/{rel}","templated":true}]}}