{"id":2917,"date":"2013-11-06T18:59:54","date_gmt":"2013-11-06T17:59:54","guid":{"rendered":"https:\/\/srcekrajine.org\/?p=1344"},"modified":"2013-11-06T18:59:54","modified_gmt":"2013-11-06T17:59:54","slug":"zakon-o-prebivalistu-tacka-na-etnicko-ciscenje-srba-2","status":"publish","type":"post","link":"https:\/\/srcekrajine.org\/?p=2917","title":{"rendered":"&#8222;Zakon o prebivali\u0161tu &#8211; ta\u010dka na etni\u010dko \u010di\u0161\u0107enje Srba&#8220;"},"content":{"rendered":"<div><img loading=\"lazy\" decoding=\"async\" alt=\"\" src=\"http:\/\/www.vesti-online.com\/data\/images\/2012-11-17\/280993_oluja_f.jpg?ver=1383722792\" width=\"480\" height=\"290\" \/><\/div>\n<div>Srbi napustilii vekovna ognji\u0161ta posle zlo\u010dina\u010dke akcije &#8222;Oluja&#8220; (Foto-arhiva)<\/div>\n<p>Asocijacija izbegli\u010dkih i drugih udru\u017eenja Srba iz Hrvatske smatra da bi primenom Zakona o prebivali\u0161tu u Hrvatskoj bila stavljena sramna ta\u010dka na provedeno etni\u010dko \u010di\u0161\u0107enje Srba.<br \/>\n<!--more--><br \/>\nPredsjednik Asocijacije Milojko Budimir rekao je Srni da bi trebalo zahtevati od Hrvatske da prolongira primenu Zakona o prebivali\u0161tu do kona\u010dnog re\u0161enja izbegli\u010dke problematike.<\/p>\n<p>U Hrvatskoj je 29. decembra 2012. godine stupio na snagu Zakon o prebivali\u0161tu prema kome gra\u0111anin nadle\u017enoj policijskoj upravi ili stanici mora prijaviti prebivali\u0161te ili boravi\u0161te u kome boravi najmanje tri meseca tokom godine.<\/p>\n<p>&#8222;Ukoliko do\u0111e do primene ovog zakona, bi\u0107e stavljena sramna ta\u010dka na provedeno etni\u010dko \u010di\u0161\u0107enje i to u vreme kada je Hrvatska postala punopravna \u010dlanica EU&#8220;, rekao je Budimir.<\/p>\n<p>On podse\u0107a da je Zakonom predvi\u0111ena procedura brisanja iz evidencije prebivali\u0161ta po slu\u017ebenoj du\u017enosti svih onih za koje se terenskom proverom utvrdi da stvarno ne \u017eive na prijavljenoj adresi.<\/p>\n<p>Iz ovakve procedure izuzete su izbeglice koje su u programu obnove ili stambenog zbrinjavanja, a nekretnina im jo\u0161 nije obnovljena, vra\u0107ena ili nisu na drugi na\u010din stambeno zbrinuti u Hrvatskoj.<\/p>\n<p>&#8222;Te osobe do 29. decembra ove godine ne\u0107e biti podvrgnute policijskoj proveri. Ipak, sve izbeglice, odnosno svi koji na dan dono\u0161enja zakona najmanje godinu dana nisu \u017eiveli na teritoriji Hrvatske, moraju se do 29. decembra javiti u nadle\u017enu policijsku upravu na \u010dijem podru\u010dju imaju prebivali\u0161te i obavestiti policiju o svom boravku izvan Hrvatske&#8220;, ka\u017ee Budimir.<\/p>\n<p>On dodaje da se to mo\u017ee u\u010diniti neposredno u policiji ili putem nadle\u017ene diplomatske misije, odnosno konzularnih predstavni\u0161tava Hrvatske.<\/p>\n<p>Asocijacija izbjegli\u010dkih udru\u017eenja pita gde su u ovoj pri\u010di prognani i izbegli Srbi iz Hrvatske, naprimer oni kojima su oduzeta stanarska prava?<\/p>\n<p>&#8222;Re\u010d je o oko 40.000 biv\u0161ih nosilaca stanarskog prava koji se ne vra\u0107aju po restriktivnim i diskriminatorskim odredbama o stambenom zbrinjavanju, a koji \u0107e primenom ovog zakona biti brisani iz evidencije prebivali\u0161ta u Hrvatskoj&#8220;, ka\u017ee Budimir.<\/p>\n<p>&nbsp;<\/p>\n<p>06. 11. 2013. Srna<\/p>\n","protected":false},"excerpt":{"rendered":"<p>Srbi napustilii vekovna ognji\u0161ta posle zlo\u010dina\u010dke akcije &#8222;Oluja&#8220; (Foto-arhiva) Asocijacija izbegli\u010dkih i drugih udru\u017eenja Srba iz Hrvatske smatra da bi primenom Zakona o prebivali\u0161tu u Hrvatskoj bila stavljena sramna ta\u010dka na provedeno etni\u010dko \u010di\u0161\u0107enje Srba.<\/p>\n","protected":false},"author":2,"featured_media":0,"comment_status":"open","ping_status":"closed","sticky":false,"template":"","format":"standard","meta":{"footnotes":""},"categories":[1],"tags":[],"_links":{"self":[{"href":"https:\/\/srcekrajine.org\/index.php?rest_route=\/wp\/v2\/posts\/2917"}],"collection":[{"href":"https:\/\/srcekrajine.org\/index.php?rest_route=\/wp\/v2\/posts"}],"about":[{"href":"https:\/\/srcekrajine.org\/index.php?rest_route=\/wp\/v2\/types\/post"}],"author":[{"embeddable":true,"href":"https:\/\/srcekrajine.org\/index.php?rest_route=\/wp\/v2\/users\/2"}],"replies":[{"embeddable":true,"href":"https:\/\/srcekrajine.org\/index.php?rest_route=%2Fwp%2Fv2%2Fcomments&post=2917"}],"version-history":[{"count":0,"href":"https:\/\/srcekrajine.org\/index.php?rest_route=\/wp\/v2\/posts\/2917\/revisions"}],"wp:attachment":[{"href":"https:\/\/srcekrajine.org\/index.php?rest_route=%2Fwp%2Fv2%2Fmedia&parent=2917"}],"wp:term":[{"taxonomy":"category","embeddable":true,"href":"https:\/\/srcekrajine.org\/index.php?rest_route=%2Fwp%2Fv2%2Fcategories&post=2917"},{"taxonomy":"post_tag","embeddable":true,"href":"https:\/\/srcekrajine.org\/index.php?rest_route=%2Fwp%2Fv2%2Ftags&post=2917"}],"curies":[{"name":"wp","href":"https:\/\/api.w.org\/{rel}","templated":true}]}}