{"id":2949,"date":"2015-01-30T09:34:13","date_gmt":"2015-01-30T08:34:13","guid":{"rendered":"https:\/\/srcekrajine.org\/?p=2949"},"modified":"2015-01-30T09:34:13","modified_gmt":"2015-01-30T08:34:13","slug":"glavni-momak","status":"publish","type":"post","link":"https:\/\/srcekrajine.org\/?p=2949","title":{"rendered":"Glavni momak"},"content":{"rendered":"<p>Tanjug | 28. 01. 2015.<\/p>\n<p><img loading=\"lazy\" decoding=\"async\" class=\"img_full\" src=\"http:\/\/sport.blic.rs\/data\/images\/2015-01-28\/566189_novak-raonic1-foto-tanjug-ap_f.jpg?ver=1422474978\" alt=\"\" width=\"470\" height=\"270\" \/><\/p>\n<p>U intervjuu za ATP Tur legendarni Nemac je ocenio da, kada se pri\u010da o najboljima, &#8222;treba krenuti od vrha&#8220;.<\/p>\n<p><!--more--><br \/>\n&#8222;Razumem da Rod\u017eer Federer ima mnogobrojne navija\u010de, isto tako i Rafa Nadal, ali, ako \u0107emo iskreno, glavni momak u gradu zove se Novak \u0110okovi\u0107. Ovaj turnir je osvajao ve\u0107 \u010detiri puta, prvi je teniser sveta, i ja mislim da treba krenuti od vrha kada se pri\u010da o najboljima&#8220;, rekao je, izme\u0111u ostalog, Beker.<\/p>\n<div class=\"in_banner flash \"><\/div>\n<p>&#8222;Kada pogledam listu, na njoj je prvi \u0110okovi\u0107 i to ne samo jednu ili dve nedelje. S druge strane, on je ve\u0107 navikao na takav tretman. To je deo teniskog sveta u kojem \u017eivimo. Njemu to vi\u0161e ne smeta, on zna koliko je dobar, i ako pitate nekoga u svla\u010dionici protiv koga nikako ne \u017eelite da igrate mislim da je Novakovo ime na vrhu&#8220;, zaklju\u010dio je Beker u Melburnu, gde \u0110okovi\u0107 juri petu \u0161ampionsku titulu.<br \/>\nSrpski teniser prethodno je na Otvorenom prvenstvu Australije trijumfovao 2008, 2011, 2012 i 2013. godine.<br \/>\nNa ovogodi\u0161njem turniru \u0110okovi\u0107 se plasirao u polufinale savladav\u0161i Kana\u0111anina Milo\u0161a Raoni\u0107a (7:6, 6:4, 6:2), a protivnik u borbi za finale bi\u0107e mu branilac titule, \u0160vajcarac Stanislas Vavrinka.<\/p>\n","protected":false},"excerpt":{"rendered":"<p>Tanjug | 28. 01. 2015. U intervjuu za ATP Tur legendarni Nemac je ocenio da, kada se pri\u010da o najboljima, &#8222;treba krenuti od vrha&#8220;.<\/p>\n","protected":false},"author":2,"featured_media":0,"comment_status":"open","ping_status":"open","sticky":false,"template":"","format":"standard","meta":{"footnotes":""},"categories":[1],"tags":[],"_links":{"self":[{"href":"https:\/\/srcekrajine.org\/index.php?rest_route=\/wp\/v2\/posts\/2949"}],"collection":[{"href":"https:\/\/srcekrajine.org\/index.php?rest_route=\/wp\/v2\/posts"}],"about":[{"href":"https:\/\/srcekrajine.org\/index.php?rest_route=\/wp\/v2\/types\/post"}],"author":[{"embeddable":true,"href":"https:\/\/srcekrajine.org\/index.php?rest_route=\/wp\/v2\/users\/2"}],"replies":[{"embeddable":true,"href":"https:\/\/srcekrajine.org\/index.php?rest_route=%2Fwp%2Fv2%2Fcomments&post=2949"}],"version-history":[{"count":1,"href":"https:\/\/srcekrajine.org\/index.php?rest_route=\/wp\/v2\/posts\/2949\/revisions"}],"predecessor-version":[{"id":2950,"href":"https:\/\/srcekrajine.org\/index.php?rest_route=\/wp\/v2\/posts\/2949\/revisions\/2950"}],"wp:attachment":[{"href":"https:\/\/srcekrajine.org\/index.php?rest_route=%2Fwp%2Fv2%2Fmedia&parent=2949"}],"wp:term":[{"taxonomy":"category","embeddable":true,"href":"https:\/\/srcekrajine.org\/index.php?rest_route=%2Fwp%2Fv2%2Fcategories&post=2949"},{"taxonomy":"post_tag","embeddable":true,"href":"https:\/\/srcekrajine.org\/index.php?rest_route=%2Fwp%2Fv2%2Ftags&post=2949"}],"curies":[{"name":"wp","href":"https:\/\/api.w.org\/{rel}","templated":true}]}}