{"id":2954,"date":"2015-02-02T11:27:48","date_gmt":"2015-02-02T10:27:48","guid":{"rendered":"https:\/\/srcekrajine.org\/?p=2954"},"modified":"2015-02-02T11:27:48","modified_gmt":"2015-02-02T10:27:48","slug":"bil-gejts-sprema-personal-agent-koji-ce-vam-pomoci-da-zapamtite-sve","status":"publish","type":"post","link":"https:\/\/srcekrajine.org\/?p=2954","title":{"rendered":"Bil Gejts sprema Personal Agent koji \u0107e vam pomo\u0107i da zapamtite sve"},"content":{"rendered":"<p><img decoding=\"async\" class=\"news-content-thumb\" src=\"http:\/\/www.benchmark.rs\/assets\/img\/news\/big_thumb\/84c7f7804d49e14f4d59734f8d435824.jpg\" alt=\"\" \/><\/p>\n<p>Bil Gejts se vratio u Microsoft u februaru pro\u0161le godine kada je Satja Nadela postavljen za novog direktora kompanije, ali se od tada vrlo malo \u010dulo o negovom radu u kompaniji. On je nedavno odgovarao na pitanja na Redditu i izneo nekoliko detalja o projektu na kome trenutno radi u Microsoftu, obja\u0161njavaju\u0107i da je njegova ideja da donese Personal Agent u na\u0161e \u017eivote na svim ure\u0111ajima.<\/p>\n<p><!--more--><\/p>\n<p>Iako ovo zaista zvu\u010di kao Cortana, Bil Gejts tvrdi da \u0107e vam njegov novi Personal Agent pomo\u0107i da zapamtite sve, jer \u0107e biti uz vas sve vreme kori\u0161\u0107enja va\u0161eg ure\u0111aja. &#8222;Projekat na kome radim u Microsoftu je Personal Agent. koji \u0107e zapamtiti sve i pomo\u0107i vam da se vratite i prona\u0111ete stvari, a pomo\u0107i \u0107e vam i da odaberete stvari na koje treba da obratite pa\u017enju&#8220; rekao je on. Bil Gejtsov Personal Agent bi tako mogao postati pobolj\u0161ana verzija Cortane, kojoj ne bi trebao nikakav ru\u010dni unos da zapamti stvari, a te zadatke bi mogao da uradi automatski i tako postane li\u010dniji nego ikad. Microsoft \u017eeli da ovako ne\u0161to postane dostupno na svim ure\u0111ajima, \u0161to je zaista veoma optimisti\u010dan plan.<\/p>\n<p><strong>Izvor: Softpedia<\/strong><\/p>\n","protected":false},"excerpt":{"rendered":"<p>Bil Gejts se vratio u Microsoft u februaru pro\u0161le godine kada je Satja Nadela postavljen za novog direktora kompanije, ali se od tada vrlo malo \u010dulo o negovom radu u kompaniji. On je nedavno odgovarao na pitanja na Redditu i izneo nekoliko detalja o projektu na kome trenutno radi u Microsoftu, obja\u0161njavaju\u0107i da je njegova [&hellip;]<\/p>\n","protected":false},"author":1,"featured_media":0,"comment_status":"open","ping_status":"open","sticky":false,"template":"","format":"standard","meta":{"footnotes":""},"categories":[8],"tags":[],"_links":{"self":[{"href":"https:\/\/srcekrajine.org\/index.php?rest_route=\/wp\/v2\/posts\/2954"}],"collection":[{"href":"https:\/\/srcekrajine.org\/index.php?rest_route=\/wp\/v2\/posts"}],"about":[{"href":"https:\/\/srcekrajine.org\/index.php?rest_route=\/wp\/v2\/types\/post"}],"author":[{"embeddable":true,"href":"https:\/\/srcekrajine.org\/index.php?rest_route=\/wp\/v2\/users\/1"}],"replies":[{"embeddable":true,"href":"https:\/\/srcekrajine.org\/index.php?rest_route=%2Fwp%2Fv2%2Fcomments&post=2954"}],"version-history":[{"count":1,"href":"https:\/\/srcekrajine.org\/index.php?rest_route=\/wp\/v2\/posts\/2954\/revisions"}],"predecessor-version":[{"id":2955,"href":"https:\/\/srcekrajine.org\/index.php?rest_route=\/wp\/v2\/posts\/2954\/revisions\/2955"}],"wp:attachment":[{"href":"https:\/\/srcekrajine.org\/index.php?rest_route=%2Fwp%2Fv2%2Fmedia&parent=2954"}],"wp:term":[{"taxonomy":"category","embeddable":true,"href":"https:\/\/srcekrajine.org\/index.php?rest_route=%2Fwp%2Fv2%2Fcategories&post=2954"},{"taxonomy":"post_tag","embeddable":true,"href":"https:\/\/srcekrajine.org\/index.php?rest_route=%2Fwp%2Fv2%2Ftags&post=2954"}],"curies":[{"name":"wp","href":"https:\/\/api.w.org\/{rel}","templated":true}]}}