{"id":2965,"date":"2015-02-03T16:54:52","date_gmt":"2015-02-03T15:54:52","guid":{"rendered":"https:\/\/srcekrajine.org\/?p=2965"},"modified":"2015-02-03T16:54:52","modified_gmt":"2015-02-03T15:54:52","slug":"o-oluji-se-vise-ne-moze-govoriti-kao-zakonitoj-vojnoj-akciji","status":"publish","type":"post","link":"https:\/\/srcekrajine.org\/?p=2965","title":{"rendered":"O Oluji se vi\u0161e ne mo\u017ee govoriti kao zakonitoj vojnoj akciji"},"content":{"rendered":"<p class=\"meta\"><time datetime=\"2015-02-03T15:58:00+01:00\">03.02.2015.<\/time><\/p>\n<p class=\"meta\">Autor: Tanjug,Foto: Tanjug<\/p>\n<aside>\n<div class=\"article_social_interactions cf\">\n<figure><a class=\"img_popup_single\" href=\"http:\/\/images2.kurir.rs\/slika-900x608\/sasa-obradovic-foto-tanjug-pt-1422974628-613636.jpg\"> <img decoding=\"async\" src=\"http:\/\/images2.kurir.rs\/slika-620x419\/sasa-obradovic-foto-tanjug-pt-1422974628-613636.jpg\" alt=\"sa\u0161a obradovi\u0107, foto Tanjug Pt\" \/> <\/a><\/figure>\n<div class=\"clr_fix\">\n<div class=\"std_text_area fontzoom_2\">\n<p>HAG &#8211; \u0160ef srpskog pravnog tima Sa\u0161a Obradovi\u0107 ocenio je danas da je ishod postupka pred Me\u0111unarodnim sudom pravde o\u010dekivan, a da se o operaciji Oluja vi\u0161e ne mo\u017ee govoriti kao o zakonitoj vojnoj akciji hrvatskih snaga.<br \/>\n<!--more--><\/p>\n<aside>\n<div class=\"article_social_interactions cf\">\n<div class=\"clr_fix\">\n<div class=\"std_text_area fontzoom_2\">\n<p>&#8222;Slu\u010daj je zavr\u0161en, postupak koji je trajao 15 godina ostao je za nama, njegov ishod je onakav kakav smo o\u010dekivali. Hrvatska tu\u017eba nema svoj osnov u pravu, to je sud danas zaklju\u010dio&#8220;, rekao je Obradovi\u0107.<\/p>\n<p>Za srpsku kontratu\u017ebu Obradovi\u0107 je rekao da je ona ispunila svoj dvojaki cilj.&#8220;S jedne strane poja\u010dali smo na\u0161u odbranu, s druge strane predstavili smo Me\u0111unarodnom sudu pravde, i on je to danas konstatovao, da su zlo\u010dini tokom operacije Oluja izvr\u0161eni. O operaciji Oluja se vi\u0161e ne mo\u017ee govoriti kao o zakonitoj vojnoj akciji s ciljem oslobo\u0111enja odre\u0111enih teritorija&#8220;, zaklju\u010dio je Obradovi\u0107.<\/p>\n<\/div>\n<\/div>\n<\/div>\n<\/aside>\n<p><!--more--><\/p>\n<\/div>\n<\/div>\n<\/div>\n<\/aside>\n","protected":false},"excerpt":{"rendered":"<p>03.02.2015. Autor: Tanjug,Foto: Tanjug HAG &#8211; \u0160ef srpskog pravnog tima Sa\u0161a Obradovi\u0107 ocenio je danas da je ishod postupka pred Me\u0111unarodnim sudom pravde o\u010dekivan, a da se o operaciji Oluja vi\u0161e ne mo\u017ee govoriti kao o zakonitoj vojnoj akciji hrvatskih snaga.<\/p>\n","protected":false},"author":2,"featured_media":0,"comment_status":"open","ping_status":"open","sticky":false,"template":"","format":"standard","meta":{"footnotes":""},"categories":[1],"tags":[],"_links":{"self":[{"href":"https:\/\/srcekrajine.org\/index.php?rest_route=\/wp\/v2\/posts\/2965"}],"collection":[{"href":"https:\/\/srcekrajine.org\/index.php?rest_route=\/wp\/v2\/posts"}],"about":[{"href":"https:\/\/srcekrajine.org\/index.php?rest_route=\/wp\/v2\/types\/post"}],"author":[{"embeddable":true,"href":"https:\/\/srcekrajine.org\/index.php?rest_route=\/wp\/v2\/users\/2"}],"replies":[{"embeddable":true,"href":"https:\/\/srcekrajine.org\/index.php?rest_route=%2Fwp%2Fv2%2Fcomments&post=2965"}],"version-history":[{"count":1,"href":"https:\/\/srcekrajine.org\/index.php?rest_route=\/wp\/v2\/posts\/2965\/revisions"}],"predecessor-version":[{"id":2966,"href":"https:\/\/srcekrajine.org\/index.php?rest_route=\/wp\/v2\/posts\/2965\/revisions\/2966"}],"wp:attachment":[{"href":"https:\/\/srcekrajine.org\/index.php?rest_route=%2Fwp%2Fv2%2Fmedia&parent=2965"}],"wp:term":[{"taxonomy":"category","embeddable":true,"href":"https:\/\/srcekrajine.org\/index.php?rest_route=%2Fwp%2Fv2%2Fcategories&post=2965"},{"taxonomy":"post_tag","embeddable":true,"href":"https:\/\/srcekrajine.org\/index.php?rest_route=%2Fwp%2Fv2%2Ftags&post=2965"}],"curies":[{"name":"wp","href":"https:\/\/api.w.org\/{rel}","templated":true}]}}